{"id":133911,"date":"2026-01-05T08:46:10","date_gmt":"2026-01-05T08:46:10","guid":{"rendered":"https:\/\/www.europesays.com\/fi\/133911\/"},"modified":"2026-01-05T08:46:10","modified_gmt":"2026-01-05T08:46:10","slug":"hae-imatran-vuoden-2026-somelahettilaaksi","status":"publish","type":"post","link":"https:\/\/www.europesays.com\/fi\/133911\/","title":{"rendered":"Hae Imatran vuoden 2026 somel\u00e4hettil\u00e4\u00e4ksi"},"content":{"rendered":"<p>Fanitatko Imatraa? Haluaisitko kertoa siit\u00e4 my\u00f6s muille? Imatran l\u00e4hettil\u00e4shaku vuodelle 2026 aukeaa 5.1.2026.<\/p>\n<p>Imatran kaupunki etsii innostuneita ja luovia Imatra-faneja, jotka haluavat tuoda omalla tavallaan ja persoonallaan esiin Imatran hyvi\u00e4 puolia ja omia suosikkejaan sosiaalisessa mediassa.\u00a0<\/p>\n<p>Kaupungin digimarkkinoinnin asiantuntijan <strong>Noora Ikosen<\/strong> mukaan haussa ovat sosiaalisessa mediassa aktiiviset ihmiset, joilla on sitoutunut seuraajakunta.\u00a0<\/p>\n<p>\u2013 Seuraajam\u00e4\u00e4r\u00e4 ei ratkaise, vaan aktiivisuus ja vuorovaikutus. Hakemamme sosiaalisen median vaikuttajan ei v\u00e4ltt\u00e4m\u00e4tt\u00e4 tarvitse asua Imatralla, mutta hyv\u00e4 Imatra-suhde tulee tietenkin olla. Hakija voi esimerkiksi vierailla Imatralla s\u00e4\u00e4nn\u00f6llisesti. Persoonallinen ote on valttia, Ikonen kertoo.\u00a0<\/p>\n<p>Yhteisty\u00f6kumppanuudesta l\u00e4hettil\u00e4s saa 500\u20132000 euron palkkion, jolla h\u00e4n sitoutuu vuoden kest\u00e4v\u00e4\u00e4n kumppanuuteen. Lis\u00e4ksi l\u00e4hettil\u00e4s saa Imatra-paketin, apua sis\u00e4lt\u00f6jen suunnitteluun ja n\u00e4kyvyytt\u00e4 omille sosiaalisen median tileilleen.\u00a0<\/p>\n<p>Haku Imatran sosiaalisen median l\u00e4hettil\u00e4\u00e4ksi on auki 25.1.2026 saakka. Hakulomake l\u00f6ytyy <a href=\"https:\/\/link.webropolsurveys.com\/Participation\/Public\/94247c03-8048-4926-8a5b-4f71b8e9a3b6?displayId=Fin3545608\" target=\"_blank\" rel=\"nofollow noopener\">t\u00e4st\u00e4<\/a>.\u00a0<\/p>\n<p>Lis\u00e4tietoja:\u00a0<\/p>\n<p>digimarkkinoinnin asiantuntija Noora Ikonen, noora.ikonen<img decoding=\"async\" class=\"spamspan-image\" alt=\"at\" src=\"https:\/\/www.europesays.com\/fi\/wp-content\/uploads\/2025\/08\/image.gif\"\/>imatra.fi (noora[dot]ikonen[at]imatra[dot]fi), p. 020 617 1002\u00a0<\/p>\n","protected":false},"excerpt":{"rendered":"Fanitatko Imatraa? Haluaisitko kertoa siit\u00e4 my\u00f6s muille? Imatran l\u00e4hettil\u00e4shaku vuodelle 2026 aukeaa 5.1.2026. Imatran kaupunki etsii innostuneita ja&hellip;\n","protected":false},"author":2,"featured_media":133912,"comment_status":"","ping_status":"","sticky":false,"template":"","format":"standard","meta":{"footnotes":""},"categories":[5],"tags":[22,23,26,27,33,31,30,17,24,25,28,29,15,18,21,32,19,20,16],"class_list":{"0":"post-133911","1":"post","2":"type-post","3":"status-publish","4":"format-standard","5":"has-post-thumbnail","7":"category-otsikot","8":"tag-breaking-news","9":"tag-breakingnews","10":"tag-featured-news","11":"tag-featurednews","12":"tag-fi","13":"tag-finland","14":"tag-finnish","15":"tag-headlines","16":"tag-latest-news","17":"tag-latestnews","18":"tag-main-news","19":"tag-mainnews","20":"tag-news","21":"tag-otsikot","22":"tag-paauutiset","23":"tag-suomi","24":"tag-top-stories","25":"tag-topstories","26":"tag-uutiset"},"share_on_mastodon":{"url":"https:\/\/pubeurope.com\/@fi\/115841622674062257","error":""},"_links":{"self":[{"href":"https:\/\/www.europesays.com\/fi\/wp-json\/wp\/v2\/posts\/133911","targetHints":{"allow":["GET"]}}],"collection":[{"href":"https:\/\/www.europesays.com\/fi\/wp-json\/wp\/v2\/posts"}],"about":[{"href":"https:\/\/www.europesays.com\/fi\/wp-json\/wp\/v2\/types\/post"}],"author":[{"embeddable":true,"href":"https:\/\/www.europesays.com\/fi\/wp-json\/wp\/v2\/users\/2"}],"replies":[{"embeddable":true,"href":"https:\/\/www.europesays.com\/fi\/wp-json\/wp\/v2\/comments?post=133911"}],"version-history":[{"count":0,"href":"https:\/\/www.europesays.com\/fi\/wp-json\/wp\/v2\/posts\/133911\/revisions"}],"wp:featuredmedia":[{"embeddable":true,"href":"https:\/\/www.europesays.com\/fi\/wp-json\/wp\/v2\/media\/133912"}],"wp:attachment":[{"href":"https:\/\/www.europesays.com\/fi\/wp-json\/wp\/v2\/media?parent=133911"}],"wp:term":[{"taxonomy":"category","embeddable":true,"href":"https:\/\/www.europesays.com\/fi\/wp-json\/wp\/v2\/categories?post=133911"},{"taxonomy":"post_tag","embeddable":true,"href":"https:\/\/www.europesays.com\/fi\/wp-json\/wp\/v2\/tags?post=133911"}],"curies":[{"name":"wp","href":"https:\/\/api.w.org\/{rel}","templated":true}]}}