{"id":133913,"date":"2026-01-05T08:47:07","date_gmt":"2026-01-05T08:47:07","guid":{"rendered":"https:\/\/www.europesays.com\/fi\/133913\/"},"modified":"2026-01-05T08:47:07","modified_gmt":"2026-01-05T08:47:07","slug":"paukkupakkaset-auttavat-saimaannorppaa-mutta-lunta-tarvittaisiin-lisaa-etela-savo","status":"publish","type":"post","link":"https:\/\/www.europesays.com\/fi\/133913\/","title":{"rendered":"Paukkupakkaset auttavat saimaannorppaa, mutta lunta tarvittaisiin lis\u00e4\u00e4 | Etel\u00e4-Savo"},"content":{"rendered":"<p class=\"aw-1gybjub aw-5vja16 kEtdKx kmuxyA yle__article__paragraph\">Viime vuonna saimaannorpan pesint\u00e4\u00e4 tukevia apukinoksia kolattiin enn\u00e4tysm\u00e4\u00e4r\u00e4, vaikka talvi oli kuluvan talven tapaan v\u00e4h\u00e4luminen.<\/p>\n<p><img decoding=\"async\" alt=\"Kolme ihmist\u00e4 kolaa lunta j\u00e4rvelt\u00e4 kallioiselle rannalle isoon kinokseen.\" src=\"https:\/\/www.europesays.com\/fi\/wp-content\/uploads\/2026\/01\/39-122931965a7da656b4c5.jpeg\" class=\"aw-1l9m598 hKVVvP\"\/><\/p>\n<p>Avaa kuvien katselu<\/p>\n<p>Apukinosten kolaamista saimaannorpille Saimaan Pihlajavedell\u00e4 tammikuussa 2024. Kuva: Saara-Miira Kokkonen \/ Yle<\/p>\n<p class=\"aw-1gybjub aw-1p7kakr kEtdKx cEmitX yle__article__paragraph\">Leuto alkutalvi ei viel\u00e4 aiheuta huolta saimaannorpan pesinn\u00e4n onnistumisesta. N\u00e4in kertoo Mets\u00e4hallituksen luontopalveluiden luonnonsuojelun erityisasiantuntija <strong class=\"aw-ak79eh KyCXm yle__article__strong\">Riikka Alakoski<\/strong>.<\/p>\n<p class=\"aw-1gybjub aw-1p7kakr kEtdKx cEmitX yle__article__paragraph\">WWF:n ja Suomen luonnonsuojeluliiton vapaaehtoiset alkavat kolata apukinoksia saimaannorpan pesimist\u00e4 varten yleens\u00e4 tammikuussa, mutta toisinaan kolausten aloitus on viiv\u00e4stynyt helmikuuhunkin asti.<\/p>\n<p class=\"aw-1gybjub aw-1p7kakr kEtdKx cEmitX yle__article__paragraph\">Mets\u00e4hallitus koordinoi kolauksia.<\/p>\n<p class=\"aw-1gybjub aw-1p7kakr kEtdKx cEmitX yle__article__paragraph\">\u2013 Alkutalvihan n\u00e4ytti tosi surkealta, kun oli niin lauhaa, mutta nyt on ollut kovia pakkasia ja j\u00e4rvi on p\u00e4\u00e4ssyt j\u00e4\u00e4tym\u00e4\u00e4n, niin nyt n\u00e4ytt\u00e4\u00e4 jo paljon paremmalta, Alakoski sanoo.<\/p>\n<p class=\"aw-1gybjub aw-1p7kakr kEtdKx cEmitX yle__article__paragraph\"><a class=\"aw-iao6s4 iHOxEa yle__article__link\" href=\"https:\/\/yle.fi\/a\/74-20144388\" role=\"link\" rel=\"nofollow noopener\" target=\"_blank\">Viime vuonna saimaannorpille kolattiin enn\u00e4tyksellisesti yli 300 kinosta<\/a>, vaikka <a class=\"aw-iao6s4 iHOxEa yle__article__link\" href=\"https:\/\/yle.fi\/a\/74-20138736\" role=\"link\" rel=\"nofollow noopener\" target=\"_blank\">talvi oli kuluvan talven tapaan v\u00e4h\u00e4luminen<\/a>. Alakoski kiitteleekin vapaaehtoisten ahkeruutta.<\/p>\n<p class=\"aw-1gybjub aw-1p7kakr kEtdKx cEmitX yle__article__paragraph\">H\u00e4n kertoo, ett\u00e4 t\u00e4n\u00e4kin talvena on tarkoitus kolata yli kaksisataa apukinosta.<\/p>\n<p class=\"aw-1gybjub aw-1p7kakr kEtdKx cEmitX yle__article__paragraph\">Apukinosten kolaaminen aloitettiin vuonna 2014 ja niihin on syntynyt vuosien aikana yli 300 kuuttia.<\/p>\n<p class=\"aw-1gybjub aw-1p7kakr kEtdKx cEmitX yle__article__paragraph\"><strong class=\"aw-ak79eh KyCXm yle__article__strong\">Saimaannorpan pes\u00e4ss\u00e4 on useita eri onkaloita:<\/strong><\/p>\n<p>Kuvaus: Niko Mannonen \/ Yle , editointi: Marja V\u00e4\u00e4n\u00e4nen \/ YleKymmeni\u00e4 keinopesi\u00e4<\/p>\n<p class=\"aw-1gybjub aw-1p7kakr kEtdKx cEmitX yle__article__paragraph\">Apukinosten lis\u00e4ksi saimaannorpille on tehty keinopesi\u00e4. <a class=\"aw-iao6s4 iHOxEa yle__article__link\" href=\"https:\/\/yle.fi\/a\/3-10206253\" role=\"link\" rel=\"nofollow noopener\" target=\"_blank\">Ensimm\u00e4inen kuutti syntyi keinopes\u00e4\u00e4n vuonna 2018<\/a>.<\/p>\n<p class=\"aw-1gybjub aw-1p7kakr kEtdKx cEmitX yle__article__paragraph\">Viime vuonna Saimaalla oli nelisenkymment\u00e4 keinopes\u00e4\u00e4 ja niihin syntyi seitsem\u00e4n kuuttia.<\/p>\n<p class=\"aw-1gybjub aw-1p7kakr kEtdKx cEmitX yle__article__paragraph\">Alakoski kertoo, ett\u00e4 osa norpista palaa pesim\u00e4\u00e4n samaan keinopes\u00e4\u00e4n, vaikka sen paikkaa muutettaisiinkin.<\/p>\n<p class=\"aw-1gybjub aw-1p7kakr kEtdKx cEmitX yle__article__paragraph\">Keinopes\u00e4t asetetaan Saimaalle syksyll\u00e4 tai talven aikana ja ker\u00e4t\u00e4\u00e4n kes\u00e4n ajaksi maalle.<\/p>\n","protected":false},"excerpt":{"rendered":"Viime vuonna saimaannorpan pesint\u00e4\u00e4 tukevia apukinoksia kolattiin enn\u00e4tysm\u00e4\u00e4r\u00e4, vaikka talvi oli kuluvan talven tapaan v\u00e4h\u00e4luminen. Avaa kuvien katselu&hellip;\n","protected":false},"author":2,"featured_media":133914,"comment_status":"","ping_status":"","sticky":false,"template":"","format":"standard","meta":{"footnotes":""},"categories":[117],"tags":[1302,184,33,31,30,71,961,72,1847,476,1002,5186,118,32,119,477,1669],"class_list":{"0":"post-133913","1":"post","2":"type-post","3":"status-publish","4":"format-standard","5":"has-post-thumbnail","7":"category-luonto","8":"tag-etela-karjala","9":"tag-etela-savo","10":"tag-fi","11":"tag-finland","12":"tag-finnish","13":"tag-kotimaa","14":"tag-luonnonsuojelu","15":"tag-luonto","16":"tag-metsahallitus","17":"tag-nature","18":"tag-saimaa","19":"tag-saimaannorppa","20":"tag-science","21":"tag-suomi","22":"tag-tiede","23":"tag-wildlife","24":"tag-wwf"},"share_on_mastodon":{"url":"https:\/\/pubeurope.com\/@fi\/115841626462095307","error":""},"_links":{"self":[{"href":"https:\/\/www.europesays.com\/fi\/wp-json\/wp\/v2\/posts\/133913","targetHints":{"allow":["GET"]}}],"collection":[{"href":"https:\/\/www.europesays.com\/fi\/wp-json\/wp\/v2\/posts"}],"about":[{"href":"https:\/\/www.europesays.com\/fi\/wp-json\/wp\/v2\/types\/post"}],"author":[{"embeddable":true,"href":"https:\/\/www.europesays.com\/fi\/wp-json\/wp\/v2\/users\/2"}],"replies":[{"embeddable":true,"href":"https:\/\/www.europesays.com\/fi\/wp-json\/wp\/v2\/comments?post=133913"}],"version-history":[{"count":0,"href":"https:\/\/www.europesays.com\/fi\/wp-json\/wp\/v2\/posts\/133913\/revisions"}],"wp:featuredmedia":[{"embeddable":true,"href":"https:\/\/www.europesays.com\/fi\/wp-json\/wp\/v2\/media\/133914"}],"wp:attachment":[{"href":"https:\/\/www.europesays.com\/fi\/wp-json\/wp\/v2\/media?parent=133913"}],"wp:term":[{"taxonomy":"category","embeddable":true,"href":"https:\/\/www.europesays.com\/fi\/wp-json\/wp\/v2\/categories?post=133913"},{"taxonomy":"post_tag","embeddable":true,"href":"https:\/\/www.europesays.com\/fi\/wp-json\/wp\/v2\/tags?post=133913"}],"curies":[{"name":"wp","href":"https:\/\/api.w.org\/{rel}","templated":true}]}}