{"id":133917,"date":"2026-01-05T09:05:08","date_gmt":"2026-01-05T09:05:08","guid":{"rendered":"https:\/\/www.europesays.com\/fi\/133917\/"},"modified":"2026-01-05T09:05:08","modified_gmt":"2026-01-05T09:05:08","slug":"nuoret-leijonat-supertahdilta-painavaa-puhetta-paavalmentajasta-2","status":"publish","type":"post","link":"https:\/\/www.europesays.com\/fi\/133917\/","title":{"rendered":"Nuoret Leijonat: supert\u00e4hdilt\u00e4 painavaa puhetta p\u00e4\u00e4valmentajasta"},"content":{"rendered":"<p>Nuorten Leijonien t\u00e4hdill\u00e4 oli sanottavaa.<\/p>\n<p class=\"article-body mb-nof-24 px-nof-16\">Saint Paul<\/p>\n<p class=\"article-body mb-nof-24 px-nof-16\">Nuorten Leijonien p\u00e4\u00e4valmentaja<a class=\"font-bold underline-offset-[0.12em] [text-decoration:var(--person-link-text-decoration)] ![text-decoration-color:var(--person-link-text-decoration-color)]\" href=\"https:\/\/www.is.fi\/haku\/?query=%20Lauri%20Mikkola\" rel=\"nofollow noopener\" target=\"_blank\"> Lauri Mikkola<\/a> oli l\u00e4hell\u00e4 luotsata joukkueensa toista kertaa putkeen MM-finaaliin.<\/p>\n<p class=\"article-body mb-nof-24 px-nof-16\">Ruotsi voitti v\u00e4lier\u00e4n vasta rangaistuslaukauskisassa.<\/p>\n<p class=\"article-body mb-nof-24 px-nof-16\">Mikkola on valmentanut Nuoret Leijonat kolme kertaa per\u00e4kk\u00e4in mitalipeleihin. Toistaiseksi saldona on yksi hopeamitali, ja maanantaina Suomi voi napata pronssia.<\/p>\n<p class=\"article-body mb-nof-24 px-nof-16\">Koko p\u00e4\u00e4valmentajaurakkansa aikana Mikkolaa on ep\u00e4ilty, Nuorten Leijonien avainpelaajien mukaan liikaakin.<\/p>\n<p class=\"article-body mb-nof-24 px-nof-16\">\u2013 Tuloksia t\u00e4ytyy kunnioittaa. Ja jos katsoo, millaisia tuloksia Late on kolmen viime vuoden aikana saavuttanut, se on oikeasti kova suoritus, kapteeni <a class=\"font-bold underline-offset-[0.12em] [text-decoration:var(--person-link-text-decoration)] ![text-decoration-color:var(--person-link-text-decoration-color)]\" href=\"https:\/\/www.is.fi\/haku\/?query=Aron%20Kiviharju\" rel=\"nofollow noopener\" target=\"_blank\">Aron Kiviharju <\/a>sanoo.<\/p>\n<p class=\"article-body mb-nof-24 px-nof-16\">Kiviharju kertoo nauttineensa Mikkolan alaisuudessa pelaamisesta.<\/p>\n<p class=\"article-body mb-nof-24 px-nof-16\">\u2013 H\u00e4n on eritt\u00e4in hyv\u00e4 valmentaja. T\u00e4ytyy toki sanoa, etten tied\u00e4, millainen h\u00e4n on seurajoukkueessa, Kiviharju sanoo.<\/p>\n<p class=\"article-body mb-nof-24 px-nof-16\">\u2013 Jos h\u00e4n on v\u00e4h\u00e4nk\u00e4\u00e4n sellainen kuin t\u00e4\u00e4ll\u00e4, niin h\u00e4nest\u00e4 tulee pidetty ja menestynyt valmentaja.<\/p>\n<p class=\"article-body mb-nof-24 px-nof-16\">Kiviharju l\u00e4hetti viestin suomalaisille toimittajille.<\/p>\n<p class=\"article-body mb-nof-24 px-nof-16\">\u2013 Voisin antaa medialle kritiikki\u00e4 siit\u00e4, ett\u00e4 hieman armollisempi voisi olla valmentajia kohtaan. Ei kukaan ulkopuolella voi tiet\u00e4\u00e4, mit\u00e4 kulissien takana tapahtuu, h\u00e4n sanoo.<\/p>\n<p class=\"article-body mb-nof-24 px-nof-16\">Kiviharju luettelee esimerkkej\u00e4.<\/p>\n<p class=\"article-body mb-nof-24 px-nof-16\">\u2013 Millainen on valmentajan vuorovaikutus pelaajien kanssa? Millainen on h\u00e4nen suhteensa pelaajiin? Onko joukkueessa joku toksinen pelaaja, joka kenties sy\u00f6vytt\u00e4\u00e4 h\u00e4nen asemaansa?<\/p>\n<p class=\"article-body mb-nof-24 px-nof-16\">\u2013 T\u00e4llaisia asioita voi olla l\u00e4sn\u00e4.<\/p>\n<p class=\"article-body mb-nof-24 px-nof-16\">My\u00f6s t\u00e4htivahti<a class=\"font-bold underline-offset-[0.12em] [text-decoration:var(--person-link-text-decoration)] ![text-decoration-color:var(--person-link-text-decoration-color)]\" href=\"https:\/\/www.is.fi\/haku\/?query=%20Petteri%20Rimpinen\" rel=\"nofollow noopener\" target=\"_blank\"> Petteri Rimpinen <\/a>kehui Mikkolaa.<\/p>\n<p class=\"article-body mb-nof-24 px-nof-16\">\u2013 Eik\u00f6h\u00e4n h\u00e4n ole hiljent\u00e4nyt aivan kaikki, Rimpinen sanoi.<\/p>\n<p class=\"article-body mb-nof-24 px-nof-16\">\u2013 H\u00e4n on osoittanut minulle n\u00e4iden kahden vuoden aikana, kuinka hieno ihminen ja valmentaja h\u00e4n on.<\/p>\n<p><img decoding=\"async\" src=\"https:\/\/www.europesays.com\/fi\/wp-content\/uploads\/2026\/01\/1767600788_108_468.jpg\" alt=\"Nuoret Leijonat on menestynyt hyvin viime aikoina.\" class=\"_Img_1rerz_1\" style=\"aspect-ratio:1.5\" loading=\"eager\"\/><\/p>\n<p class=\"article-picture-caption\">Nuoret Leijonat on menestynyt hyvin viime aikoina. Kuva:\u00a0Matt Krohn<\/p>\n<p class=\"article-body mb-nof-24 px-nof-16\">Rimpisen mukaan ulkopuoliset eiv\u00e4t uskoneet koko Nuorten Leijonien joukkueeseen.<\/p>\n<p class=\"article-body mb-nof-24 px-nof-16\">\u2013 Meid\u00e4t on haukuttu, kun ik\u00e4luokissamme ei ole k\u00e4rkivarauksia niin paljon ja mit\u00e4 kaikkea. Olen ylpe\u00e4 kaikista vuosina 2005, 2006, 2007 ja 2008 syntyneist\u00e4, jotka ovat olleet t\u00e4\u00e4ll\u00e4 taistelemassa. Usko kopissa on ollut aina tapissa.<\/p>\n","protected":false},"excerpt":{"rendered":"Nuorten Leijonien t\u00e4hdill\u00e4 oli sanottavaa. Saint Paul Nuorten Leijonien p\u00e4\u00e4valmentaja Lauri Mikkola oli l\u00e4hell\u00e4 luotsata joukkueensa toista kertaa&hellip;\n","protected":false},"author":2,"featured_media":133918,"comment_status":"","ping_status":"","sticky":false,"template":"","format":"standard","meta":{"footnotes":""},"categories":[158],"tags":[33,31,30,34,159,32,160],"class_list":{"0":"post-133917","1":"post","2":"type-post","3":"status-publish","4":"format-standard","5":"has-post-thumbnail","7":"category-urheilu","8":"tag-fi","9":"tag-finland","10":"tag-finnish","11":"tag-ilta-sanomat","12":"tag-sports","13":"tag-suomi","14":"tag-urheilu"},"share_on_mastodon":{"url":"https:\/\/pubeurope.com\/@fi\/115841697331264002","error":""},"_links":{"self":[{"href":"https:\/\/www.europesays.com\/fi\/wp-json\/wp\/v2\/posts\/133917","targetHints":{"allow":["GET"]}}],"collection":[{"href":"https:\/\/www.europesays.com\/fi\/wp-json\/wp\/v2\/posts"}],"about":[{"href":"https:\/\/www.europesays.com\/fi\/wp-json\/wp\/v2\/types\/post"}],"author":[{"embeddable":true,"href":"https:\/\/www.europesays.com\/fi\/wp-json\/wp\/v2\/users\/2"}],"replies":[{"embeddable":true,"href":"https:\/\/www.europesays.com\/fi\/wp-json\/wp\/v2\/comments?post=133917"}],"version-history":[{"count":0,"href":"https:\/\/www.europesays.com\/fi\/wp-json\/wp\/v2\/posts\/133917\/revisions"}],"wp:featuredmedia":[{"embeddable":true,"href":"https:\/\/www.europesays.com\/fi\/wp-json\/wp\/v2\/media\/133918"}],"wp:attachment":[{"href":"https:\/\/www.europesays.com\/fi\/wp-json\/wp\/v2\/media?parent=133917"}],"wp:term":[{"taxonomy":"category","embeddable":true,"href":"https:\/\/www.europesays.com\/fi\/wp-json\/wp\/v2\/categories?post=133917"},{"taxonomy":"post_tag","embeddable":true,"href":"https:\/\/www.europesays.com\/fi\/wp-json\/wp\/v2\/tags?post=133917"}],"curies":[{"name":"wp","href":"https:\/\/api.w.org\/{rel}","templated":true}]}}