{"id":133919,"date":"2026-01-05T09:06:08","date_gmt":"2026-01-05T09:06:08","guid":{"rendered":"https:\/\/www.europesays.com\/fi\/133919\/"},"modified":"2026-01-05T09:06:08","modified_gmt":"2026-01-05T09:06:08","slug":"ohjaaja-antti-j-jokinen-palaa-elokuvan-pariin-tammikuussa-ensi-iltansa-saavalla-kalevala-kullervon-tarina-elokuvalla","status":"publish","type":"post","link":"https:\/\/www.europesays.com\/fi\/133919\/","title":{"rendered":"Ohjaaja Antti J. Jokinen palaa elokuvan pariin tammikuussa ensi-iltansa saavalla Kalevala: Kullervon tarina -elokuvalla"},"content":{"rendered":"<p>SiteWide ContentPlaceholder<\/p>\n<p>Main ContentPlaceholder<\/p>\n<p class=\"hs-section-removal article-ingress--medium\">10 kysymyst\u00e4|Ohjaaja Antti J. Jokinen palaa elokuvan pariin vaikeiden vuosien j\u00e4lkeen. Kullervo on tarina vihasta ja ulkopuolisuudesta.<\/p>\n<p><img decoding=\"async\" src=\"https:\/\/www.europesays.com\/fi\/wp-content\/uploads\/2026\/01\/1767603968_813_468.jpg\" alt=\"Ohjaaja Antti J. Jokinen kertoo olevansa vaativa omaa ty\u00f6t\u00e4\u00e4n kohtaan: \u201dIlman deadlinea elokuvani eiv\u00e4t valmistuisi koskaan.\u201d\" class=\"_Img_1rerz_1\" style=\"aspect-ratio:0.6666666666666666\" loading=\"eager\"\/><\/p>\n<p class=\"article-picture-caption\">Ohjaaja Antti J. Jokinen kertoo olevansa vaativa omaa ty\u00f6t\u00e4\u00e4n kohtaan: \u201dIlman deadlinea elokuvani eiv\u00e4t valmistuisi koskaan.\u201d Kuva:\u00a0Sami Kero \/ HS<\/p>\n<p><a href=\"https:\/\/www.hs.fi\/haku\/?query=Ville+Hartikainen\" rel=\"nofollow noopener\" target=\"_blank\"><\/p>\n<p>Ville Hartikainen<\/p>\n<p><\/a><\/p>\n<p>10:30<\/p>\n<p class=\"article-body mb-nof-24 px-nof-16\">Tammikuun 16. p\u00e4iv\u00e4 saa ensi-iltansa <a class=\"font-bold underline-offset-[0.12em] [text-decoration:var(--person-link-text-decoration)] ![text-decoration-color:var(--person-link-text-decoration-color)]\" href=\"https:\/\/www.hs.fi\/haku\/?query=Antti%20J.%20Jokisen\" rel=\"nofollow noopener\" target=\"_blank\">Antti J. Jokisen<\/a> ohjaama ja k\u00e4sikirjoittama Kalevala: Kullervon tarina. 1100-luvun Pohjois-Karjalaan sijoittuva elokuva on verinen kostotarina ja toimintaa painottava tulkinta Kalevalan traagisimmasta hahmosta.<\/p>\n<p>KommentoiIlmoita asiavirheest\u00e4KommentoiIlmoita asiavirheest\u00e4<\/p>\n","protected":false},"excerpt":{"rendered":"SiteWide ContentPlaceholder Main ContentPlaceholder 10 kysymyst\u00e4|Ohjaaja Antti J. Jokinen palaa elokuvan pariin vaikeiden vuosien j\u00e4lkeen. Kullervo on tarina&hellip;\n","protected":false},"author":2,"featured_media":133920,"comment_status":"","ping_status":"","sticky":false,"template":"","format":"standard","meta":{"footnotes":""},"categories":[130],"tags":[137,33,31,30,46,32,109],"class_list":{"0":"post-133919","1":"post","2":"type-post","3":"status-publish","4":"format-standard","5":"has-post-thumbnail","7":"category-viihde","8":"tag-entertainment","9":"tag-fi","10":"tag-finland","11":"tag-finnish","12":"tag-helsingin-sanomat","13":"tag-suomi","14":"tag-viihde"},"share_on_mastodon":{"url":"https:\/\/pubeurope.com\/@fi\/115841701155620459","error":""},"_links":{"self":[{"href":"https:\/\/www.europesays.com\/fi\/wp-json\/wp\/v2\/posts\/133919","targetHints":{"allow":["GET"]}}],"collection":[{"href":"https:\/\/www.europesays.com\/fi\/wp-json\/wp\/v2\/posts"}],"about":[{"href":"https:\/\/www.europesays.com\/fi\/wp-json\/wp\/v2\/types\/post"}],"author":[{"embeddable":true,"href":"https:\/\/www.europesays.com\/fi\/wp-json\/wp\/v2\/users\/2"}],"replies":[{"embeddable":true,"href":"https:\/\/www.europesays.com\/fi\/wp-json\/wp\/v2\/comments?post=133919"}],"version-history":[{"count":0,"href":"https:\/\/www.europesays.com\/fi\/wp-json\/wp\/v2\/posts\/133919\/revisions"}],"wp:featuredmedia":[{"embeddable":true,"href":"https:\/\/www.europesays.com\/fi\/wp-json\/wp\/v2\/media\/133920"}],"wp:attachment":[{"href":"https:\/\/www.europesays.com\/fi\/wp-json\/wp\/v2\/media?parent=133919"}],"wp:term":[{"taxonomy":"category","embeddable":true,"href":"https:\/\/www.europesays.com\/fi\/wp-json\/wp\/v2\/categories?post=133919"},{"taxonomy":"post_tag","embeddable":true,"href":"https:\/\/www.europesays.com\/fi\/wp-json\/wp\/v2\/tags?post=133919"}],"curies":[{"name":"wp","href":"https:\/\/api.w.org\/{rel}","templated":true}]}}