{"id":133921,"date":"2026-01-05T09:09:12","date_gmt":"2026-01-05T09:09:12","guid":{"rendered":"https:\/\/www.europesays.com\/fi\/133921\/"},"modified":"2026-01-05T09:09:12","modified_gmt":"2026-01-05T09:09:12","slug":"turvallista-uutta-vuotta-entisella-mercedes-benz-vito-poliisimaijalla","status":"publish","type":"post","link":"https:\/\/www.europesays.com\/fi\/133921\/","title":{"rendered":"turvallista uutta vuotta entisell\u00e4 Mercedes-Benz Vito -poliisimaijalla"},"content":{"rendered":"<p class=\"single__excerpt\">T\u00e4ysin l\u00e4pin\u00e4kyv\u00e4sti entist\u00e4 poliisiautoa myyd\u00e4\u00e4n nyt ajallaan merkkiliikkeess\u00e4 huollettuna ja juuri katsastettuna nelivetoisena pakettiautona. <\/p>\n<p>K\u00e4ytettyjen erikoisuuksien mets\u00e4stys alkaa vuoden 2026 osalta autosta, joka ei itsess\u00e4\u00e4n ole mik\u00e4\u00e4n erikoisuus liikenteess\u00e4, mutta josta sen entinen k\u00e4ytt\u00f6tarkoitus tekee erikoisuuden. <\/p>\n<p>Viime vuonna vastaavassa asemassa <a href=\"https:\/\/moottori.fi\/uutinen\/kaytetyt-erikoisuudet-olisiko-suomen-oma-bluesmobile-tallainen\/\" rel=\"nofollow noopener\" target=\"_blank\">n\u00e4htiin se kaikkein autenttisin suomalainen poliisiauto, Volkswagen Transporter<\/a> eli &#8221;maija&#8221;, jo evp:n\u00e4, samoin kuin t\u00e4m\u00e4nkinkertainen esimerkki. <\/p>\n<p><img decoding=\"async\" src=\"https:\/\/www.europesays.com\/fi\/wp-content\/uploads\/2026\/01\/b2a8c849114e1b68-large-1328x919.jpg\" alt=\"\" class=\"wp-image-201716\"\/><\/p>\n<p>Arviolta joskus viime vuosikymmenen taitteessa Poliisi alkoi ottaa k\u00e4ytt\u00f6\u00f6ns\u00e4 Transportereiden rinnalle my\u00f6s Mercedes-Benz Vitoja pakettiautomallisiksi partioautoikseen. Nyt ne ovat jo tuttu n\u00e4ky poliisin k\u00e4yt\u00f6ss\u00e4. <\/p>\n<p>Kyll\u00e4 kai Vitoja kutsutaan &#8221;maijoiksi&#8221; yht\u00e4 lailla kuin Transportereitakin? Saa korjata, mik\u00e4li n\u00e4in ei jostain syyst\u00e4 ole. <\/p>\n<p class=\"ad-spot__text ad-spot__text--before-content\">Mainos (teksti jatkuu alla)<\/p>\n<p class=\"ad-spot__text ad-spot__text--after-content\">Mainos p\u00e4\u00e4ttyy<\/p>\n<p>Mercedes-Benz Vito 116 CDI 4&#215;4 A<\/p>\n<p>T\u00e4m\u00e4nkertainen K\u00e4ytetty erikoisuus l\u00f6ytyi <a href=\"https:\/\/www.nettiauto.com\/mercedes-benz\/vito\/15456781\" rel=\"nofollow noopener\" target=\"_blank\">Nettiauton valikoimasta, johon sen on listannut autoliike Yl\u00f6j\u00e4rvell\u00e4<\/a>, Tampereen laidalla. <\/p>\n<p><img decoding=\"async\" src=\"https:\/\/www.europesays.com\/fi\/wp-content\/uploads\/2026\/01\/0e8865b137_Mercedes-Benz_Vito_Nettiauto__erikoisuudet_fc6a1e-large-1328x864.jpg\" alt=\"\" class=\"wp-image-201713\"\/><\/p>\n<p>Myynti-ilmoituksessa autoa kuvaillaan sopuhintaiseksi, nelivetoiseksi Mercedes-Benzin pakettiautoksi, jolla on t\u00e4ysi huoltohistoria ja joka on juuri katsastettu. Myyntity\u00f6ss\u00e4h\u00e4n yksi oleellisisista asioista on tunnetusti se, mit\u00e4 osataan j\u00e4tt\u00e4\u00e4 sanomatta. T\u00e4ss\u00e4 tapauksessa se on auton historia poliisiautona, jonka myynti-ilmoituksen kuvat t\u00e4ysin erehtym\u00e4tt\u00f6m\u00e4sti paljastavat. <\/p>\n<p><img decoding=\"async\" src=\"https:\/\/www.europesays.com\/fi\/wp-content\/uploads\/2026\/01\/ef8a71d4c20ffc97-large-1328x996.jpg\" alt=\"\" class=\"wp-image-201709\"\/>387 000 kilometri\u00e4 poliisin intensiivisess\u00e4 k\u00e4yt\u00f6ss\u00e4 ovat j\u00e4tt\u00e4neet kulumaj\u00e4lkens\u00e4 Viton ohjaamoon. <\/p>\n<p>Auton katolla, takalasissa ja sivupeileiss\u00e4 n\u00e4kyv\u00e4t peitetyt h\u00e4lytysvalojen paikat. Sis\u00e4ll\u00e4 kaikki on viel\u00e4kin selvemp\u00e4\u00e4, l\u00f6ytyyh\u00e4n auton takaosasta v\u00e4lisein\u00e4ll\u00e4 erotettu &#8221;kaikkeinpyhin&#8221; eli poliisimaijan asiakastila. <\/p>\n<p><img decoding=\"async\" src=\"https:\/\/www.europesays.com\/fi\/wp-content\/uploads\/2026\/01\/98f0aa0a3e71041a-large-1328x996.jpg\" alt=\"\" class=\"wp-image-201708\"\/>T\u00e4\u00e4ll\u00e4 on tullut kirjoitettua jokunen kuponki. Toimiston lis\u00e4ksi poliisimaijan sivuovien takaa l\u00f6ytyv\u00e4t my\u00f6s tilat aseille ja taktisille suojavarusteille. <\/p>\n<p>Vito edustaa vuosimallia 2021, mutta se on otettu k\u00e4ytt\u00f6\u00f6n sit\u00e4 edellisen vuoden puolella. Riippuu toki n\u00e4k\u00f6kulmasta, mutta ainakaan suomalaisautojen keski-ik\u00e4\u00e4n n\u00e4hden viisi vuotta vanhaa autoa ei voi pit\u00e4\u00e4 viel\u00e4 vanhana autona. Poliisiauton i\u00e4ss\u00e4 viisi vuotta on kuitenkin v\u00e4hint\u00e4\u00e4n se 17 vuotta, joka on Suomen ajoneuvorekisteriss\u00e4 olevien autojen keski-ik\u00e4. <\/p>\n<p><img decoding=\"async\" src=\"https:\/\/www.europesays.com\/fi\/wp-content\/uploads\/2026\/01\/74cb42a6779f4d45-large-1328x996.jpg\" alt=\"\" class=\"wp-image-201711\"\/>T\u00e4m\u00e4n tilan k\u00e4ytt\u00f6tarkoituksesta ei liene ep\u00e4selvyytt\u00e4. <\/p>\n<p>Viidess\u00e4 vuodessa t\u00e4m\u00e4nkin Mercedeksen mittariin on kertynyt komeat 387 000 kilometri\u00e4. K\u00e4ytt\u00f6 on ollut kovaa, kun jokaiseen vuoroon mahtuu varmasti tietty m\u00e4\u00e4r\u00e4 h\u00e4lytysajoa, jossa tietenkin voimalinjasta otetaan paljon irti, ja my\u00f6s alustan s\u00e4\u00e4liminen j\u00e4\u00e4 sivuseikaksi, kun on kansalaisten hengen ja terveyden turvaamisesta kyse. <\/p>\n<p><img decoding=\"async\" src=\"https:\/\/www.europesays.com\/fi\/wp-content\/uploads\/2026\/01\/3fb4ec5d451d3506-large-1328x996.jpg\" alt=\"\" class=\"wp-image-201710\"\/>Neliveto tuo turvaa varsinkin talvikeleille. Lis\u00e4ksi on varmasti niin, ett\u00e4 my\u00f6s el\u00e4kkeell\u00e4 t\u00e4t\u00e4 autoa tullaan kauempaa luulemaan virassa olevaksi tunnuksettomaksi poliisiautoksi, mik\u00e4 v\u00e4hent\u00e4nee kaikenlaisia h\u00f6lm\u00f6ilyj\u00e4 sen ymp\u00e4rill\u00e4. <\/p>\n<p>Poliisi on valinnut autoonsa 116 CDI 4&#215;4 A -voimalinjan, mik\u00e4 tarkoittaa 163-hevosvoimaista dieseli\u00e4 nelivetoautomaatin kera. Rosvoja autolla on voitu ajaa kiinni aina 188 km\/h huippunopeuteen asti. <\/p>\n<p>L\u00e4hde: Nettiauto<\/p>\n","protected":false},"excerpt":{"rendered":"T\u00e4ysin l\u00e4pin\u00e4kyv\u00e4sti entist\u00e4 poliisiautoa myyd\u00e4\u00e4n nyt ajallaan merkkiliikkeess\u00e4 huollettuna ja juuri katsastettuna nelivetoisena pakettiautona. K\u00e4ytettyjen erikoisuuksien mets\u00e4stys alkaa&hellip;\n","protected":false},"author":2,"featured_media":133922,"comment_status":"","ping_status":"","sticky":false,"template":"","format":"standard","meta":{"footnotes":""},"categories":[76],"tags":[79,77,33,31,30,32,78],"class_list":{"0":"post-133921","1":"post","2":"type-post","3":"status-publish","4":"format-standard","5":"has-post-thumbnail","7":"category-talous","8":"tag-business","9":"tag-economy","10":"tag-fi","11":"tag-finland","12":"tag-finnish","13":"tag-suomi","14":"tag-talous"},"share_on_mastodon":{"url":"https:\/\/pubeurope.com\/@fi\/115841713186967328","error":""},"_links":{"self":[{"href":"https:\/\/www.europesays.com\/fi\/wp-json\/wp\/v2\/posts\/133921","targetHints":{"allow":["GET"]}}],"collection":[{"href":"https:\/\/www.europesays.com\/fi\/wp-json\/wp\/v2\/posts"}],"about":[{"href":"https:\/\/www.europesays.com\/fi\/wp-json\/wp\/v2\/types\/post"}],"author":[{"embeddable":true,"href":"https:\/\/www.europesays.com\/fi\/wp-json\/wp\/v2\/users\/2"}],"replies":[{"embeddable":true,"href":"https:\/\/www.europesays.com\/fi\/wp-json\/wp\/v2\/comments?post=133921"}],"version-history":[{"count":0,"href":"https:\/\/www.europesays.com\/fi\/wp-json\/wp\/v2\/posts\/133921\/revisions"}],"wp:featuredmedia":[{"embeddable":true,"href":"https:\/\/www.europesays.com\/fi\/wp-json\/wp\/v2\/media\/133922"}],"wp:attachment":[{"href":"https:\/\/www.europesays.com\/fi\/wp-json\/wp\/v2\/media?parent=133921"}],"wp:term":[{"taxonomy":"category","embeddable":true,"href":"https:\/\/www.europesays.com\/fi\/wp-json\/wp\/v2\/categories?post=133921"},{"taxonomy":"post_tag","embeddable":true,"href":"https:\/\/www.europesays.com\/fi\/wp-json\/wp\/v2\/tags?post=133921"}],"curies":[{"name":"wp","href":"https:\/\/api.w.org\/{rel}","templated":true}]}}