{"id":133923,"date":"2026-01-05T09:10:12","date_gmt":"2026-01-05T09:10:12","guid":{"rendered":"https:\/\/www.europesays.com\/fi\/133923\/"},"modified":"2026-01-05T09:10:12","modified_gmt":"2026-01-05T09:10:12","slug":"elsa-hietanen-29-luo-ihanan-tyylin-pienella-budjetilla-katso-kuvat","status":"publish","type":"post","link":"https:\/\/www.europesays.com\/fi\/133923\/","title":{"rendered":"Elsa Hietanen, 29, luo ihanan tyylin pienell\u00e4 budjetilla \u2013 katso kuvat"},"content":{"rendered":"<p>Elsa Hietanen lopetti pikamuodin ostamisen ja laati itselleen tarkat s\u00e4\u00e4nn\u00f6t shoppailuun. Nyt h\u00e4n paljastaa vaatebudjettinsa ja toimivan tyylins\u00e4 kulmakivet.<\/p>\n<p class=\"article-body mb-nof-24 px-nof-16\">Nuorempana heinolalainen <a class=\"font-bold underline-offset-[0.12em] [text-decoration:var(--person-link-text-decoration)] ![text-decoration-color:var(--person-link-text-decoration-color)]\" href=\"https:\/\/www.is.fi\/haku\/?query=Elsa%20Hietanen\" rel=\"nofollow noopener\" target=\"_blank\">Elsa Hietanen<\/a>, 29, osteli pikamuotia ja koki omien sanojensa mukaan j\u00e4\u00e4t\u00e4vi\u00e4 ostomorkkiksia.<\/p>\n<p class=\"article-body mb-nof-24 px-nof-16\">\u2013 Muistan kes\u00e4n, jolloin ty\u00f6skentelin It\u00e4vallassa. Kiertelin pikamuotiliikkeit\u00e4 ja kun tulin kotiin ostoskassien kanssa, ahdistus iski. Hetken mielijohteesta ostetut vaatteet olivat h\u00f6lm\u00f6j\u00e4 valintoja sek\u00e4 tyylillisesti ett\u00e4 materiaaleiltaan, Elsa kertoo.<\/p>\n<p class=\"article-body mb-nof-24 px-nof-16\">Se oli h\u00e4nen pohjakosketuksensa pikamuodin kanssa. Nyky\u00e4\u00e4n tyyli- ja br\u00e4ndivalmentajana ty\u00f6skentelev\u00e4 Elsa ei ota vastaan edes ilmaisia vaatteita, jos ei niit\u00e4 tarvitse.<\/p>\n<p class=\"article-body mb-nof-24 px-nof-16\">Elsa kertoo nyt, miten laati itselleen toimivat s\u00e4\u00e4nn\u00f6t shoppailuun \u2013 ja miten pienell\u00e4 budjetilla syntyy kiva tyyli.<\/p>\n<blockquote class=\"p-[var(--citation-padding)] m-[var(--citation-margin)] border-y-[length:var(--citation-border-width)] border-y-[color:var(--citation-border-color)]\">\n<p>T\u00e4n\u00e4 vuonna olen ostanut kaiken kaikkiaan 12 vaatetta ja asustetta.<\/p>\n<\/blockquote>\n<p><img decoding=\"async\" src=\"https:\/\/www.europesays.com\/fi\/wp-content\/uploads\/2026\/01\/1767604210_842_978.jpg\" alt=\"\u201dTummanharmaa on hyv\u00e4 vaihtoehto kovalle mustalle. En omista erikseen juhla-asuja, vaan stailaan arkivaatteet korkkareilla ja meikill\u00e4 juhlaviksi.\u201d Koko asu villaa, ostettu k\u00e4ytettyn\u00e4 12 eurolla. Nahkabuutsit lahja valmistajalta ja k\u00e4silaukku itse tehty.\" class=\"_Img_1rerz_1\" style=\"aspect-ratio:0.6666666666666666\" loading=\"eager\"\/><\/p>\n<p class=\"article-picture-caption\">\u201dTummanharmaa on hyv\u00e4 vaihtoehto kovalle mustalle. En omista erikseen juhla-asuja, vaan stailaan arkivaatteet korkkareilla ja meikill\u00e4 juhlaviksi.\u201d Koko asu villaa, ostettu k\u00e4ytettyn\u00e4 12 eurolla. Nahkabuutsit lahja valmistajalta ja k\u00e4silaukku itse tehty. Kuva:\u00a0Piia Arnould<\/p>\n<p class=\"article-body mb-nof-24 px-nof-16\">\u201dViisi vuotta sitten asetin itselleni s\u00e4\u00e4nn\u00f6n: vaatteisiin saa menn\u00e4 korkeintaan 50 euroa kuussa. Jos haluan jotain kalliimpaa, se pit\u00e4\u00e4 koota useamman kuukauden budjetista. Yksinkertainen p\u00e4\u00e4t\u00f6s toi ostorauhan. En\u00e4\u00e4 en koe morkkista ostoksistani, vaan teen hankintoja suunnitelman mukaan.<\/p>\n<p class=\"article-body mb-nof-24 px-nof-16\">Kun aloin kirjata kaikki ostokset yl\u00f6s, tajusin hankintojeni todellisen m\u00e4\u00e4r\u00e4n. En ole koskaan k\u00e4ytt\u00e4nyt valtavia summia, mutta ostoksia kertyi silti aiemmin paljon, useita kymmeni\u00e4 vuodessa. Se oli her\u00e4tys.<\/p>\n<p class=\"article-body mb-nof-24 px-nof-16\">Nyky\u00e4\u00e4n ostan vuodessa noin 3\u201330 vaatetta ja k\u00e4yt\u00e4n yhteens\u00e4 350\u2013650 euroa. T\u00e4n\u00e4 vuonna olen ostanut kaiken kaikkiaan 12 vaatetta ja asustetta.<\/p>\n<p><img decoding=\"async\" src=\"https:\/\/www.europesays.com\/fi\/wp-content\/uploads\/2026\/01\/1767604211_371_978.jpg\" alt=\"\u201dStailistin ty\u00f6ss\u00e4 kontataan usein lattialla. Silloin puen farkut, joita ei tarvitse varoa. Valkoinen kauluspaita ja farkut ovat klassikkoasu.\u201d Vaatteet on ostettu k\u00e4ytettyn\u00e4, keng\u00e4t uusina. Asun arvo on noin 94 \u20ac, josta 81 \u20ac meni nilkkureihin.\" class=\"_Img_1rerz_1\" style=\"aspect-ratio:0.6666666666666666\" loading=\"eager\"\/><\/p>\n<p class=\"article-picture-caption\">\u201dStailistin ty\u00f6ss\u00e4 kontataan usein lattialla. Silloin puen farkut, joita ei tarvitse varoa. Valkoinen kauluspaita ja farkut ovat klassikkoasu.\u201d Vaatteet on ostettu k\u00e4ytettyn\u00e4, keng\u00e4t uusina. Asun arvo on noin 94 \u20ac, josta 81 \u20ac meni nilkkureihin. Kuva:\u00a0Piia Arnould<\/p>\n<p><img decoding=\"async\" src=\"https:\/\/www.europesays.com\/fi\/wp-content\/uploads\/2026\/01\/1767604211_511_978.jpg\" alt=\"\u201dYksiv\u00e4rinen asu on helppo mutta yll\u00e4tt\u00e4v\u00e4n tyylik\u00e4s. Mukavat housut ovat miesten puolelta ja palmikkoneule yksi upeimmista l\u00f6yd\u00f6ist\u00e4ni parin vuoden takaa.\u201d Vaatteet on ostettu k\u00e4ytettyn\u00e4 yhteens\u00e4 80 eurolla, keng\u00e4t ja laukku lahjoja.\" class=\"_Img_1rerz_1\" style=\"aspect-ratio:0.6666666666666666\" loading=\"eager\"\/><\/p>\n<p class=\"article-picture-caption\">\u201dYksiv\u00e4rinen asu on helppo mutta yll\u00e4tt\u00e4v\u00e4n tyylik\u00e4s. Mukavat housut ovat miesten puolelta ja palmikkoneule yksi upeimmista l\u00f6yd\u00f6ist\u00e4ni parin vuoden takaa.\u201d Vaatteet on ostettu k\u00e4ytettyn\u00e4 yhteens\u00e4 80 eurolla, keng\u00e4t ja laukku lahjoja. Kuva:\u00a0Piia Arnould<\/p>\n<p class=\"article-body mb-nof-24 px-nof-16\">Valtaosa uusista ostoista johtuu raskaudestani. Rakastan korkeavy\u00f6t\u00e4r\u00f6isi\u00e4 housuja, mutta juuri mitk\u00e4\u00e4n lempihousuistani eiv\u00e4t mahdu en\u00e4\u00e4 jalkaan. Siksi olen joutunut ostamaan useammat housut, \u00e4itiysuimapuvun ja treenitrikoot \u2013 tavoistani poiketen viel\u00e4p\u00e4 uusina kirppiksen sijaan.<\/p>\n<p class=\"article-body mb-nof-24 px-nof-16\">Arvokkain hankinta t\u00e4n\u00e4 vuonna olivat yli satasen maksaneet Asicsin lenkkarit, joita etsin ja harkitsin monta vuotta.<\/p>\n<blockquote class=\"p-[var(--citation-padding)] m-[var(--citation-margin)] border-y-[length:var(--citation-border-width)] border-y-[color:var(--citation-border-color)]\">\n<p>Kun tekee p\u00e4\u00e4t\u00f6kset hitaasti, osuu useimmiten oikeaan.<\/p>\n<\/blockquote>\n<p><img decoding=\"async\" src=\"https:\/\/www.europesays.com\/fi\/wp-content\/uploads\/2026\/01\/1767604211_750_978.jpg\" alt=\"\u201dEn halunnut samoja New Balancen lenkkareita, jotka on monella, joten p\u00e4\u00e4dyin Asicsin mukaviin menokenkiin.\u201d Lenkkarit 109,95 \u20ac.\" class=\"_Img_1rerz_1\" style=\"aspect-ratio:0.740625\" loading=\"eager\"\/><\/p>\n<p class=\"article-picture-caption\">\u201dEn halunnut samoja New Balancen lenkkareita, jotka on monella, joten p\u00e4\u00e4dyin Asicsin mukaviin menokenkiin.\u201d Lenkkarit 109,95 \u20ac. Kuva:\u00a0Piia Arnould<\/p>\n<p><img decoding=\"async\" src=\"https:\/\/www.europesays.com\/fi\/wp-content\/uploads\/2026\/01\/1767604211_853_978.jpg\" alt=\"\u201dParin euron huivi p\u00e4ivitt\u00e4\u00e4 asun tehokkaasti. Huiveja on helppoa ja edullista l\u00f6yt\u00e4\u00e4 k\u00e4ytettyn\u00e4. Niiden avulla on my\u00f6s n\u00e4pp\u00e4r\u00e4\u00e4 kokeilla uusia v\u00e4rej\u00e4.\u201d\" class=\"_Img_1rerz_1\" style=\"aspect-ratio:0.6984375\" loading=\"eager\"\/><\/p>\n<p class=\"article-picture-caption\">\u201dParin euron huivi p\u00e4ivitt\u00e4\u00e4 asun tehokkaasti. Huiveja on helppoa ja edullista l\u00f6yt\u00e4\u00e4 k\u00e4ytettyn\u00e4. Niiden avulla on my\u00f6s n\u00e4pp\u00e4r\u00e4\u00e4 kokeilla uusia v\u00e4rej\u00e4.\u201d Kuva:\u00a0Piia Arnould<\/p>\n<p class=\"article-body mb-nof-24 px-nof-16\">Kun tekee p\u00e4\u00e4t\u00f6kset hitaasti, osuu useimmiten oikeaan. Minulla on korkeat kriteerit laadun, tyylin ja huollettavuuden osalta, ja olen oppinut pit\u00e4m\u00e4\u00e4n niist\u00e4 kiinni.<\/p>\n<p class=\"article-body mb-nof-24 px-nof-16\">Joskus k\u00e4ytin ostoslistaa ja suunnittelin kaikki tarpeet ja toiveeni etuk\u00e4teen. Kirppiksill\u00e4 tuli silti tietysti tartuttua my\u00f6s l\u00f6yt\u00f6ihin listan ohi.<\/p>\n<p class=\"article-body mb-nof-24 px-nof-16\">Ty\u00f6skentelen tyylivalmentajana ja autan my\u00f6s muita l\u00f6yt\u00e4m\u00e4\u00e4n vaatekaapin kulmakivet. Olen huomannut, ett\u00e4 useimmilla on selke\u00e4 kuilu oman todellisen tyylin ja ihannetyylin v\u00e4liss\u00e4. Sit\u00e4 ei voi t\u00e4ytt\u00e4\u00e4 muilla kuin oikeilla t\u00e4sm\u00e4hankinnoilla, joista syntyy sopivia luottoasuja.<\/p>\n<blockquote class=\"p-[var(--citation-padding)] m-[var(--citation-margin)] border-y-[length:var(--citation-border-width)] border-y-[color:var(--citation-border-color)]\">\n<p>Runsaus syntyy muodoista ja materiaaleista, ei m\u00e4\u00e4r\u00e4st\u00e4 tai kikkailusta.<\/p>\n<\/blockquote>\n<p><img decoding=\"async\" src=\"https:\/\/www.europesays.com\/fi\/wp-content\/uploads\/2026\/01\/1767604212_893_978.jpg\" alt=\"\u201dTuron vintage-bleiseri on osa voima-asuani, joka maksoi m\u00e4ts\u00e4\u00e4vien housujen kanssa 15 euroa. Marimekon raitapaidan sain vanhemmiltani lahjaksi kymmenen vuotta sitten. My\u00f6s suomalaisen Archetypen pellavahousut ovat lahja.\u201d K\u00e4ytettyn\u00e4 ostettu laukku 45 \u20ac.\" class=\"_Img_1rerz_1\" style=\"aspect-ratio:0.6765625\" loading=\"eager\"\/><\/p>\n<p class=\"article-picture-caption\">\u201dTuron vintage-bleiseri on osa voima-asuani, joka maksoi m\u00e4ts\u00e4\u00e4vien housujen kanssa 15 euroa. Marimekon raitapaidan sain vanhemmiltani lahjaksi kymmenen vuotta sitten. My\u00f6s suomalaisen Archetypen pellavahousut ovat lahja.\u201d K\u00e4ytettyn\u00e4 ostettu laukku 45 \u20ac. Kuva:\u00a0Piia Arnould<\/p>\n<p><img decoding=\"async\" src=\"https:\/\/www.europesays.com\/fi\/wp-content\/uploads\/2026\/01\/1767604212_974_978.jpg\" alt=\"\u201dOmistan vain muutaman korun. T\u00e4ss\u00e4 ovat niist\u00e4 kaikki kihla- ja vihkisormuksiani lukuun ottamatta. Hopeasormus oli pitk\u00e4aikainen haave, jonka l\u00f6ysin Ahvenanmaalta.\u201d Korut 4\u2013 25 \u20ac.\" class=\"_Img_1rerz_1\" style=\"aspect-ratio:0.7130208333333333\" loading=\"eager\"\/><\/p>\n<p class=\"article-picture-caption\">\u201dOmistan vain muutaman korun. T\u00e4ss\u00e4 ovat niist\u00e4 kaikki kihla- ja vihkisormuksiani lukuun ottamatta. Hopeasormus oli pitk\u00e4aikainen haave, jonka l\u00f6ysin Ahvenanmaalta.\u201d Korut 4\u2013 25 \u20ac. Kuva:\u00a0Piia Arnould<\/p>\n<p class=\"article-body mb-nof-24 px-nof-16\">Olen itse mennyt aiemmin vikaan siin\u00e4, ett\u00e4 olen tehnyt liikaa kompromisseja, kuten tyytynyt johonkin k\u00e4denl\u00e4mp\u00f6iseen tai v\u00e4ltt\u00e4v\u00e4\u00e4n laatuun. Vaatesuunnittelua opiskelleena ajattelin my\u00f6s aiemmin, ett\u00e4 tyylini pit\u00e4isi olla kiinnostava ja jotenkin erikoinen.<\/p>\n<p class=\"article-body mb-nof-24 px-nof-16\">Vaatekaapissa oli siksi v\u00e4h\u00e4n kaikenlaista: kuoseja, v\u00e4rej\u00e4 ja eri materiaaleja. En antanut itselleni lupaa k\u00e4ytt\u00e4\u00e4 pelk\u00e4st\u00e4\u00e4n oikeita lempivaatteitani.<\/p>\n<p class=\"article-body mb-nof-24 px-nof-16\">Nyt tyylini on yksinkertainen mutta runsas. Pid\u00e4n vaaleista s\u00e4vyist\u00e4, jykevist\u00e4 miesten bleisereist\u00e4, suorista housuista ja v\u00e4ljist\u00e4 kauluspaidoista. En kaipaa kuoseja. Aistiherkk\u00e4n\u00e4 nautin harmonisesta v\u00e4rimaailmasta. Runsaus syntyy muodoista ja materiaaleista, ei m\u00e4\u00e4r\u00e4st\u00e4 tai kikkailusta.<\/p>\n<p class=\"article-body mb-nof-24 px-nof-16\">K\u00e4ytettyn\u00e4 ostaminen on minulle sek\u00e4 arvop\u00e4\u00e4t\u00f6s ett\u00e4 harrastus. Kierr\u00e4n puolisoni kanssa s\u00e4\u00e4nn\u00f6llisesti eri paikkakuntien kirpputoreja. Se pit\u00e4\u00e4 jalat maassa \u2013 kaikkea ei saa heti, eik\u00e4 tarvitsekaan.\u201d<\/p>\n","protected":false},"excerpt":{"rendered":"Elsa Hietanen lopetti pikamuodin ostamisen ja laati itselleen tarkat s\u00e4\u00e4nn\u00f6t shoppailuun. Nyt h\u00e4n paljastaa vaatebudjettinsa ja toimivan tyylins\u00e4&hellip;\n","protected":false},"author":2,"featured_media":133924,"comment_status":"","ping_status":"","sticky":false,"template":"","format":"standard","meta":{"footnotes":""},"categories":[14],"tags":[22,23,26,27,33,31,30,17,34,24,25,28,29,15,18,21,32,19,20,56,16,59,60,61],"class_list":{"0":"post-133923","1":"post","2":"type-post","3":"status-publish","4":"format-standard","5":"has-post-thumbnail","7":"category-ulkomaat","8":"tag-breaking-news","9":"tag-breakingnews","10":"tag-featured-news","11":"tag-featurednews","12":"tag-fi","13":"tag-finland","14":"tag-finnish","15":"tag-headlines","16":"tag-ilta-sanomat","17":"tag-latest-news","18":"tag-latestnews","19":"tag-main-news","20":"tag-mainnews","21":"tag-news","22":"tag-otsikot","23":"tag-paauutiset","24":"tag-suomi","25":"tag-top-stories","26":"tag-topstories","27":"tag-ulkomaat","28":"tag-uutiset","29":"tag-world","30":"tag-world-news","31":"tag-worldnews"},"share_on_mastodon":{"url":"https:\/\/pubeurope.com\/@fi\/115841717083448375","error":""},"_links":{"self":[{"href":"https:\/\/www.europesays.com\/fi\/wp-json\/wp\/v2\/posts\/133923","targetHints":{"allow":["GET"]}}],"collection":[{"href":"https:\/\/www.europesays.com\/fi\/wp-json\/wp\/v2\/posts"}],"about":[{"href":"https:\/\/www.europesays.com\/fi\/wp-json\/wp\/v2\/types\/post"}],"author":[{"embeddable":true,"href":"https:\/\/www.europesays.com\/fi\/wp-json\/wp\/v2\/users\/2"}],"replies":[{"embeddable":true,"href":"https:\/\/www.europesays.com\/fi\/wp-json\/wp\/v2\/comments?post=133923"}],"version-history":[{"count":0,"href":"https:\/\/www.europesays.com\/fi\/wp-json\/wp\/v2\/posts\/133923\/revisions"}],"wp:featuredmedia":[{"embeddable":true,"href":"https:\/\/www.europesays.com\/fi\/wp-json\/wp\/v2\/media\/133924"}],"wp:attachment":[{"href":"https:\/\/www.europesays.com\/fi\/wp-json\/wp\/v2\/media?parent=133923"}],"wp:term":[{"taxonomy":"category","embeddable":true,"href":"https:\/\/www.europesays.com\/fi\/wp-json\/wp\/v2\/categories?post=133923"},{"taxonomy":"post_tag","embeddable":true,"href":"https:\/\/www.europesays.com\/fi\/wp-json\/wp\/v2\/tags?post=133923"}],"curies":[{"name":"wp","href":"https:\/\/api.w.org\/{rel}","templated":true}]}}