{"id":133925,"date":"2026-01-05T09:11:07","date_gmt":"2026-01-05T09:11:07","guid":{"rendered":"https:\/\/www.europesays.com\/fi\/133925\/"},"modified":"2026-01-05T09:11:07","modified_gmt":"2026-01-05T09:11:07","slug":"vihreiden-tynkkynen-suomessa-on-uuden-perustulokokeilun-aika-vihreat","status":"publish","type":"post","link":"https:\/\/www.europesays.com\/fi\/133925\/","title":{"rendered":"Vihreiden Tynkkynen: Suomessa on uuden perustulokokeilun aika | Vihre\u00e4t"},"content":{"rendered":"<p>Irlanti kokeili vuosina 2022\u201325 perustuloa noin 2 000 taiteilijalle (Basic Income for the Arts). Kokeilussa mukana olleet taiteilijat saivat 1 300 \u20ac\/kk ilman erillisi\u00e4 ehtoja.<\/p>\n<p>\u201dIrlannin perustulokokeilun kokemukset ovat rohkaisevia sek\u00e4 osallistuneiden ihmisten ett\u00e4 yhteiskunnan kannalta. Kokeiluun osallistuneiden ihmisten hyvinvointi parani, ja he pystyiv\u00e4t keskittym\u00e4\u00e4n taiteen tekemiseen paremmin \u2013 ja tienaamaan sill\u00e4 enemm\u00e4n\u201d, vihre\u00e4n eduskuntaryhm\u00e4n puheenjohtaja Oras Tynkkynen kuvailee.<\/p>\n<p>Kokeilu maksoi Irlannin valtiolle noin 35 miljoonaa euroa vuodessa. Kasvaneiden verotulojen ja muissa sosiaalimenoissa saatujen s\u00e4\u00e4st\u00f6jen takia vuotuinen nettokustannus j\u00e4i kuitenkin vain runsaaseen 20 miljoonaan euroon.<\/p>\n<p>\u201dJokainen Irlannin perustulokokeiluun k\u00e4ytetty euro tuotti selvityksen mukaan yhteiskunnalle hy\u00f6tyj\u00e4 1,4 euroa. Kokeilu oli siis nettona yhteiskuntataloudellisesti kannattava\u201d, Tynkkynen muistuttaa.<\/p>\n<p>Suomessa kokeiltiin perustuloa vuosina 2017\u201318. Vaikka kokeilu tuotti hy\u00f6dyllist\u00e4 tietoa, se oli toteutustavaltaan ja laajuudeltaan liian niukka, jotta sen perusteella olisi voinut viel\u00e4 vet\u00e4\u00e4 pitk\u00e4lle menevi\u00e4 johtop\u00e4\u00e4t\u00f6ksi\u00e4.<\/p>\n<p>\u201dVihre\u00e4t korostavat, ett\u00e4 vastuullisen p\u00e4\u00e4t\u00f6ksenteon pit\u00e4\u00e4 perustua tutkimustietoon ja muuhun n\u00e4ytt\u00f6\u00f6n. Kokeilut tarjoavat perustulon kaltaisista isoista uudistuksista arvokasta tietoa, jonka perusteella poliitikot kykenev\u00e4t tekem\u00e4\u00e4n punnittuja p\u00e4\u00e4t\u00f6ksi\u00e4\u201d, Tynkkynen painottaa.<\/p>\n<p>Tynkkynen katsoo, ett\u00e4 Suomessa on nyt uuden perustulokokeilun aika. H\u00e4n esitt\u00e4\u00e4, ett\u00e4 kokeilu sis\u00e4llytet\u00e4\u00e4n seuraavaan hallitusohjelmaan ja toteutetaan seuraavalla hallituskaudella.<\/p>\n<p>\u201dIrlannin esimerkki osoittaa, ett\u00e4 merkityksellinen perustulokokeilu on mahdollista toteuttaa maltillisin valtiontaloudellisin kustannuksin \u2013 ja tuottaen samalla nettona yhteiskunnalle hy\u00f6ty\u00e4. Seuraavan hallituksen ohjelmaan tulee kirjata uusi perustulokokeilu, jossa sovelletaan sek\u00e4 Suomen aiemman ett\u00e4 Irlannin tuoreen kokeilun tuloksia\u201d, Tynkkynen p\u00e4\u00e4tt\u00e4\u00e4.<\/p>\n<p>Irlannin perustulokokeilun vaikutuksia on arvioitu maan kulttuuri-, viestint\u00e4- ja urheiluministeri\u00f6n tilaamassa selvityksess\u00e4. Alma Economicsin laatima selvitys on julkaistu nimell\u00e4 Cost-benefit analysis for the Basic Income for the Arts.<\/p>\n","protected":false},"excerpt":{"rendered":"Irlanti kokeili vuosina 2022\u201325 perustuloa noin 2 000 taiteilijalle (Basic Income for the Arts). Kokeilussa mukana olleet taiteilijat&hellip;\n","protected":false},"author":2,"featured_media":133926,"comment_status":"","ping_status":"","sticky":false,"template":"","format":"standard","meta":{"footnotes":""},"categories":[12],"tags":[22,23,26,27,33,31,30,17,24,25,28,29,15,18,21,32,19,20,16],"class_list":{"0":"post-133925","1":"post","2":"type-post","3":"status-publish","4":"format-standard","5":"has-post-thumbnail","7":"category-suomi","8":"tag-breaking-news","9":"tag-breakingnews","10":"tag-featured-news","11":"tag-featurednews","12":"tag-fi","13":"tag-finland","14":"tag-finnish","15":"tag-headlines","16":"tag-latest-news","17":"tag-latestnews","18":"tag-main-news","19":"tag-mainnews","20":"tag-news","21":"tag-otsikot","22":"tag-paauutiset","23":"tag-suomi","24":"tag-top-stories","25":"tag-topstories","26":"tag-uutiset"},"share_on_mastodon":{"url":"https:\/\/pubeurope.com\/@fi\/115841720847142932","error":""},"_links":{"self":[{"href":"https:\/\/www.europesays.com\/fi\/wp-json\/wp\/v2\/posts\/133925","targetHints":{"allow":["GET"]}}],"collection":[{"href":"https:\/\/www.europesays.com\/fi\/wp-json\/wp\/v2\/posts"}],"about":[{"href":"https:\/\/www.europesays.com\/fi\/wp-json\/wp\/v2\/types\/post"}],"author":[{"embeddable":true,"href":"https:\/\/www.europesays.com\/fi\/wp-json\/wp\/v2\/users\/2"}],"replies":[{"embeddable":true,"href":"https:\/\/www.europesays.com\/fi\/wp-json\/wp\/v2\/comments?post=133925"}],"version-history":[{"count":0,"href":"https:\/\/www.europesays.com\/fi\/wp-json\/wp\/v2\/posts\/133925\/revisions"}],"wp:featuredmedia":[{"embeddable":true,"href":"https:\/\/www.europesays.com\/fi\/wp-json\/wp\/v2\/media\/133926"}],"wp:attachment":[{"href":"https:\/\/www.europesays.com\/fi\/wp-json\/wp\/v2\/media?parent=133925"}],"wp:term":[{"taxonomy":"category","embeddable":true,"href":"https:\/\/www.europesays.com\/fi\/wp-json\/wp\/v2\/categories?post=133925"},{"taxonomy":"post_tag","embeddable":true,"href":"https:\/\/www.europesays.com\/fi\/wp-json\/wp\/v2\/tags?post=133925"}],"curies":[{"name":"wp","href":"https:\/\/api.w.org\/{rel}","templated":true}]}}