{"id":133934,"date":"2026-01-05T09:32:08","date_gmt":"2026-01-05T09:32:08","guid":{"rendered":"https:\/\/www.europesays.com\/fi\/133934\/"},"modified":"2026-01-05T09:32:08","modified_gmt":"2026-01-05T09:32:08","slug":"nanna-karalahti-julkaisi-kuvan-lapsestaan-huoli-herasi-valittomasti","status":"publish","type":"post","link":"https:\/\/www.europesays.com\/fi\/133934\/","title":{"rendered":"Nanna Karalahti julkaisi kuvan lapsestaan: Huoli her\u00e4si v\u00e4litt\u00f6m\u00e4sti"},"content":{"rendered":"<p>            Matti Matikainen\n        <\/p>\n<p class=\"subtitle \">Nannan kuopuksestaan julkaisema kuva her\u00e4tt\u00e4\u00e4 huolta.<\/p>\n<p class=\"article-content article-content-width !bg-background\">Yritt\u00e4j\u00e4  on takanaan vuosi, joka ei ole ollut helpommasta p\u00e4\u00e4st\u00e4.\u00a0<\/p>\n<p class=\"font-weight-bold m-font-weight-bold article-content article-content-width !bg-background\">Video: N\u00e4in Nanna Karalahti nousi otsikoihin:<\/p>\n<p class=\"article-content article-content-width !bg-background\">Nannan ex-puoliso, entinen j\u00e4\u00e4kiekkoilija  vangittiin 29. syyskuuta t\u00f6rke\u00e4n rikosep\u00e4ilyn vuoksi. H\u00e4n on edelleen vangittuna.\u00a0<\/p>\n<p>Yksin lasten kanssa<\/p>\n<p class=\"article-content article-content-width !bg-background\">Seiska uutisoi hiljattain, ett\u00e4 <a href=\"https:\/\/www.seiska.fi\/rikos\/uutta-tietoa-jere-karalahden-tilanteesta-karu-kaanne\/2028766\" target=\"_blank\" rel=\"nofollow noopener\">Jere\u00e4 ep\u00e4ill\u00e4\u00e4n per\u00e4ti kolmesta huumausainerikoksesta<\/a>. Kaksi ep\u00e4illyist\u00e4 rikoksista on t\u00f6rkeit\u00e4. T\u00f6rke\u00e4st\u00e4 huumausainerikoksesta voidaan m\u00e4\u00e4r\u00e4t\u00e4 jopa kymmenen vuotta vankeutta. Jere saattaa siis olla telkien takana viel\u00e4 pitk\u00e4n tovin.\u00a0<\/p>\n<p>                <img decoding=\"async\" src=\"https:\/\/www.europesays.com\/fi\/wp-content\/uploads\/2026\/01\/2037394.webp.jpeg\" width=\"576\" height=\"269\" alt=\"Jere yritti p\u00e4\u00e4st\u00e4 vapaaksi ennen joulua, mutta k\u00e4r\u00e4j\u00e4oikeus ei suostunut ex-kiekkoilijan vaatimuksiin.\" loading=\"lazy\" \/>            <\/p>\n<p>\n            Jere yritti p\u00e4\u00e4st\u00e4 vapaaksi ennen joulua, mutta k\u00e4r\u00e4j\u00e4oikeus ei suostunut ex-kiekkoilijan vaatimuksiin.<br \/>\n            Panu H\u00f6rkk\u00f6, Timo Korhonen\n        <\/p>\n<p class=\"article-content article-content-width !bg-background\">Jeren vangitsemisen seurauksena vastuu ex-parin kolmesta lapsesta j\u00e4i kokonaan Nannalle. Podcastiakin juontava hyvinvointivaikuttaja on tosin antanut ymm\u00e4rt\u00e4\u00e4, <a href=\"https:\/\/www.seiska.fi\/kotimaa\/jere-karalahdesta-eronnut-nanna-shokkipaljastus\/1907625\" target=\"_blank\" rel=\"nofollow noopener\">ettei Jere pahemmin osoittanut kiinnostusta j\u00e4lkikasvuaan kohtaan aiemminkaan<\/a>.\u00a0<\/p>\n<p>Loistava pikkuballerina<\/p>\n<p class=\"article-content article-content-width !bg-background\">Nanna sen sijaan on ilmaissut nauttivansa lasten kanssa viett\u00e4m\u00e4st\u00e4\u00e4n ajasta. Kolmikko vilahteleekin s\u00e4\u00e4nn\u00f6llisesti Nannan sometileill\u00e4.\u00a0<\/p>\n<p>                <img decoding=\"async\" src=\"https:\/\/www.europesays.com\/fi\/wp-content\/uploads\/2026\/01\/2037408.webp.jpeg\" width=\"576\" height=\"720\" alt=\"Somen perusteella Nanna p\u00e4rj\u00e4\u00e4 lapsiarjen kanssa loistavasti muuttuneesta tilanteesta huolimatta.\" loading=\"lazy\" \/>            <\/p>\n<p>\n            Somen perusteella Nanna p\u00e4rj\u00e4\u00e4 lapsiarjen kanssa loistavasti muuttuneesta tilanteesta huolimatta.<br \/>\n            TIMO KORHONEN\n        <\/p>\n<p class=\"article-content article-content-width !bg-background\">Sunnuntaina (4.1.) somen valokeilaan p\u00e4\u00e4si perheen 3-vuotias kuopus. H\u00e4n istuu Nanna julkaisemassa otoksessa peilin edess\u00e4 vaaleanpunainen balettiasu yll\u00e4\u00e4n.\u00a0<\/p>\n<p>        <a itemprop=\"url\" href=\"https:\/\/www.seiska.fi\/kotimaa\/nanna-karalahti-riipaiseva-ulostulo\/2027594\" rel=\"nofollow noopener\" target=\"_blank\"><\/p>\n<p>\nNanna Karalahti\n<\/p>\n<p class=\"section-date\">\n        <strong class=\"article-section\" data-section=\"kotimaa\"><br \/>\n            kotimaa<br \/>\n        <\/strong><br \/>\n        20.12.2025 14:00\n    <\/p>\n<p>Nanna Karalahti: Riipaiseva ulostulo\n    <\/p>\n<p itemprop=\"description\" class=\"subtitle \">\n    Viime ajat ovat olleet raskaita Karalahden perheelle.\n<\/p>\n<p>        <\/a><\/p>\n<p class=\"article-content article-content-width !bg-background\">\u2013 Kun on turvaa, uskaltaa kasvaa ja loistaa, Nanna kirjoittaa.\u00a0<\/p>\n<p>Somekansa huolestui<\/p>\n<p class=\"article-content article-content-width !bg-background\">Julkaisun kommenttikent\u00e4st\u00e4 rauha ja turva ovat kuitenkin kaukana. Er\u00e4s kuvassa n\u00e4kyv\u00e4 seikka on saanut osan somekansasta huolestumaan\u00a0\u2013 ja kuten niin usein on tapana, my\u00f6s ilmaisemaan huolensa kova\u00e4\u00e4nisesti.<\/p>\n<p class=\"article-content article-content-width !bg-background\">\u2013 Miksi tutti noin isolla lapsella? Instagramissa ihmetell\u00e4\u00e4n.\u00a0<\/p>\n<p>                <img decoding=\"async\" src=\"https:\/\/www.europesays.com\/fi\/wp-content\/uploads\/2026\/01\/2037421.webp.jpeg\" width=\"576\" height=\"720\" alt=\"Nannalla on laajat tukiverkostot. H\u00e4n saapui elokuvan ensi-iltaan yst\u00e4v\u00e4ns\u00e4 kanssa helmikuussa 2025.\" loading=\"lazy\" \/>            <\/p>\n<p>\n            Nannalla on laajat tukiverkostot. H\u00e4n saapui elokuvan ensi-iltaan yst\u00e4v\u00e4ns\u00e4 kanssa helmikuussa 2025.<br \/>\n            Timo Korhonen\n        <\/p>\n<p class=\"article-content article-content-width !bg-background\">Yksi seuraajista toteaa lapsen saavan tutista mahdollisesti turvaa. K\u00e4rkk\u00e4\u00e4mpi\u00e4kin mielipiteit\u00e4 joukosta l\u00f6ytyy.<\/p>\n<p>        <a itemprop=\"url\" href=\"https:\/\/www.seiska.fi\/kotimaa\/jere-karalahden-pojan-kirje-joulupukille-sydantasarkeva-toive\/2027266\" rel=\"nofollow noopener\" target=\"_blank\"><\/p>\n<p>\nJere Karalahden\n<\/p>\n<p class=\"section-date\">\n        <strong class=\"article-section\" data-section=\"kotimaa\"><br \/>\n            kotimaa<br \/>\n        <\/strong><br \/>\n        19.12.2025 18:30\n    <\/p>\n<p>Jere Karalahden pojan kirje Joulupukille: syd\u00e4nt\u00e4s\u00e4rkev\u00e4 toive\n    <\/p>\n<p itemprop=\"description\" class=\"subtitle \">\n    Jere ja Nanna Karalahden Jax-pojan kirje Joulupukille sis\u00e4lt\u00e4\u00e4 surullisen yksityiskohdan.\n<\/p>\n<p>        <\/a><\/p>\n<p class=\"article-content article-content-width !bg-background\">\u2013 Nannaa ei kiinnosta lapsen my\u00f6hemm\u00e4t purentaviat, er\u00e4s kommentoija t\u00e4r\u00e4ytt\u00e4\u00e4 jatkaen my\u00f6hemmin:<\/p>\n<p class=\"article-content article-content-width !bg-background\">\u2013 Turvaa ja samalla isompana sitten hammasl\u00e4\u00e4k\u00e4rin asiakkaana.<\/p>\n<p>Terveysvaikutuksia<\/p>\n<p class=\"article-content article-content-width !bg-background\">Vaikka kommenttien s\u00e4vy on varsin k\u00e4rk\u00e4s, ei huoli ole t\u00e4ysin per\u00e4t\u00f6n.\u00a0<\/p>\n<p class=\"article-content article-content-width !bg-background\">Tutin voimakas <a href=\"https:\/\/www.terveyskirjasto.fi\/trv00043\" target=\"_blank\" style=\"font-size:1.125rem\" rel=\"nofollow noopener\">imeskely voi aiheuttaa purentavikoja<\/a>, joita t\u00e4ytyy my\u00f6hemmin korjata oikomishoidolla, kertoo .\u00a0<\/p>\n<p>        <a itemprop=\"url\" href=\"https:\/\/www.seiska.fi\/kotimaa\/nanna-karalahden-villit-synttarit-kaatui-ja-tanssi-poydalla\/2014152\" rel=\"nofollow noopener\" target=\"_blank\"><\/p>\n<p>\nNanna Karalahti\n<\/p>\n<p class=\"section-date\">\n        <strong class=\"article-section\" data-section=\"kotimaa\"><br \/>\n            kotimaa<br \/>\n        <\/strong><br \/>\n        7.12.2025 16:30\n    <\/p>\n<p>Nanna Karalahden villit syntt\u00e4rit &#8211; kaatui ja tanssi p\u00f6yd\u00e4ll\u00e4\n    <\/p>\n<p itemprop=\"description\" class=\"subtitle \">\n    Nannan syntym\u00e4p\u00e4iv\u00e4t olivat riehakkaat. Paikalla juhlissa oli useita julkkiksia.\n<\/p>\n<p>        <\/a><\/p>\n<p class=\"article-content article-content-width !bg-background\">Toisaalta tutti voi v\u00e4hent\u00e4\u00e4 esimerkiksi peukalon imemist\u00e4, joka sekin aiheuttaa hammaskaaren kaventumista. Tutin aiheuttamat purentavirheet ovat helpommin korjattavissa kuin sormien imemisest\u00e4 seuranneet. Tutti voi my\u00f6s rauhoittaa lasta.<\/p>\n","protected":false},"excerpt":{"rendered":"Matti Matikainen Nannan kuopuksestaan julkaisema kuva her\u00e4tt\u00e4\u00e4 huolta. Yritt\u00e4j\u00e4 on takanaan vuosi, joka ei ole ollut helpommasta p\u00e4\u00e4st\u00e4.\u00a0&hellip;\n","protected":false},"author":2,"featured_media":133935,"comment_status":"","ping_status":"","sticky":false,"template":"","format":"standard","meta":{"footnotes":""},"categories":[130],"tags":[137,33,31,30,13120,9221,3271,99,5541,98,2905,32,15065,1700,109],"class_list":{"0":"post-133934","1":"post","2":"type-post","3":"status-publish","4":"format-standard","5":"has-post-thumbnail","7":"category-viihde","8":"tag-entertainment","9":"tag-fi","10":"tag-finland","11":"tag-finnish","12":"tag-hampaat","13":"tag-huumausainerikos","14":"tag-jere-karalahti","15":"tag-lapset","16":"tag-nanna-karalahti","17":"tag-perhe","18":"tag-somekohu","19":"tag-suomi","20":"tag-tutti","21":"tag-urheilulaji","22":"tag-viihde"},"share_on_mastodon":{"url":"https:\/\/pubeurope.com\/@fi\/115841803423972327","error":""},"_links":{"self":[{"href":"https:\/\/www.europesays.com\/fi\/wp-json\/wp\/v2\/posts\/133934","targetHints":{"allow":["GET"]}}],"collection":[{"href":"https:\/\/www.europesays.com\/fi\/wp-json\/wp\/v2\/posts"}],"about":[{"href":"https:\/\/www.europesays.com\/fi\/wp-json\/wp\/v2\/types\/post"}],"author":[{"embeddable":true,"href":"https:\/\/www.europesays.com\/fi\/wp-json\/wp\/v2\/users\/2"}],"replies":[{"embeddable":true,"href":"https:\/\/www.europesays.com\/fi\/wp-json\/wp\/v2\/comments?post=133934"}],"version-history":[{"count":0,"href":"https:\/\/www.europesays.com\/fi\/wp-json\/wp\/v2\/posts\/133934\/revisions"}],"wp:featuredmedia":[{"embeddable":true,"href":"https:\/\/www.europesays.com\/fi\/wp-json\/wp\/v2\/media\/133935"}],"wp:attachment":[{"href":"https:\/\/www.europesays.com\/fi\/wp-json\/wp\/v2\/media?parent=133934"}],"wp:term":[{"taxonomy":"category","embeddable":true,"href":"https:\/\/www.europesays.com\/fi\/wp-json\/wp\/v2\/categories?post=133934"},{"taxonomy":"post_tag","embeddable":true,"href":"https:\/\/www.europesays.com\/fi\/wp-json\/wp\/v2\/tags?post=133934"}],"curies":[{"name":"wp","href":"https:\/\/api.w.org\/{rel}","templated":true}]}}