{"id":133936,"date":"2026-01-05T09:35:07","date_gmt":"2026-01-05T09:35:07","guid":{"rendered":"https:\/\/www.europesays.com\/fi\/133936\/"},"modified":"2026-01-05T09:35:07","modified_gmt":"2026-01-05T09:35:07","slug":"yhdeksan-tampereen-seudun-kuntaa-vaihtaa-ict-palvelut-fujitsulle-muutos-vaikuttaa-myos-kouluissa","status":"publish","type":"post","link":"https:\/\/www.europesays.com\/fi\/133936\/","title":{"rendered":"Yhdeks\u00e4n Tampereen seudun kuntaa vaihtaa ICT-palvelut Fujitsulle \u2013 muutos vaikuttaa my\u00f6s kouluissa"},"content":{"rendered":"<p>ICT-palveluiden k\u00e4ytt\u00e4jist\u00e4 67\u202f000 on koululaisia ja opiskelijoita.<\/p>\n<p class=\"article-body mb-nof-24 px-nof-16\">Aamulehti<\/p>\n<p class=\"article-body mb-nof-24 px-nof-16\">Tampereen kaupunkiseudun kunnat ovat valinneet Fujitsu Finlandin ICT-peruspalveluidensa toimittajaksi. Palveluiden siirto nykyiselt\u00e4 kumppanilta Vivictalta alkaa tammikuussa.<\/p>\n<p class=\"article-body mb-nof-24 px-nof-16\">Palvelut tulevat k\u00e4ytt\u00f6\u00f6n yhdeks\u00e4lle kunnalle ja lukuisille tyt\u00e4ryhteis\u00f6ille. Muutos vaikuttaa yhteens\u00e4 88\u202f000 k\u00e4ytt\u00e4j\u00e4\u00e4n. Mukana on Tampereen lis\u00e4ksi H\u00e4meenkyr\u00f6, Kangasala, Lemp\u00e4\u00e4l\u00e4, Nokia, Orivesi, Pirkkala, Vesilahti ja Yl\u00f6j\u00e4rvi.<\/p>\n<p class=\"article-body mb-nof-24 px-nof-16\">Kuntien ja tyt\u00e4ryhteis\u00f6jen henkil\u00f6st\u00f6n lis\u00e4ksi ICT-palveluita k\u00e4ytt\u00e4\u00e4 67\u202f000 koululaista ja opiskelijaa.<\/p>\n<p class=\"article-body mb-nof-24 px-nof-16\">Fujitsu vastaa jatkossa my\u00f6s Tampereen seudun ammattiopisto Tredun ICT-peruspalveluista.<\/p>\n<p class=\"article-body mb-nof-24 px-nof-16\">Kilpailutus toteutettiin kilpailullisella neuvottelumenettelyll\u00e4. Lopullisen tarjouksen j\u00e4ttiv\u00e4t Atea Finland, CGI Suomi, Elisa ja Fujitsu Finland.<\/p>\n<p class=\"article-body mb-nof-24 px-nof-16\">Fujitsu valikoitui parhaalla hinta-laatusuhteella. Yrityksen tarjouksessa yhdistyi muita edullisempi hinta ja korkea laatu, Tampereen kaupunki kertoo tiedotteessa.<\/p>\n<p class=\"article-body mb-nof-24 px-nof-16\">\u201dTavoitteenamme oli saada joustava sopimusmalli ja toimittaja, joka sitoutuu pitk\u00e4j\u00e4nteisesti yhteisty\u00f6h\u00f6n ja Tampereen seudun asiakkuuden kehitt\u00e4miseen. Uuden sopimuksen my\u00f6t\u00e4 j\u00e4rjest\u00e4mme tietotekniikan peruspalvelut ja prosessit sujuvasti ja aiempaa yhten\u00e4isemmin\u201d, toteaa Tampereen digitalisaatiosta ja tietohallinnosta vastaava johtaja<a class=\"font-bold underline-offset-[0.12em] [text-decoration:var(--person-link-text-decoration)] ![text-decoration-color:var(--person-link-text-decoration-color)]\" href=\"https:\/\/www.aamulehti.fi\/haku\/?query=%20Maria%20Nikkil%C3%A4\" rel=\"nofollow noopener\" target=\"_blank\"> Maria Nikkil\u00e4<\/a> tiedotteessa.<\/p>\n<p class=\"article-body mb-nof-24 px-nof-16\">Sopimus kattaa v\u00e4hint\u00e4\u00e4n seitsem\u00e4n vuotta.<\/p>\n<p class=\"article-body mb-nof-24 px-nof-16\">Yhteishankinnan enimm\u00e4isarvo on 250 miljoonaa euroa. Sopimus kattaa nykyist\u00e4 laajemman kokonaisuuden, mik\u00e4 nostaa kokonaiskustannuksia. Kustannustaso suhteessa palvelujen ja k\u00e4ytt\u00e4jien m\u00e4\u00e4r\u00e4\u00e4n pysyy l\u00e4hes nykyisell\u00e4 tasolla.<\/p>\n<p class=\"article-body mb-nof-24 px-nof-16\">Hankintaan kuului ty\u00f6ntekij\u00f6iden k\u00e4ytt\u00e4j\u00e4tuki, noin 55\u202f000 ty\u00f6aseman elinkaaresta huolehtiminen, palvelinten k\u00e4ytt\u00f6- ja kapasiteettipalvelut, modernit tietoturvapalvelut ja tallennustila pilvipalveluissa. Lis\u00e4ksi hankittiin asiantuntijapalveluita.<\/p>\n<p class=\"article-body mb-nof-24 px-nof-16\">Palveluiden siirto tehd\u00e4\u00e4n kes\u00e4kuun 2027 loppuun menness\u00e4.<\/p>\n","protected":false},"excerpt":{"rendered":"ICT-palveluiden k\u00e4ytt\u00e4jist\u00e4 67\u202f000 on koululaisia ja opiskelijoita. Aamulehti Tampereen kaupunkiseudun kunnat ovat valinneet Fujitsu Finlandin ICT-peruspalveluidensa toimittajaksi. Palveluiden&hellip;\n","protected":false},"author":2,"featured_media":1431,"comment_status":"","ping_status":"","sticky":false,"template":"","format":"standard","meta":{"footnotes":""},"categories":[76],"tags":[157,79,77,33,31,30,32,78],"class_list":{"0":"post-133936","1":"post","2":"type-post","3":"status-publish","4":"format-standard","5":"has-post-thumbnail","7":"category-talous","8":"tag-aamulehti","9":"tag-business","10":"tag-economy","11":"tag-fi","12":"tag-finland","13":"tag-finnish","14":"tag-suomi","15":"tag-talous"},"share_on_mastodon":{"url":"https:\/\/pubeurope.com\/@fi\/115841815246517655","error":""},"_links":{"self":[{"href":"https:\/\/www.europesays.com\/fi\/wp-json\/wp\/v2\/posts\/133936","targetHints":{"allow":["GET"]}}],"collection":[{"href":"https:\/\/www.europesays.com\/fi\/wp-json\/wp\/v2\/posts"}],"about":[{"href":"https:\/\/www.europesays.com\/fi\/wp-json\/wp\/v2\/types\/post"}],"author":[{"embeddable":true,"href":"https:\/\/www.europesays.com\/fi\/wp-json\/wp\/v2\/users\/2"}],"replies":[{"embeddable":true,"href":"https:\/\/www.europesays.com\/fi\/wp-json\/wp\/v2\/comments?post=133936"}],"version-history":[{"count":0,"href":"https:\/\/www.europesays.com\/fi\/wp-json\/wp\/v2\/posts\/133936\/revisions"}],"wp:featuredmedia":[{"embeddable":true,"href":"https:\/\/www.europesays.com\/fi\/wp-json\/wp\/v2\/media\/1431"}],"wp:attachment":[{"href":"https:\/\/www.europesays.com\/fi\/wp-json\/wp\/v2\/media?parent=133936"}],"wp:term":[{"taxonomy":"category","embeddable":true,"href":"https:\/\/www.europesays.com\/fi\/wp-json\/wp\/v2\/categories?post=133936"},{"taxonomy":"post_tag","embeddable":true,"href":"https:\/\/www.europesays.com\/fi\/wp-json\/wp\/v2\/tags?post=133936"}],"curies":[{"name":"wp","href":"https:\/\/api.w.org\/{rel}","templated":true}]}}