{"id":133937,"date":"2026-01-05T09:36:10","date_gmt":"2026-01-05T09:36:10","guid":{"rendered":"https:\/\/www.europesays.com\/fi\/133937\/"},"modified":"2026-01-05T09:36:10","modified_gmt":"2026-01-05T09:36:10","slug":"puola-sulki-ilmatilansa-lahella-ukrainan-rajaa","status":"publish","type":"post","link":"https:\/\/www.europesays.com\/fi\/133937\/","title":{"rendered":"Puola sulki ilmatilansa l\u00e4hell\u00e4 Ukrainan rajaa"},"content":{"rendered":"<p class=\"teksti\">Puola on sulkenut ilmatilansa maan it\u00e4osissa, kertoo Flightradar24-sivusto. Sivusto kertoo <a href=\"https:\/\/x.com\/flightradar24\/status\/2008001618244219252\" target=\"_blank\" rel=\"noopener nofollow\">viestipalvelu X:ss\u00e4<\/a> Puolan it\u00e4osissa sijaitsevien Rzesz\u00f3win ja Lublinin lentokenttien olevan suljettuna maanantaiaamuna. <\/p>\n<p class=\"teksti\">Ilmatilan sulkemisen syyksi julkaisussa kerrotaan \u201dsuunnittelematon sotilaallinen aktiivisuus, joka liittyy kansallisen turvallisuuden varmistamiseen\u201d. Lentokent\u00e4t sijaitsevat noin 90 kilometrin p\u00e4\u00e4ss\u00e4 Puolan ja Ukrainan v\u00e4lisest\u00e4 rajasta.<\/p>\n<p class=\"teksti\">Asiasta kertoi Suomessa ensimm\u00e4isen\u00e4 <a href=\"https:\/\/www.is.fi\/ulkomaat\/art-2000011729527.html\" target=\"_blank\" rel=\"noopener nofollow\" class=\"teos\">Ilta-Sanomat<\/a>. <\/p>\n","protected":false},"excerpt":{"rendered":"Puola on sulkenut ilmatilansa maan it\u00e4osissa, kertoo Flightradar24-sivusto. Sivusto kertoo viestipalvelu X:ss\u00e4 Puolan it\u00e4osissa sijaitsevien Rzesz\u00f3win ja Lublinin&hellip;\n","protected":false},"author":2,"featured_media":2022,"comment_status":"","ping_status":"","sticky":false,"template":"","format":"standard","meta":{"footnotes":""},"categories":[14],"tags":[22,23,26,27,33,31,30,17,24,25,28,29,15,18,21,32,19,20,56,16,59,60,61],"class_list":{"0":"post-133937","1":"post","2":"type-post","3":"status-publish","4":"format-standard","5":"has-post-thumbnail","7":"category-ulkomaat","8":"tag-breaking-news","9":"tag-breakingnews","10":"tag-featured-news","11":"tag-featurednews","12":"tag-fi","13":"tag-finland","14":"tag-finnish","15":"tag-headlines","16":"tag-latest-news","17":"tag-latestnews","18":"tag-main-news","19":"tag-mainnews","20":"tag-news","21":"tag-otsikot","22":"tag-paauutiset","23":"tag-suomi","24":"tag-top-stories","25":"tag-topstories","26":"tag-ulkomaat","27":"tag-uutiset","28":"tag-world","29":"tag-world-news","30":"tag-worldnews"},"share_on_mastodon":{"url":"https:\/\/pubeurope.com\/@fi\/115841819296657306","error":""},"_links":{"self":[{"href":"https:\/\/www.europesays.com\/fi\/wp-json\/wp\/v2\/posts\/133937","targetHints":{"allow":["GET"]}}],"collection":[{"href":"https:\/\/www.europesays.com\/fi\/wp-json\/wp\/v2\/posts"}],"about":[{"href":"https:\/\/www.europesays.com\/fi\/wp-json\/wp\/v2\/types\/post"}],"author":[{"embeddable":true,"href":"https:\/\/www.europesays.com\/fi\/wp-json\/wp\/v2\/users\/2"}],"replies":[{"embeddable":true,"href":"https:\/\/www.europesays.com\/fi\/wp-json\/wp\/v2\/comments?post=133937"}],"version-history":[{"count":0,"href":"https:\/\/www.europesays.com\/fi\/wp-json\/wp\/v2\/posts\/133937\/revisions"}],"wp:featuredmedia":[{"embeddable":true,"href":"https:\/\/www.europesays.com\/fi\/wp-json\/wp\/v2\/media\/2022"}],"wp:attachment":[{"href":"https:\/\/www.europesays.com\/fi\/wp-json\/wp\/v2\/media?parent=133937"}],"wp:term":[{"taxonomy":"category","embeddable":true,"href":"https:\/\/www.europesays.com\/fi\/wp-json\/wp\/v2\/categories?post=133937"},{"taxonomy":"post_tag","embeddable":true,"href":"https:\/\/www.europesays.com\/fi\/wp-json\/wp\/v2\/tags?post=133937"}],"curies":[{"name":"wp","href":"https:\/\/api.w.org\/{rel}","templated":true}]}}