{"id":133938,"date":"2026-01-05T09:37:06","date_gmt":"2026-01-05T09:37:06","guid":{"rendered":"https:\/\/www.europesays.com\/fi\/133938\/"},"modified":"2026-01-05T09:37:06","modified_gmt":"2026-01-05T09:37:06","slug":"pekka-santtila-ja-gunilla-widen-jatkoon-abo-akademin-rehtorivalinnassa","status":"publish","type":"post","link":"https:\/\/www.europesays.com\/fi\/133938\/","title":{"rendered":"Pekka Santtila ja Gunilla Wid\u00e9n jatkoon \u00c5bo Akademin rehtorivalinnassa"},"content":{"rendered":"<p>5.1.2026<\/p>\n<p>Pekka\u00a0Santtila\u00a0ja Gunilla Wid\u00e9n\u00a0jatkoon\u00a0\u00c5bo Akademin\u00a0rehtori-valinnassa\u00a0<\/p>\n<p class=\"is-style-lead\">\u00c5bo Akademi hakee uutta rehtoria kaudelle 1.8.2026\u201331.7.2030.\u00a0Hakijoita oli yhteens\u00e4 yksitoista, joista\u00a0Gunilla Wid\u00e9n\u00a0ja\u00a0Pekka Santtila\u00a0etenev\u00e4t rekrytointiprosessissa.\u00a0<\/p>\n<p class=\"\">Pekka Santtila on psykologian professori NYU Shanghaissa ja kansainv\u00e4lisesti arvostettu oikeuspsykologian tutkija. H\u00e4n on \u00c5bo Akademin alumni ja on aiemmin toiminut professorina ja dekaanina \u00c5bo Akademissa. Santtilalla on laaja kokemus akateemisesta johtamisesta sek\u00e4 Suomessa ett\u00e4 kansainv\u00e4lisesti. H\u00e4n on my\u00f6s \u00c5bo Akademin ja East China Normal Universityn dosentti.<\/p>\n<p class=\"\">Tutkijana Santtila on erikoistunut haastattelumenetelmiin, teko\u00e4lyavusteiseen p\u00e4\u00e4t\u00f6ksentekoon ja simulaatioiden avulla tapahtuvaan oppimiseen. NYU Shanghaissa h\u00e4n on toiminut yhteiskuntatieteiden oppiainevastaavana, yliopiston tutkimuseettisen toimikunnan puheenjohtajana sek\u00e4 tiedekuntaneuvoston puheenjohtajana.<\/p>\n<p class=\"\">Gunilla Wid\u00e9n on informaatiotutkimuksen professori \u00c5bo Akademissa ja on toiminut vt. rehtorina huhtikuusta 2025 l\u00e4htien. H\u00e4nell\u00e4 on vahva tutkimustausta, tohtorintutkinto \u00c5bo Akademista, yli 120 julkaisua sek\u00e4 kokemusta useiden v\u00e4it\u00f6skirjatutkijoiden ohjauksesta. H\u00e4nen tutkimuksensa keskittyy yhteiskunnallisiin informaatioymp\u00e4rist\u00f6ihin, ja h\u00e4n on aktiivinen kansainv\u00e4lisiss\u00e4 yhteisty\u00f6verkostoissa.<\/p>\n<p class=\"\">Wid\u00e9nill\u00e4 on laaja kokemus akateemisesta johtamisesta. Nykyisen vt. rehtorin teht\u00e4v\u00e4ns\u00e4 lis\u00e4ksi h\u00e4n on toiminut muun muassa opiskeluasioista vastaavana vararehtorina, varadekaanina ja oppiainevastaavana professorina. H\u00e4n on my\u00f6s Tampereen yliopiston dosentti.<\/p>\n<p class=\"\">\u00c5bo Akademin henkil\u00f6st\u00f6ll\u00e4 ja opiskelijoilla on mahdollisuus tutustua finalisteihin yliopistokollegion j\u00e4rjest\u00e4m\u00e4ss\u00e4 kyselytilaisuudessa 14. tammikuuta 2026.<\/p>\n<p class=\"\">Rehtorin valinnasta p\u00e4\u00e4tt\u00e4\u00e4 \u00c5bo Akademin hallitus, joka k\u00e4sittelee asiaa kokouksessaan 27. tammikuuta 2026.<\/p>\n<p class=\"\"><strong>Lis\u00e4tietoja:<\/strong><\/p>\n<p class=\"\">Dag Wallgren, \u00c5bo Akademin hallituksen puheenjohtaja<br \/>s\u00e4hk\u00f6posti: dag.wallgren@abo.fi<br \/>puh.: +358 40 522 4648<\/p>\n<p class=\"\">Ulkomaanmatkan vuoksi Dag Wallgren on tavoitettavissa kommentteja varten aikaisintaan 5. tammikuuta klo 15 Suomen aikaa. H\u00e4net voi mahdollisesti tavoittaa s\u00e4hk\u00f6postitse tai WhatsAppin kautta jo aiemmin p\u00e4iv\u00e4n aikana.<\/p>\n","protected":false},"excerpt":{"rendered":"5.1.2026 Pekka\u00a0Santtila\u00a0ja Gunilla Wid\u00e9n\u00a0jatkoon\u00a0\u00c5bo Akademin\u00a0rehtori-valinnassa\u00a0 \u00c5bo Akademi hakee uutta rehtoria kaudelle 1.8.2026\u201331.7.2030.\u00a0Hakijoita oli yhteens\u00e4 yksitoista, joista\u00a0Gunilla Wid\u00e9n\u00a0ja\u00a0Pekka Santtila\u00a0etenev\u00e4t&hellip;\n","protected":false},"author":2,"featured_media":133939,"comment_status":"","ping_status":"","sticky":false,"template":"","format":"standard","meta":{"footnotes":""},"categories":[12],"tags":[22,23,26,27,33,31,30,17,24,25,28,29,15,18,21,32,19,20,16],"class_list":{"0":"post-133938","1":"post","2":"type-post","3":"status-publish","4":"format-standard","5":"has-post-thumbnail","7":"category-suomi","8":"tag-breaking-news","9":"tag-breakingnews","10":"tag-featured-news","11":"tag-featurednews","12":"tag-fi","13":"tag-finland","14":"tag-finnish","15":"tag-headlines","16":"tag-latest-news","17":"tag-latestnews","18":"tag-main-news","19":"tag-mainnews","20":"tag-news","21":"tag-otsikot","22":"tag-paauutiset","23":"tag-suomi","24":"tag-top-stories","25":"tag-topstories","26":"tag-uutiset"},"share_on_mastodon":{"url":"https:\/\/pubeurope.com\/@fi\/115841823206704620","error":""},"_links":{"self":[{"href":"https:\/\/www.europesays.com\/fi\/wp-json\/wp\/v2\/posts\/133938","targetHints":{"allow":["GET"]}}],"collection":[{"href":"https:\/\/www.europesays.com\/fi\/wp-json\/wp\/v2\/posts"}],"about":[{"href":"https:\/\/www.europesays.com\/fi\/wp-json\/wp\/v2\/types\/post"}],"author":[{"embeddable":true,"href":"https:\/\/www.europesays.com\/fi\/wp-json\/wp\/v2\/users\/2"}],"replies":[{"embeddable":true,"href":"https:\/\/www.europesays.com\/fi\/wp-json\/wp\/v2\/comments?post=133938"}],"version-history":[{"count":0,"href":"https:\/\/www.europesays.com\/fi\/wp-json\/wp\/v2\/posts\/133938\/revisions"}],"wp:featuredmedia":[{"embeddable":true,"href":"https:\/\/www.europesays.com\/fi\/wp-json\/wp\/v2\/media\/133939"}],"wp:attachment":[{"href":"https:\/\/www.europesays.com\/fi\/wp-json\/wp\/v2\/media?parent=133938"}],"wp:term":[{"taxonomy":"category","embeddable":true,"href":"https:\/\/www.europesays.com\/fi\/wp-json\/wp\/v2\/categories?post=133938"},{"taxonomy":"post_tag","embeddable":true,"href":"https:\/\/www.europesays.com\/fi\/wp-json\/wp\/v2\/tags?post=133938"}],"curies":[{"name":"wp","href":"https:\/\/api.w.org\/{rel}","templated":true}]}}