{"id":133942,"date":"2026-01-05T09:51:08","date_gmt":"2026-01-05T09:51:08","guid":{"rendered":"https:\/\/www.europesays.com\/fi\/133942\/"},"modified":"2026-01-05T09:51:08","modified_gmt":"2026-01-05T09:51:08","slug":"anni-ihamaki-avautuu-ilta-sanomille-isansa-muistisairaudesta-ei-muista-tytartaan","status":"publish","type":"post","link":"https:\/\/www.europesays.com\/fi\/133942\/","title":{"rendered":"Anni Iham\u00e4ki avautuu Ilta-Sanomille is\u00e4ns\u00e4 muistisairaudesta &#8211; ei muista tyt\u00e4rt\u00e4\u00e4n"},"content":{"rendered":"<p>            TIMO KORHONEN\n        <\/p>\n<p class=\"subtitle \">Anni kertoo lehdelle is\u00e4ns\u00e4 muistisairauden edenneen surulliseen pisteeseen.<\/p>\n<p class=\"article-content article-content-width !bg-background\">Juontaja , 43, on tehnyt mittavan uran radion ja television parissa. Suositun Aamulypsyn lis\u00e4ksi Anni on ty\u00f6skennellyt muun muassa Huvila &amp; huussin ja Mit\u00e4 lapsesi tekisi? -kisailun parissa.\u00a0<\/p>\n<p class=\"article-content article-content-width !bg-background\">Arjesta hieman ruuhakaisempaa tekev\u00e4t my\u00f6s Annin ja  3- ja 5-vuotiaat lapset. Lis\u00e4ksi perheeseen kuuluu Annin teini-ik\u00e4inen poika aiemmasta suhteesta.\u00a0<\/p>\n<p>        <a itemprop=\"url\" href=\"https:\/\/www.seiska.fi\/katso\/jorma-uotinen-repeaa-sami-sykon-harskille-nuijavitsille\/2036067\" rel=\"nofollow noopener\" target=\"_blank\"><\/p>\n<p>\nJorma Uotinen ja Sami Sykk\u00f6\n<\/p>\n<p class=\"section-date\">\n        <strong class=\"article-section\" data-section=\"katso\"><br \/>\n            katso<br \/>\n        <\/strong><br \/>\n        07:15\n    <\/p>\n<p>Jorma Uotinen repe\u00e4\u00e4 Sami Syk\u00f6n h\u00e4rskille nuijavitsille\n    <\/p>\n<p itemprop=\"description\" class=\"subtitle \">\n    Jorma Uotisella ja Sami Syk\u00f6ll\u00e4 on vauhti p\u00e4\u00e4ll\u00e4 tv:ss\u00e4.\n<\/p>\n<p>        <\/a><\/p>\n<p class=\"article-content article-content-width !bg-background\"><a href=\"https:\/\/www.is.fi\/viihde\/art-2000011604320.html\" target=\"_blank\" rel=\"nofollow noopener\">Ty\u00f6n ja lapsiperhearjen ohella Anni huolehtii my\u00f6s ik\u00e4\u00e4ntyvist\u00e4 vanhemmistaan<\/a>. H\u00e4n kertoo  haastattelussa erityisesti is\u00e4ns\u00e4 muistisairauden tekev\u00e4n tilanteesta haastavamman.\u00a0<\/p>\n<p>                <img decoding=\"async\" src=\"https:\/\/www.europesays.com\/fi\/wp-content\/uploads\/2026\/01\/2037279.webp.jpeg\" width=\"576\" height=\"720\" alt=\"Anni j\u00e4tti Huvilan &amp; huussin taakseen siirty\u00e4kseen Kokkisodan pariin.\" loading=\"lazy\" \/>            <\/p>\n<p>\n            Anni j\u00e4tti Huvilan &amp; huussin taakseen siirty\u00e4kseen Kokkisodan pariin.<br \/>\n            Timo Korhonen\n        <\/p>\n<p>Ei tunnistanut tyt\u00e4rt\u00e4\u00e4n<\/p>\n<p class=\"article-content article-content-width !bg-background\">Anni kertoo, ett\u00e4 ensimm\u00e4iset merkit is\u00e4n muistisairaudesta huomattiin kymmenen vuotta sitten. Tilanne on hiljalleen edennyt huonommaksi. Nyt sairaus on kuitenkin ottanut harmillisen harppauksen.<\/p>\n<p class=\"article-content article-content-width !bg-background\">\u2013\u00a0Viimeksi kun n\u00e4imme, niin ensimm\u00e4ist\u00e4 kertaa h\u00e4n ei oikein muistanut minua, Anni sanoo Ilta-Sanomille.\u00a0<\/p>\n<p class=\"article-content article-content-width !bg-background\">Annin mukaan is\u00e4 kyll\u00e4 tunnisti Annin, mutta ei ollut varma, mist\u00e4 yhteydest\u00e4. Syd\u00e4nt\u00e4s\u00e4rkev\u00e4st\u00e4 tilanteesta huolimatta Anni p\u00e4\u00e4tti pit\u00e4\u00e4 itsens\u00e4 kasassa<\/p>\n<p>        <a itemprop=\"url\" href=\"https:\/\/www.seiska.fi\/katso\/anni-ihamaki-ulos-huvila-huussi-ohjelmasta\/2003024\" rel=\"nofollow noopener\" target=\"_blank\"><\/p>\n<p>\nHuvila &amp; huussi\n<\/p>\n<p class=\"section-date\">\n        <strong class=\"article-section\" data-section=\"katso\"><br \/>\n            katso<br \/>\n        <\/strong><br \/>\n        25.11.2025 10:22\n    <\/p>\n<p>Anni Iham\u00e4ki ulos Huvila &amp; huussi -ohjelmasta\n    <\/p>\n<p itemprop=\"description\" class=\"subtitle \">\n    Huvila &amp; huussi -ohjelmassa k\u00e4yv\u00e4t muutoksen tuulet.\n<\/p>\n<p>        <\/a><\/p>\n<p class=\"article-content article-content-width !bg-background\">\u2013\u00a0Sanoin, ett\u00e4 ai jaa, ei kaikkea voi muistaa, \u00e4l\u00e4 siit\u00e4 huoli. Sitten menin kulman taakse pyyhkim\u00e4\u00e4n kyyneleit\u00e4ni hetkeksi.<\/p>\n<p>Lapsuusmuistot el\u00e4v\u00e4t<\/p>\n<p class=\"article-content article-content-width !bg-background\">Anni kuvailee is\u00e4ns\u00e4 sairastumista lehdess\u00e4 haikeaksi. Ajan kuluminen p\u00e4\u00e4si yll\u00e4tt\u00e4m\u00e4\u00e4n, ja nyt lapsen ja vanhemman roolit ovat ik\u00e4\u00e4n kuin vaihtuneet.\u00a0<\/p>\n<p>                <img decoding=\"async\" src=\"https:\/\/www.europesays.com\/fi\/wp-content\/uploads\/2026\/01\/2037283.webp.jpeg\" width=\"576\" height=\"322\" alt=\"Entinen Aamulypsy-kollega Jaajo Linnonmaa on my\u00f6s Annin hyv\u00e4 yst\u00e4v\u00e4.\" loading=\"lazy\" \/>            <\/p>\n<p>\n            Entinen Aamulypsy-kollega Jaajo Linnonmaa on my\u00f6s Annin hyv\u00e4 yst\u00e4v\u00e4.<br \/>\n            Timo Korhonen\n        <\/p>\n<p class=\"article-content article-content-width !bg-background\">Is\u00e4ns\u00e4 kanssa Anni ei en\u00e4\u00e4 voi keskustella entiseen tapaan tavanomaisista arjen asioista. Toisenlaisen yhteyden h\u00e4n on kuitenkin t\u00e4m\u00e4n kanssa l\u00f6yt\u00e4nyt.\u00a0<\/p>\n<p class=\"article-content article-content-width !bg-background\">\u2013\u00a0Kyselen h\u00e4nen lapsuudestaan, koska siit\u00e4 h\u00e4n on viel\u00e4 muistanut tosi paljon. Kun puhuu h\u00e4nen lapsuudestaan, niin tuntuu, ett\u00e4 puhuu h\u00e4nen kanssaan, Anni kuvailee lehdess\u00e4.<\/p>\n<p>Juhlivat nahkah\u00e4it\u00e4\u00e4n<\/p>\n<p class=\"article-content article-content-width !bg-background\"><a href=\"https:\/\/www.seiska.fi\/kotimaa\/anni-ihamaki-paljasti-suloisen-yksityiskohdan-upeasta-haapuvustaan-haamme-olivat-kuin-sunnuntailounas\/249996\" target=\"_blank\" rel=\"nofollow noopener\">Anni ja Ilkka meniv\u00e4t naimisiin syksyll\u00e4 2022<\/a>. H\u00e4it\u00e4 vietettiin intiimisti perhepiiriss\u00e4. Anni oli pukeutunut  suunnittelemaan asuun.\u00a0<\/p>\n<p class=\"article-content article-content-width !bg-background\">Radiossa rakastunut <a href=\"https:\/\/www.seiska.fi\/kotimaa\/anni-ja-ilkka-ihamaki-viettavat-suurta-merkkipaivaansa\/1900406\" target=\"_blank\" rel=\"nofollow noopener\">pariskunta vietti niin kutsuttua nahkah\u00e4\u00e4p\u00e4iv\u00e4\u00e4ns\u00e4<\/a>\u00a0viime elokuussa. Anni juhlisti merkkip\u00e4iv\u00e4\u00e4 julkaisemalla somessa kollaasin parin h\u00e4\u00e4kuvista. Otosten perusteella juhlista ei romantiikkaa puuttunut.<\/p>\n<p class=\"article-content article-content-width !bg-background\">\u2013\u00a0Hyv\u00e4\u00e4 h\u00e4\u00e4p\u00e4iv\u00e4\u00e4 meille! Kolmas jo, Anni hehkutti julkaisussaan.<\/p>\n<p>        <a itemprop=\"url\" href=\"https:\/\/www.seiska.fi\/kotimaa\/oho-anni-ihamaki-paparazzattiin-vahingossa-poikkeuksellinen-syy-salakuvalle\/1987508\" rel=\"nofollow noopener\" target=\"_blank\"><\/p>\n<p>\nPaparazzattiin vahingossa!\n<\/p>\n<p class=\"section-date\">\n        <strong class=\"article-section\" data-section=\"kotimaa\"><br \/>\n            kotimaa<br \/>\n        <\/strong><br \/>\n        8.11.2025 10:30\n    <\/p>\n<p>Oho! Anni Iham\u00e4ki paparazzattiin vahingossa \u2013 poikkeuksellinen syy salakuvalle\n    <\/p>\n<p itemprop=\"description\" class=\"subtitle \">\n    Anni Iham\u00e4est\u00e4 otettiin salakuva erikoisesta syyst\u00e4.\n<\/p>\n<p>        <\/a><\/p>\n","protected":false},"excerpt":{"rendered":"TIMO KORHONEN Anni kertoo lehdelle is\u00e4ns\u00e4 muistisairauden edenneen surulliseen pisteeseen. Juontaja , 43, on tehnyt mittavan uran radion&hellip;\n","protected":false},"author":2,"featured_media":133943,"comment_status":"","ping_status":"","sticky":false,"template":"","format":"standard","meta":{"footnotes":""},"categories":[136],"tags":[11182,1239,407,137,33,31,30,19176,1234,34,7184,2681,408,7116,99,3397,98,3893,32,2086,167,102,109],"class_list":{"0":"post-133942","1":"post","2":"type-post","3":"status-publish","4":"format-standard","5":"has-post-thumbnail","7":"category-julkkikset","8":"tag-aamulypsy","9":"tag-anni-ihamaki","10":"tag-celebrities","11":"tag-entertainment","12":"tag-fi","13":"tag-finland","14":"tag-finnish","15":"tag-huvila-huussi","16":"tag-ilkka-ihamaki","17":"tag-ilta-sanomat","18":"tag-isa","19":"tag-jaajo-linnonmaa","20":"tag-julkkikset","21":"tag-kokkisota","22":"tag-lapset","23":"tag-muistisairaus","24":"tag-perhe","25":"tag-sairaus","26":"tag-suomi","27":"tag-suru","28":"tag-terveys","29":"tag-vanhemmat","30":"tag-viihde"},"share_on_mastodon":{"url":"https:\/\/pubeurope.com\/@fi\/115841878139841567","error":""},"_links":{"self":[{"href":"https:\/\/www.europesays.com\/fi\/wp-json\/wp\/v2\/posts\/133942","targetHints":{"allow":["GET"]}}],"collection":[{"href":"https:\/\/www.europesays.com\/fi\/wp-json\/wp\/v2\/posts"}],"about":[{"href":"https:\/\/www.europesays.com\/fi\/wp-json\/wp\/v2\/types\/post"}],"author":[{"embeddable":true,"href":"https:\/\/www.europesays.com\/fi\/wp-json\/wp\/v2\/users\/2"}],"replies":[{"embeddable":true,"href":"https:\/\/www.europesays.com\/fi\/wp-json\/wp\/v2\/comments?post=133942"}],"version-history":[{"count":0,"href":"https:\/\/www.europesays.com\/fi\/wp-json\/wp\/v2\/posts\/133942\/revisions"}],"wp:featuredmedia":[{"embeddable":true,"href":"https:\/\/www.europesays.com\/fi\/wp-json\/wp\/v2\/media\/133943"}],"wp:attachment":[{"href":"https:\/\/www.europesays.com\/fi\/wp-json\/wp\/v2\/media?parent=133942"}],"wp:term":[{"taxonomy":"category","embeddable":true,"href":"https:\/\/www.europesays.com\/fi\/wp-json\/wp\/v2\/categories?post=133942"},{"taxonomy":"post_tag","embeddable":true,"href":"https:\/\/www.europesays.com\/fi\/wp-json\/wp\/v2\/tags?post=133942"}],"curies":[{"name":"wp","href":"https:\/\/api.w.org\/{rel}","templated":true}]}}