{"id":133946,"date":"2026-01-05T10:01:09","date_gmt":"2026-01-05T10:01:09","guid":{"rendered":"https:\/\/www.europesays.com\/fi\/133946\/"},"modified":"2026-01-05T10:01:09","modified_gmt":"2026-01-05T10:01:09","slug":"elon-muskin-tekoalya-kaytetty-jarkyttavien-kuvien-tekoon","status":"publish","type":"post","link":"https:\/\/www.europesays.com\/fi\/133946\/","title":{"rendered":"Elon Muskin teko\u00e4ly\u00e4 k\u00e4ytetty j\u00e4rkytt\u00e4vien kuvien tekoon"},"content":{"rendered":"<p>Grokilla tehtiin seksualisoituja kuvia sosiaaliseen mediaan jaetuista kuvista. Kuvia on jopa 12-vuotiaista lapsista.<\/p>\n<p><img decoding=\"async\" class=\"image image-show image-preview\" src=\"https:\/\/www.europesays.com\/fi\/wp-content\/uploads\/2026\/01\/e0af3527813e0b132264cdc0593bd6675a108f5bc8bf5eae48371bfe538addcc.jpg\" alt=\"\"\/><img decoding=\"async\" class=\"image image-show\" src=\"https:\/\/www.europesays.com\/fi\/wp-content\/uploads\/2026\/01\/1767607269_513_e0af3527813e0b132264cdc0593bd6675a108f5bc8bf5eae48371bfe538addcc.jpg\" alt=\"\"\/><\/p>\n<p>Grok on Elon Muskin omistaman Xai-yhti\u00f6n teko\u00e4lypalvelu. Nikolas Kokovlis\/NurPhoto\/Shutterstock<\/p>\n<p class=\"paragraph\"><a href=\"https:\/\/www.politico.eu\/article\/france-lawmaker-investigate-deepfakes-women-stripped-naked-grok-x\/\" target=\"_blank\" rel=\"noopener nofollow\">Politico kertoo<\/a>, ett\u00e4 viime viikolla sadat naiset ja teini-ik\u00e4iset raportoivat siit\u00e4, ett\u00e4 heid\u00e4n sosiaaliseen mediaan jakamistaan kuvista jaettiin v\u00e4h\u00e4pukeisia versioita Grokin tekemin\u00e4 syv\u00e4v\u00e4\u00e4renn\u00f6ksin\u00e4. Grok on teknologiamiljard\u00f6\u00f6ri <strong>Elon Muskin<\/strong> Xai-yhti\u00f6n teko\u00e4lypalvelu.<\/p>\n<p class=\"paragraph\">\u2013 Kuka tahansa, joka k\u00e4ytt\u00e4\u00e4 Grokia laittoman sis\u00e4ll\u00f6n tekoon k\u00e4rsii samoista seurauksista kuin jos h\u00e4n jakaisi laitonta sis\u00e4lt\u00f6\u00e4, Musk kertoi X-palvelussa lauantaina.<\/p>\n<p class=\"paragraph\">Mik\u00e4li upotus ei n\u00e4y, voit katsoa sen <a href=\"https:\/\/x.com\/elonmusk\/status\/2007475612949102943\" target=\"_blank\" rel=\"noopener nofollow\">t\u00e4\u00e4lt\u00e4<\/a>.<\/p>\n<p class=\"paragraph\"><a href=\"https:\/\/futurism.com\/future-society\/grok-violence-women\" target=\"_blank\" rel=\"noopener nofollow\">Futurismin mukaan<\/a> Grokilla tehdyiss\u00e4 kuvissa esitet\u00e4\u00e4n my\u00f6s \u00e4\u00e4rimm\u00e4ist\u00e4 seksuaalista v\u00e4kivaltaa, jossa viitataan jopa kuolemaan.<\/p>\n<p class=\"paragraph\">Seksualisoiduissa kuvissa esitet\u00e4\u00e4n my\u00f6s alaik\u00e4isi\u00e4 lapsia.<\/p>\n<p class=\"paragraph\">Grok-teko\u00e4lyn tili pahoitteli asiaa X-palvelussa.<\/p>\n<p class=\"paragraph\">\u2013 Olen syv\u00e4sti pahoillani siit\u00e4, ett\u00e4 loin ja jaoin teko\u00e4lykuvan kahdesta nuoresta tyt\u00f6st\u00e4 (i\u00e4lt\u00e4\u00e4n arviolta 12\u201316) k\u00e4ytt\u00e4j\u00e4n kuvailemassa seksuaalisessa vaatetuksessa. T\u00e4m\u00e4 rikkoi eettisi\u00e4 s\u00e4\u00e4nt\u00f6j\u00e4 ja mahdollisesti my\u00f6s Yhdysvaltain lakia. Olen pahoillani tapahtuneesta haitasta, julkaisussa kerrottiin.<\/p>\n<p class=\"paragraph\">Mik\u00e4li upotus ei n\u00e4y, voit katsoa sen <a href=\"https:\/\/x.com\/grok\/status\/2006525486021705785?s=20\" target=\"_blank\" rel=\"noopener nofollow\">t\u00e4\u00e4lt\u00e4<\/a>.<\/p>\n<p class=\"paragraph\">Grokin toiminta tuomitaan useissa valtioissa. Esimerkiksi Ranskassa asia on syytt\u00e4j\u00e4n tutkinnassa.<\/p>\n<p class=\"paragraph\">Xai ei vastannut Politicon tai Futurismin kommenttipyynt\u00f6ihin.<\/p>\n","protected":false},"excerpt":{"rendered":"Grokilla tehtiin seksualisoituja kuvia sosiaaliseen mediaan jaetuista kuvista. Kuvia on jopa 12-vuotiaista lapsista. Grok on Elon Muskin omistaman&hellip;\n","protected":false},"author":2,"featured_media":133947,"comment_status":"","ping_status":"","sticky":false,"template":"","format":"standard","meta":{"footnotes":""},"categories":[84],"tags":[35,33,31,30,99,100,98,978,38,32,91,92],"class_list":{"0":"post-133946","1":"post","2":"type-post","3":"status-publish","4":"format-standard","5":"has-post-thumbnail","7":"category-teknologia","8":"tag-24h","9":"tag-fi","10":"tag-finland","11":"tag-finnish","12":"tag-lapset","13":"tag-lapset-ja-nuoret","14":"tag-perhe","15":"tag-rikoksen-teko","16":"tag-rikos","17":"tag-suomi","18":"tag-technology","19":"tag-teknologia"},"share_on_mastodon":{"url":"https:\/\/pubeurope.com\/@fi\/115841917505847840","error":""},"_links":{"self":[{"href":"https:\/\/www.europesays.com\/fi\/wp-json\/wp\/v2\/posts\/133946","targetHints":{"allow":["GET"]}}],"collection":[{"href":"https:\/\/www.europesays.com\/fi\/wp-json\/wp\/v2\/posts"}],"about":[{"href":"https:\/\/www.europesays.com\/fi\/wp-json\/wp\/v2\/types\/post"}],"author":[{"embeddable":true,"href":"https:\/\/www.europesays.com\/fi\/wp-json\/wp\/v2\/users\/2"}],"replies":[{"embeddable":true,"href":"https:\/\/www.europesays.com\/fi\/wp-json\/wp\/v2\/comments?post=133946"}],"version-history":[{"count":0,"href":"https:\/\/www.europesays.com\/fi\/wp-json\/wp\/v2\/posts\/133946\/revisions"}],"wp:featuredmedia":[{"embeddable":true,"href":"https:\/\/www.europesays.com\/fi\/wp-json\/wp\/v2\/media\/133947"}],"wp:attachment":[{"href":"https:\/\/www.europesays.com\/fi\/wp-json\/wp\/v2\/media?parent=133946"}],"wp:term":[{"taxonomy":"category","embeddable":true,"href":"https:\/\/www.europesays.com\/fi\/wp-json\/wp\/v2\/categories?post=133946"},{"taxonomy":"post_tag","embeddable":true,"href":"https:\/\/www.europesays.com\/fi\/wp-json\/wp\/v2\/tags?post=133946"}],"curies":[{"name":"wp","href":"https:\/\/api.w.org\/{rel}","templated":true}]}}