{"id":13395,"date":"2025-08-22T18:42:07","date_gmt":"2025-08-22T18:42:07","guid":{"rendered":"https:\/\/www.europesays.com\/fi\/13395\/"},"modified":"2025-08-22T18:42:07","modified_gmt":"2025-08-22T18:42:07","slug":"rekka-kaatui-valtatiella-12-lahdessa-paijat-hame","status":"publish","type":"post","link":"https:\/\/www.europesays.com\/fi\/13395\/","title":{"rendered":"Rekka kaatui valtatiell\u00e4 12 Lahdessa | P\u00e4ij\u00e4t-H\u00e4me"},"content":{"rendered":"<p>Sellupaperirullia kuljettanut rekka kaatui tien sivuun perjantaina alkuillasta Lahdessa valtatiell\u00e4 12. Tarkempi onnettomuuspaikka oli   Lahden S\u00e4yhteentien ja Iitin Kurrintien v\u00e4lill\u00e4 l\u00e4hell\u00e4 Arolantiet\u00e4. P\u00e4ivyst\u00e4v\u00e4n palomestarin mukaan tapauksesta ei koitunut henkil\u00f6vahinkoja. Rekka on osittain ajov\u00e4yl\u00e4ll\u00e4, mutta liikenne p\u00e4\u00e4see kulkemaan hidastetusti onnettomuuspaikan ohi. Paikalla on liikenteenohjaus.<\/p>\n<p>Pelastuslaitos sai h\u00e4lytyksen liikenneonnettomuudesta kello 18.16.<\/p>\n","protected":false},"excerpt":{"rendered":"Sellupaperirullia kuljettanut rekka kaatui tien sivuun perjantaina alkuillasta Lahdessa valtatiell\u00e4 12. Tarkempi onnettomuuspaikka oli Lahden S\u00e4yhteentien ja Iitin&hellip;\n","protected":false},"author":2,"featured_media":13396,"comment_status":"","ping_status":"","sticky":false,"template":"","format":"standard","meta":{"footnotes":""},"categories":[12],"tags":[22,23,26,27,33,31,30,17,2187,1801,24,25,121,28,29,15,837,120,18,21,122,32,128,19,20,16],"class_list":{"0":"post-13395","1":"post","2":"type-post","3":"status-publish","4":"format-standard","5":"has-post-thumbnail","7":"category-suomi","8":"tag-breaking-news","9":"tag-breakingnews","10":"tag-featured-news","11":"tag-featurednews","12":"tag-fi","13":"tag-finland","14":"tag-finnish","15":"tag-headlines","16":"tag-kulkuneuvot","17":"tag-lahti","18":"tag-latest-news","19":"tag-latestnews","20":"tag-liikenne-ja-kuljetus","21":"tag-main-news","22":"tag-mainnews","23":"tag-news","24":"tag-onnettomuudet","25":"tag-onnettomuustapaus","26":"tag-otsikot","27":"tag-paauutiset","28":"tag-pelastaminen","29":"tag-suomi","30":"tag-tieliikenne","31":"tag-top-stories","32":"tag-topstories","33":"tag-uutiset"},"share_on_mastodon":{"url":"","error":""},"_links":{"self":[{"href":"https:\/\/www.europesays.com\/fi\/wp-json\/wp\/v2\/posts\/13395","targetHints":{"allow":["GET"]}}],"collection":[{"href":"https:\/\/www.europesays.com\/fi\/wp-json\/wp\/v2\/posts"}],"about":[{"href":"https:\/\/www.europesays.com\/fi\/wp-json\/wp\/v2\/types\/post"}],"author":[{"embeddable":true,"href":"https:\/\/www.europesays.com\/fi\/wp-json\/wp\/v2\/users\/2"}],"replies":[{"embeddable":true,"href":"https:\/\/www.europesays.com\/fi\/wp-json\/wp\/v2\/comments?post=13395"}],"version-history":[{"count":0,"href":"https:\/\/www.europesays.com\/fi\/wp-json\/wp\/v2\/posts\/13395\/revisions"}],"wp:featuredmedia":[{"embeddable":true,"href":"https:\/\/www.europesays.com\/fi\/wp-json\/wp\/v2\/media\/13396"}],"wp:attachment":[{"href":"https:\/\/www.europesays.com\/fi\/wp-json\/wp\/v2\/media?parent=13395"}],"wp:term":[{"taxonomy":"category","embeddable":true,"href":"https:\/\/www.europesays.com\/fi\/wp-json\/wp\/v2\/categories?post=13395"},{"taxonomy":"post_tag","embeddable":true,"href":"https:\/\/www.europesays.com\/fi\/wp-json\/wp\/v2\/tags?post=13395"}],"curies":[{"name":"wp","href":"https:\/\/api.w.org\/{rel}","templated":true}]}}