{"id":133950,"date":"2026-01-05T10:03:10","date_gmt":"2026-01-05T10:03:10","guid":{"rendered":"https:\/\/www.europesays.com\/fi\/133950\/"},"modified":"2026-01-05T10:03:10","modified_gmt":"2026-01-05T10:03:10","slug":"trump-sai-putinilta-oudon-ehdotuksen","status":"publish","type":"post","link":"https:\/\/www.europesays.com\/fi\/133950\/","title":{"rendered":"Trump sai Putinilta oudon ehdotuksen"},"content":{"rendered":"<p>Yhdysvaltain presidentin entisen neuvonantajan Fiona Hillin mukaan Ven\u00e4j\u00e4 ehdotti etupiirivaihtoa Yhdysvalloille jo seitsem\u00e4n vuotta sitten.<\/p>\n<p><img decoding=\"async\" class=\"image image-show image-preview\" src=\"https:\/\/www.europesays.com\/fi\/wp-content\/uploads\/2026\/01\/763f2866442e6f4a16ba9761c1e21f80783c027d13c47b2d7a225047b65f2af5.jpg\" alt=\"\"\/><img decoding=\"async\" class=\"image image-show\" src=\"https:\/\/www.europesays.com\/fi\/wp-content\/uploads\/2026\/01\/1767607390_695_763f2866442e6f4a16ba9761c1e21f80783c027d13c47b2d7a225047b65f2af5.jpg\" alt=\"\"\/><\/p>\n<p>Ven\u00e4j\u00e4 ehdotti Yhdysvalloille vaihtokauppaa vuonna 2019. Kuva Yhdysvaltain presidentti Donald Trumpin ja Ven\u00e4j\u00e4n presidentti Vladimir Putinin viime elokuun tapaamisesta. ZumaWire \/ MVPHOTOS<\/p>\n<p class=\"paragraph\">Yhdysvaltojen viikonlopun Venezuela-operaatio on nostanut j\u00e4lleen esille ehdotuksen, jonka Ven\u00e4j\u00e4 v\u00e4itetysti esitti Yhdysvalloille seitsem\u00e4n vuotta sitten: Yhdysvallat saa Venezuelan ja Ven\u00e4j\u00e4 Ukrainan.<\/p>\n<p class=\"paragraph\">Ehdotuksen toi julki vuonna 2019 Yhdysvaltain presidentti <a href=\"https:\/\/www.iltalehti.fi\/henkilot\/Donald Trump\" class=\"article-link-person-page\" rel=\"nofollow noopener\" target=\"_blank\">Donald Trumpin<\/a> neuvonantajana aiemmin toiminut Ven\u00e4j\u00e4-asiantuntija <a href=\"https:\/\/www.iltalehti.fi\/henkilot\/Fiona Hill\" class=\"article-link-person-page\" rel=\"nofollow noopener\" target=\"_blank\">Fiona Hill<\/a>. H\u00e4n oli tuolloin Yhdysvaltain edustajainhuoneen tutkintakomitean kuultavana Trumpin virkarikostutkintaan liittyen.<\/p>\n<p class=\"paragraph\">\u2013 Ven\u00e4l\u00e4iset antoivat t\u00e4ss\u00e4 tilanteessa hyvin voimakkaasti ymm\u00e4rt\u00e4\u00e4, ett\u00e4 he halusivat jotenkin tehd\u00e4 hyvin oudon vaihtokaupan Venezuelan ja Ukrainan v\u00e4lill\u00e4, Hill <a href=\"https:\/\/d3i6fh83elv35t.cloudfront.net\/static\/2019\/11\/FionaHill-compressed.pdf\" target=\"_blank\" rel=\"noopener nofollow\">kertoi<\/a> tutkintakomitealle.<\/p>\n<p>Fiona Hillin mukaan Ven\u00e4j\u00e4n viesti \u201daluevaihdosta\u201d v\u00e4litettiin Yhdysvalloille eri kanavien kautta ep\u00e4virallisesti. ZumaWire \/ MVPHOTOS<\/p>\n<p class=\"paragraph\">Hillin mukaan Ven\u00e4j\u00e4 viestitti, ett\u00e4 mik\u00e4li Yhdysvallat aikoo soveltaa Venezuelan osalta Monroen doktriinia, niin Ven\u00e4j\u00e4 seuraisi omaa versiotaan siit\u00e4.<\/p>\n<p class=\"paragraph\">Monroen doktriini tai Monroen oppi on nimetty Yhdysvaltain 5. presidentin <a href=\"https:\/\/www.iltalehti.fi\/henkilot\/James Monroe\" class=\"article-link-person-page\" rel=\"nofollow noopener\" target=\"_blank\">James Monroen<\/a> mukaan. Sen ytimess\u00e4 on maailman jakaminen it\u00e4iseen ja l\u00e4ntiseen pallonpuoliskoon, joista j\u00e4lkimm\u00e4inen kuuluu Yhdysvaltain vaikutuspiiriin.<\/p>\n<p class=\"paragraph\">\u2013 He k\u00e4yt\u00e4nn\u00f6ss\u00e4 viestittiv\u00e4t: Teill\u00e4 on Monroen doktriininne. Haluatte meid\u00e4t pois takapihaltanne. No, meill\u00e4 on oma versiomme t\u00e4st\u00e4. Te olette takapihallamme Ukrainassa, lausunnossa todetaan.<\/p>\n<p class=\"paragraph\">Yhdysvallat kaappasi ja pid\u00e4tti Venezuelan diktaattori <a href=\"https:\/\/www.iltalehti.fi\/henkilot\/Nicol\u00e1s Maduro\" class=\"article-link-person-page\" rel=\"nofollow noopener\" target=\"_blank\">Nicol\u00e1s Maduron<\/a> ja t\u00e4m\u00e4n puolison viime viikonloppuna. Trump on ilmoittanut, ett\u00e4 Yhdysvallat ottaa Venezuelan hallintaansa, kunnes maahan on pystytetty laillinen hallinto.<\/p>\n<p class=\"paragraph\">Hillin lausunnon on viikonlopun tapahtumien takia nostanut esille muun muassa yhdysvaltalainen <a href=\"https:\/\/www.cbsnews.com\/live-updates\/venezuela-us-military-strikes-maduro-trump\/\" target=\"_blank\" rel=\"noopener nofollow\">CBS News<\/a>.<\/p>\n<p>Samanlaisen vaihtokaupan Yhdysvaltain ja Ven\u00e4j\u00e4n v\u00e4lill\u00e4 toi esille aikoinaan my\u00f6s edesmennyt ven\u00e4l\u00e4ispoliitikko Vladimir \u017dirinovski. ZumaWire \/ MVPHOTOS<\/p>\n<p>\u201dSuomen sy\u00f6j\u00e4n\u201d ehdotus<\/p>\n<p class=\"paragraph\">Hillin mukaan viesti toimitettiin Yhdysvalloille ep\u00e4virallisesti eri kanavien kautta sen j\u00e4lkeen, kun Ven\u00e4j\u00e4 oli l\u00e4hett\u00e4nyt \u201dsata agenttia\u201d turvaamaan Venezuelan hallintoa.<\/p>\n<p class=\"paragraph\">Hill my\u00f6s huomautti ehdotuksen olleen esill\u00e4 ven\u00e4l\u00e4isess\u00e4 lehdist\u00f6ss\u00e4 sek\u00e4 kommentaattorien kirjoituksissa.<\/p>\n<p class=\"paragraph\">Ven\u00e4l\u00e4ismedia <a href=\"https:\/\/www.gazeta.ru\/politics\/news\/2025\/12\/17\/27438685.shtml\" target=\"_blank\" rel=\"noopener nofollow\">Gazeta<\/a> muistuttaa yhden n\u00e4ist\u00e4 olleen ainakin Ven\u00e4j\u00e4n ultranationalistisen liberaalidemokraattisen puolueen perustaja ja entinen puheenjohtaja <a href=\"https:\/\/www.iltalehti.fi\/henkilot\/Vladimir \u017dirinovski\" class=\"article-link-person-page\" rel=\"nofollow noopener\" target=\"_blank\">Vladimir \u017dirinovski<\/a>. Suomessa h\u00e4net tunnetaan my\u00f6s lempinimell\u00e4 \u201dSuomen sy\u00f6j\u00e4\u201d, joka oli perua \u017dirinovskin Suomeen liittyvist\u00e4 kovista lausunnoista.<\/p>\n<p class=\"paragraph\">\u017dirinovski toi esille \u201dvaihtokaupan\u201d vuonna 2020 Ven\u00e4j\u00e4n valtiollisen Rossija 1 -televisiokanavan l\u00e4hetyksess\u00e4, jota juonsi yksi Kremlin p\u00e4\u00e4propagandisteista <a href=\"https:\/\/www.iltalehti.fi\/henkilot\/Vladimir Solovyov\" class=\"article-link-person-page\" rel=\"nofollow noopener\" target=\"_blank\">Vladimir Solovjov<\/a>.<\/p>\n<p class=\"paragraph\">\u2013 Trump ottaa Venezuelan ja me otamme Ukrainan, \u017dirinovski lausui tuolloin.<\/p>\n","protected":false},"excerpt":{"rendered":"Yhdysvaltain presidentin entisen neuvonantajan Fiona Hillin mukaan Ven\u00e4j\u00e4 ehdotti etupiirivaihtoa Yhdysvalloille jo seitsem\u00e4n vuotta sitten. Ven\u00e4j\u00e4 ehdotti Yhdysvalloille&hellip;\n","protected":false},"author":2,"featured_media":133951,"comment_status":"","ping_status":"","sticky":false,"template":"","format":"standard","meta":{"footnotes":""},"categories":[14],"tags":[35,22,23,26,27,33,31,30,17,24,25,28,29,15,18,21,142,639,637,144,32,19,20,56,16,638,59,60,61],"class_list":{"0":"post-133950","1":"post","2":"type-post","3":"status-publish","4":"format-standard","5":"has-post-thumbnail","7":"category-ulkomaat","8":"tag-24h","9":"tag-breaking-news","10":"tag-breakingnews","11":"tag-featured-news","12":"tag-featurednews","13":"tag-fi","14":"tag-finland","15":"tag-finnish","16":"tag-headlines","17":"tag-latest-news","18":"tag-latestnews","19":"tag-main-news","20":"tag-mainnews","21":"tag-news","22":"tag-otsikot","23":"tag-paauutiset","24":"tag-poliitikot","25":"tag-poliittiset-johtajat","26":"tag-politiikka","27":"tag-presidentti","28":"tag-suomi","29":"tag-top-stories","30":"tag-topstories","31":"tag-ulkomaat","32":"tag-uutiset","33":"tag-valtiovalta","34":"tag-world","35":"tag-world-news","36":"tag-worldnews"},"share_on_mastodon":{"url":"https:\/\/pubeurope.com\/@fi\/115841925426026150","error":""},"_links":{"self":[{"href":"https:\/\/www.europesays.com\/fi\/wp-json\/wp\/v2\/posts\/133950","targetHints":{"allow":["GET"]}}],"collection":[{"href":"https:\/\/www.europesays.com\/fi\/wp-json\/wp\/v2\/posts"}],"about":[{"href":"https:\/\/www.europesays.com\/fi\/wp-json\/wp\/v2\/types\/post"}],"author":[{"embeddable":true,"href":"https:\/\/www.europesays.com\/fi\/wp-json\/wp\/v2\/users\/2"}],"replies":[{"embeddable":true,"href":"https:\/\/www.europesays.com\/fi\/wp-json\/wp\/v2\/comments?post=133950"}],"version-history":[{"count":0,"href":"https:\/\/www.europesays.com\/fi\/wp-json\/wp\/v2\/posts\/133950\/revisions"}],"wp:featuredmedia":[{"embeddable":true,"href":"https:\/\/www.europesays.com\/fi\/wp-json\/wp\/v2\/media\/133951"}],"wp:attachment":[{"href":"https:\/\/www.europesays.com\/fi\/wp-json\/wp\/v2\/media?parent=133950"}],"wp:term":[{"taxonomy":"category","embeddable":true,"href":"https:\/\/www.europesays.com\/fi\/wp-json\/wp\/v2\/categories?post=133950"},{"taxonomy":"post_tag","embeddable":true,"href":"https:\/\/www.europesays.com\/fi\/wp-json\/wp\/v2\/tags?post=133950"}],"curies":[{"name":"wp","href":"https:\/\/api.w.org\/{rel}","templated":true}]}}