{"id":133954,"date":"2026-01-05T10:05:14","date_gmt":"2026-01-05T10:05:14","guid":{"rendered":"https:\/\/www.europesays.com\/fi\/133954\/"},"modified":"2026-01-05T10:05:14","modified_gmt":"2026-01-05T10:05:14","slug":"16-vuotias-arthur-kuoli-sveitsin-turmapalossa-aidilta-koskettava-julkaisu","status":"publish","type":"post","link":"https:\/\/www.europesays.com\/fi\/133954\/","title":{"rendered":"16-vuotias Arthur kuoli Sveitsin turmapalossa \u2013 \u00e4idilt\u00e4 koskettava julkaisu"},"content":{"rendered":"<p>Kaikki y\u00f6kerhopalossa menehtyneet uhrit on tunnistettu.<\/p>\n<p>Kadonneen Arthurin \u00e4iti etsi h\u00e4diss\u00e4\u00e4n poikaansa, kun t\u00e4m\u00e4 oli viel\u00e4 kateissa. <\/p>\n<p class=\"article-body mb-nof-24 px-nof-16\">Lis\u00e4\u00e4 Sveitsin y\u00f6kerhopalossa kuolleiden nimi\u00e4 on julkaistu.<\/p>\n<p class=\"article-body mb-nof-24 px-nof-16\">Sveitsin poliisi kertoi <a class=\"underline underline-offset-[0.12em] [text-decoration-thickness:var(--generic-link-underline-thickness)] [text-decoration-color:var(--generic-link-underline-color)] [text-decoration-skip-ink:var(--generic-link-underline-skip-ink)] break-words\" href=\"https:\/\/www.polizeiwallis.ch\/medienmitteilungen\/crans-montana-alle-verstorbenen-personen-identifiziert\/\" rel=\"nofollow noopener\" target=\"_blank\">sunnuntaina<\/a>, ett\u00e4 kaikki Sveitsin Crans-Montanan tulipalossa uudenvuodeny\u00f6n\u00e4 kuolleet uhrit on nyt tunnistettu. Uhrit olivat i\u00e4lt\u00e4\u00e4n 14\u201339-vuotiaita, <a class=\"underline underline-offset-[0.12em] [text-decoration-thickness:var(--generic-link-underline-thickness)] [text-decoration-color:var(--generic-link-underline-color)] [text-decoration-skip-ink:var(--generic-link-underline-skip-ink)] break-words\" href=\"https:\/\/www.bbc.com\/news\/articles\/c3vel0xvlvgo\" rel=\"nofollow noopener\" target=\"_blank\">BBC <\/a>kertoo.<\/p>\n<p class=\"article-body mb-nof-24 px-nof-16\">Osa omaisista on kertonut sosiaalisessa mediassa menehtyneist\u00e4 l\u00e4heisist\u00e4\u00e4n.<\/p>\n<p class=\"article-body mb-nof-24 px-nof-16\">Yksi heist\u00e4 on 16-vuotiaana menehtyneen <a class=\"font-bold underline-offset-[0.12em] [text-decoration:var(--person-link-text-decoration)] ![text-decoration-color:var(--person-link-text-decoration-color)]\" href=\"https:\/\/www.is.fi\/haku\/?query=Arthur%20Brodardin\" rel=\"nofollow noopener\" target=\"_blank\">Arthur Brodardin <\/a>\u00e4iti <a class=\"font-bold underline-offset-[0.12em] [text-decoration:var(--person-link-text-decoration)] ![text-decoration-color:var(--person-link-text-decoration-color)]\" href=\"https:\/\/www.is.fi\/haku\/?query=Laetitia%20Brodard-Sitre.\" rel=\"nofollow noopener\" target=\"_blank\">Laetitia Brodard-Sitre. <\/a>H\u00e4n kertoi poikansa menehtymisest\u00e4 Facebookissa.<\/p>\n<p class=\"article-body mb-nof-24 px-nof-16\">\u2013 Voimme aloittaa suruty\u00f6n tiet\u00e4en, ett\u00e4 h\u00e4n on rauhassa ja valossa, \u00e4iti kertoi julkaisussa BBC:n mukaan.<\/p>\n<p class=\"article-body mb-nof-24 px-nof-16\">\u00c4iti kirjoittaa, ett\u00e4 h\u00e4nen poikansa on l\u00e4htenyt \u201djuhlimaan paratiisiin\u201d.<\/p>\n<p class=\"article-body mb-nof-24 px-nof-16\">Kun Arhur oli viel\u00e4 kateissa, \u00e4iti antoi haastatteluja useille medioille ja kertoi el\u00e4v\u00e4ns\u00e4 \u201dkeskell\u00e4 painajaista\u201d. \u00c4iti kertoi n\u00e4ytt\u00e4v\u00e4ns\u00e4 poikansa kuvaa kaikkialla, jos joku tiet\u00e4isi mist\u00e4 h\u00e4net voisi l\u00f6yt\u00e4\u00e4.<\/p>\n<p class=\"article-body mb-nof-24 px-nof-16\">\u00c4idin mukaan osa Arthurin yst\u00e4vist\u00e4 oli saanut vakavia palovammoja, kertoo BBC. \u00c4iti kertoo Reutersin videolla Arthurin menneen juhlimaan uutta vuotta kavereidensa kanssa Le Constellation -y\u00f6kerhoon.<\/p>\n<p class=\"article-body mb-nof-24 px-nof-16\">Viimeisen kerran \u00e4iti kuuli pojastaan heti vuoden vaihtuessa, kun he l\u00e4hettiv\u00e4t toisilleen hyv\u00e4n uuden vuoden toivotukset.<\/p>\n<p><img decoding=\"async\" src=\"https:\/\/www.europesays.com\/fi\/wp-content\/uploads\/2026\/01\/1767607514_958_468.jpg\" alt=\"Paikalle Crans-Montanaan on tuotu paljon kukkia, kynttil\u00f6it\u00e4 ja viestej\u00e4 uhrien muistoksi.\" class=\"_Img_1rerz_1\" style=\"aspect-ratio:1.5011727912431587\" loading=\"eager\"\/><\/p>\n<p class=\"article-picture-caption\">Paikalle Crans-Montanaan on tuotu paljon kukkia, kynttil\u00f6it\u00e4 ja viestej\u00e4 uhrien muistoksi. Kuva:\u00a0Jean-Christophe Bott \/ EPA \/ AOP<\/p>\n<p class=\"article-body mb-nof-24 px-nof-16\">My\u00f6s mediatietojen mukaan 15-vuotias <a class=\"font-bold underline-offset-[0.12em] [text-decoration:var(--person-link-text-decoration)] ![text-decoration-color:var(--person-link-text-decoration-color)]\" href=\"https:\/\/www.is.fi\/haku\/?query=Charlotte%20Niddam\" rel=\"nofollow noopener\" target=\"_blank\">Charlotte Niddam<\/a> on yksi tulipalon uhreista, BBC kertoo.<\/p>\n<p class=\"article-body mb-nof-24 px-nof-16\">Niddam opiskeli Britanniassa Immanuel Collegessa Hertfordshiress\u00e4 sek\u00e4 Jewish Free Schoolissa Luoteis-Lontoossa, BBC kertoo.<\/p>\n<p class=\"article-body mb-nof-24 px-nof-16\">Perhe ilmoitti h\u00e4nen kuolemastaan sosiaalisessa mediassa \u201dsuurella surulla\u201d. My\u00f6s Britannian ulkoministeri<a class=\"font-bold underline-offset-[0.12em] [text-decoration:var(--person-link-text-decoration)] ![text-decoration-color:var(--person-link-text-decoration-color)]\" href=\"https:\/\/www.is.fi\/haku\/?query=%20Yvette%20Cooper\" rel=\"nofollow noopener\" target=\"_blank\"> Yvette Cooper <\/a>on kertonut asiasta X:ss\u00e4.<\/p>\n<p class=\"article-body mb-nof-24 px-nof-16\">\u2013 Hirveit\u00e4 uutisia, ett\u00e4 Charlotte Niddam on tunnistettu yhdeksi Crans-Montanan tulipalossa menehtyneist\u00e4. Ajatukseni ovat h\u00e4nen perheens\u00e4 ja yst\u00e4viens\u00e4 luona t\u00e4m\u00e4n musertavan menetyksen j\u00e4lkeen, Cooper kirjoittaa.<\/p>\n<p class=\"article-body mb-nof-24 px-nof-16\">Jo aiemmin uutisoitiin, ett\u00e4 16-vuotias italialainen golfaaja <a class=\"font-bold underline-offset-[0.12em] [text-decoration:var(--person-link-text-decoration)] ![text-decoration-color:var(--person-link-text-decoration-color)]\" href=\"https:\/\/www.is.fi\/haku\/?query=Emanuele%20Galeppini\" rel=\"nofollow noopener\" target=\"_blank\">Emanuele Galeppini<\/a> oli tunnistettu yhdeksi uhreista.<\/p>\n<p class=\"article-body mb-nof-24 px-nof-16\">Muistokirjoituksessa Italian golfliitto kuvailee Emanuelea \u201dnuoreksi urheilijaksi, joka kantoi mukanaan intohimoa ja aitoja arvoja\u201d. Lausunnossa ei kuitenkaan mainita Sveitsiss\u00e4 sattunutta tulipaloa.<\/p>\n<p class=\"article-body mb-nof-24 px-nof-16\">Paikallinen italialainen media oli aiemmin kertonut, ett\u00e4 Emanuelen is\u00e4 oli sanonut poikansa olleen baarissa paloy\u00f6n\u00e4, BBC kertoo. Italian ulkoministeri\u00f6 ei kuitenkaan mediatietojen mukaan ole vahvistanut kuolintapausta.<\/p>\n<p class=\"article-body mb-nof-24 px-nof-16\">Nuorimmat traagisen palon uhrit olivat <a class=\"underline underline-offset-[0.12em] [text-decoration-thickness:var(--generic-link-underline-thickness)] [text-decoration-color:var(--generic-link-underline-color)] [text-decoration-skip-ink:var(--generic-link-underline-skip-ink)] break-words\" href=\"https:\/\/www.bbc.com\/news\/articles\/c3vel0xvlvgo\" rel=\"nofollow noopener\" target=\"_blank\">BBC:n<\/a> mukaan 14-vuotias sveitsil\u00e4inen tytt\u00f6 ja 14-vuotias ranskalainen poika. Joukossa oli Sveitsin, Italian, Romanian, Turkin, Portugalin, Ranskan ja Belgian kansalaisia sek\u00e4 yksi kolmen maan Ison-Britannian, Ranskan ja Israelin kansalainen, BBC kertoo.<\/p>\n<p class=\"article-body mb-nof-24 px-nof-16\">Suomen ulkoministeri\u00f6n mukaan Sveitsin tulipalossa on loukkaantunut Suomen kansalainen.<\/p>\n<p class=\"article-body mb-nof-24 px-nof-16\">Lue lis\u00e4\u00e4: <a class=\"underline underline-offset-[0.12em] [text-decoration-thickness:var(--generic-link-underline-thickness)] [text-decoration-color:var(--generic-link-underline-color)] [text-decoration-skip-ink:var(--generic-link-underline-skip-ink)] break-words\" href=\"https:\/\/www.is.fi\/kotimaa\/art-2000011727386.html\" rel=\"nofollow noopener\" target=\"_blank\">UM: Sveitsin turmapalossa loukkaantui suomalainen<\/a><\/p>\n<p class=\"article-body mb-nof-24 px-nof-16\">Ennen kuolleiden tunnistamista j\u00e4rkyttyneet vanhemmat ja omaiset etsiv\u00e4t paikan p\u00e4\u00e4ll\u00e4 l\u00e4heisi\u00e4\u00e4n. Ilmoituksia kadonneista jaettiin my\u00f6s sosiaalisessa mediassa.<\/p>\n<p><img decoding=\"async\" src=\"https:\/\/www.europesays.com\/fi\/wp-content\/uploads\/2026\/01\/1767607514_310_468.jpg\" alt=\"Tapaus on j\u00e4rkytt\u00e4nyt Crans-Montanassa.\" class=\"_Img_1rerz_1\" style=\"aspect-ratio:1.5\" loading=\"eager\"\/><\/p>\n<p class=\"article-picture-caption\">Tapaus on j\u00e4rkytt\u00e4nyt Crans-Montanassa. Kuva:\u00a0Stephanie Lecocq \/ Reuters<\/p>\n<p class=\"article-body mb-nof-24 px-nof-16\">Uudenvuodenjuhlassa alkaneessa tulipalossa kuoli 40 ihmist\u00e4 ja loukkaantui 119.<\/p>\n<p class=\"article-body mb-nof-24 px-nof-16\">Tulipalo syttyi La Constellation -y\u00f6kerhossa, jonka kahta johtajaa ep\u00e4ill\u00e4\u00e4n useista rikoksista, kuten huolimattomuudella aiheutetuista kuolemantuottamuksista.<\/p>\n<p class=\"article-body mb-nof-24 px-nof-16\">Perjantaina kerrottiin, ett\u00e4 Crans-Montanan tulipalon aiheuttivat todenn\u00e4k\u00f6isesti s\u00e4desuihkukynttil\u00e4t. Kynttil\u00e4lieskojen ep\u00e4ill\u00e4\u00e4n tarttuneen y\u00f6kerhon katossa olleeseen \u00e4\u00e4nieristeeseen.<\/p>\n","protected":false},"excerpt":{"rendered":"Kaikki y\u00f6kerhopalossa menehtyneet uhrit on tunnistettu. Kadonneen Arthurin \u00e4iti etsi h\u00e4diss\u00e4\u00e4n poikaansa, kun t\u00e4m\u00e4 oli viel\u00e4 kateissa. Lis\u00e4\u00e4&hellip;\n","protected":false},"author":2,"featured_media":133955,"comment_status":"","ping_status":"","sticky":false,"template":"","format":"standard","meta":{"footnotes":""},"categories":[5],"tags":[22,23,26,27,33,31,30,17,34,24,25,28,29,15,18,21,32,19,20,16],"class_list":{"0":"post-133954","1":"post","2":"type-post","3":"status-publish","4":"format-standard","5":"has-post-thumbnail","7":"category-otsikot","8":"tag-breaking-news","9":"tag-breakingnews","10":"tag-featured-news","11":"tag-featurednews","12":"tag-fi","13":"tag-finland","14":"tag-finnish","15":"tag-headlines","16":"tag-ilta-sanomat","17":"tag-latest-news","18":"tag-latestnews","19":"tag-main-news","20":"tag-mainnews","21":"tag-news","22":"tag-otsikot","23":"tag-paauutiset","24":"tag-suomi","25":"tag-top-stories","26":"tag-topstories","27":"tag-uutiset"},"share_on_mastodon":{"url":"https:\/\/pubeurope.com\/@fi\/115841933175554502","error":""},"_links":{"self":[{"href":"https:\/\/www.europesays.com\/fi\/wp-json\/wp\/v2\/posts\/133954","targetHints":{"allow":["GET"]}}],"collection":[{"href":"https:\/\/www.europesays.com\/fi\/wp-json\/wp\/v2\/posts"}],"about":[{"href":"https:\/\/www.europesays.com\/fi\/wp-json\/wp\/v2\/types\/post"}],"author":[{"embeddable":true,"href":"https:\/\/www.europesays.com\/fi\/wp-json\/wp\/v2\/users\/2"}],"replies":[{"embeddable":true,"href":"https:\/\/www.europesays.com\/fi\/wp-json\/wp\/v2\/comments?post=133954"}],"version-history":[{"count":0,"href":"https:\/\/www.europesays.com\/fi\/wp-json\/wp\/v2\/posts\/133954\/revisions"}],"wp:featuredmedia":[{"embeddable":true,"href":"https:\/\/www.europesays.com\/fi\/wp-json\/wp\/v2\/media\/133955"}],"wp:attachment":[{"href":"https:\/\/www.europesays.com\/fi\/wp-json\/wp\/v2\/media?parent=133954"}],"wp:term":[{"taxonomy":"category","embeddable":true,"href":"https:\/\/www.europesays.com\/fi\/wp-json\/wp\/v2\/categories?post=133954"},{"taxonomy":"post_tag","embeddable":true,"href":"https:\/\/www.europesays.com\/fi\/wp-json\/wp\/v2\/tags?post=133954"}],"curies":[{"name":"wp","href":"https:\/\/api.w.org\/{rel}","templated":true}]}}