{"id":133957,"date":"2026-01-05T10:17:08","date_gmt":"2026-01-05T10:17:08","guid":{"rendered":"https:\/\/www.europesays.com\/fi\/133957\/"},"modified":"2026-01-05T10:17:08","modified_gmt":"2026-01-05T10:17:08","slug":"antti-lindtmanin-rakkaus-kaijaan-roihahti-yhdella-silmayksella-yksi-eroavaisuus-aiheuttaa-vaantoa","status":"publish","type":"post","link":"https:\/\/www.europesays.com\/fi\/133957\/","title":{"rendered":"Antti Lindtmanin rakkaus Kaijaan roihahti yhdell\u00e4 silm\u00e4yksell\u00e4 \u2013 Yksi eroavaisuus aiheuttaa v\u00e4\u00e4nt\u00f6\u00e4"},"content":{"rendered":"<p>Antti Lindtman ja Kaija Stormbom ovat olleet yhdess\u00e4 jo 21 vuotta.<\/p>\n<p class=\"paragraph\">Helsingin Hakaniemess\u00e4 sijaitsevassa Juttutuvassa vallitsi iloinen tunnelma toukokuisena iltana vuonna 2005. Antin silloisen pomon 50-vuotissyntym\u00e4p\u00e4iv\u00e4juhlien jatkot olivat k\u00e4ynniss\u00e4.<\/p>\n<p class=\"paragraph\">Juhlahumun keskell\u00e4 22-vuotiaan <a href=\"https:\/\/www.iltalehti.fi\/henkilot\/Antti Lindtman\" class=\"article-link-person-page\" rel=\"nofollow noopener\" target=\"_blank\">Antti Lindtmanin<\/a> huomio kiinnittyi tuntemattomaan naiseen, juhlien kauneimpaan naiseen, kuten h\u00e4n itse kuvailee.<\/p>\n<p class=\"paragraph\">\u2013 Muistan kun h\u00e4n tuli sielt\u00e4 v\u00e4en keskelt\u00e4, ja h\u00e4nell\u00e4 oli sellainen valo ymp\u00e4rill\u00e4\u00e4n. Sellainen valo, joka huokui koko olemuksesta, Antti muistelee.<\/p>\n<p><img decoding=\"async\" class=\"image image-show image-preview\" src=\"https:\/\/www.europesays.com\/fi\/wp-content\/uploads\/2026\/01\/ea637a3fe2ed6c6abddcce393b6d2560fd01c5382433ed631bf64302cbbd6eda.jpg\" alt=\"\"\/><img decoding=\"async\" class=\"image image-show\" src=\"https:\/\/www.europesays.com\/fi\/wp-content\/uploads\/2026\/01\/1767608228_839_ea637a3fe2ed6c6abddcce393b6d2560fd01c5382433ed631bf64302cbbd6eda.jpg\" alt=\"\"\/><\/p>\n<p>SDP:n puheenjohtaja Antti Lindtman ja MTK:n viestinn\u00e4n asiantuntjija Kaija Stormbom ovat pit\u00e4neet yht\u00e4 jo 21 vuotta.  Jenni G\u00e4stgivar<\/p>\n<p class=\"paragraph\">Antti ei rohjennut menn\u00e4 puhumaan naiselle, vaan h\u00e4n py\u00f6ri ymp\u00e4ri ravintolasalia.<\/p>\n<p class=\"paragraph\">\u2013 Jossain vaiheessa h\u00e4n sitten sanoi minulle, ett\u00e4 \u201distu nyt alas\u201d. Siit\u00e4 se l\u00e4hti, Antti sanoo.<\/p>\n<p class=\"paragraph\">\u2013 Antti varmaan k\u00e4velisi viel\u00e4kin rundia Juttutuvassa, ellen olisi pyyt\u00e4nyt istumaan,  \u201dJuttutuvan nainen\u201d, eli <a href=\"https:\/\/www.iltalehti.fi\/henkilot\/Kaija Stormbom\" class=\"article-link-person-page\" rel=\"nofollow noopener\" target=\"_blank\">Kaija Stormbom<\/a> nauraa.<\/p>\n<p class=\"paragraph\">Kaija ihastui Antin hymyyn eik\u00e4 hymyn tenho ole kadonnut mihink\u00e4\u00e4n.<\/p>\n<p class=\"paragraph\">\u2013 Seh\u00e4n on aivan valloittava, kun se hel\u00e4ht\u00e4\u00e4 niin syd\u00e4mellisesti ja rennosti, Kaija nauraa.<\/p>\n<p>Ik\u00e4ero ei ole miss\u00e4\u00e4n vaiheessa n\u00e4kynyt mitenk\u00e4\u00e4n Antin ja Kaijan suhteessa.  Jenni G\u00e4stgivar<\/p>\n<p class=\"paragraph\">Tuosta p\u00e4iv\u00e4st\u00e4, toukokuun 28. p\u00e4iv\u00e4st\u00e4 2005, l\u00e4htien Antti ja Kaija ovat pit\u00e4neet yht\u00e4. Naimisiin pari meni vuonna 2011 ja hartaasti toivottu esikoinen <strong>Sofie<\/strong> syntyi loppuvuodesta 2017.<\/p>\n<p class=\"paragraph\">\u2013 Meill\u00e4 l\u00e4hti juttu luistamaan heti alusta l\u00e4htien, vaikka meill\u00e4 on ik\u00e4eroa. Vaikka emmeh\u00e4n me silloin tienneet toistemme iki\u00e4, Kaija sanoo Antin ny\u00f6kytelless\u00e4 vieress\u00e4.<\/p>\n<p class=\"paragraph\">Ik\u00e4ero, varsinkin jos nainen on miest\u00e4 vanhempi, on asia, joka edelleen nostattaa joillakin kulmakarvoja. Kaijalle, 62, ja Antille, 43, asialla ei vaikuta olevan mit\u00e4\u00e4n merkityst\u00e4.<\/p>\n<p class=\"paragraph\">\u2013 Ehk\u00e4 suhteen alussa olisin saattanut sanoa, ett\u00e4 ehk\u00e4 se n\u00e4kyy tai tuntuu, mutta en en\u00e4\u00e4 ajattele niin. Ik\u00e4ero ei n\u00e4y arjessa lainkaan. Ei mitenk\u00e4\u00e4n, Antti sanoo.<\/p>\n<p>Antti Lindtman arasteli l\u00e4hesty\u00e4 Kaija Stormbomia heid\u00e4n ensitapaamisellaan. Jenni G\u00e4stgivar<\/p>\n<p class=\"paragraph\">Kaija on samaa mielt\u00e4 eiv\u00e4tk\u00e4 pariskunnan yst\u00e4vyyssuhteetkaan ole muodostuneet sen perusteella mink\u00e4 ik\u00e4isi\u00e4 ihmiset ovat.<\/p>\n<p>Erilainen joulu<\/p>\n<p class=\"paragraph\">Haastatteluhetkell\u00e4 takana on j\u00e4lleen yksi yhdess\u00e4 vietetty joulu, tosin t\u00e4n\u00e4 vuonna se oli aiemmista poikkeava. Perhe vietti joulun Kaijan 27-vuotiaan <strong>Mandi<\/strong>-tytt\u00e4ren luona.<\/p>\n<p class=\"paragraph\">\u2013 Menimme valmiiseen joulup\u00f6yt\u00e4\u00e4n. Se oli aivan ihanaa, Kaija nauraa.<\/p>\n<p class=\"paragraph\">Paikalla k\u00e4vi joulupukki, joka meni viel\u00e4 l\u00e4pi 8-vuotiaalle Sofielle, mutta ensi vuonna tilanne voi olla jo eri.<\/p>\n<p class=\"paragraph\">\u2013 My\u00f6nn\u00e4n, ett\u00e4 v\u00e4lill\u00e4 k\u00e4yt\u00e4n h\u00e4peilem\u00e4tt\u00e4 joulupukkikorttia. Esimerkiksi nyt joulun alla nukkumaan meno ei sujunut Sofielta kuin tanssi, joten kysyin siin\u00e4, ett\u00e4 soitanko joulupukille, Antti tunnustaa.<\/p>\n<p class=\"paragraph\">Sofie on tullut luonteeltaan hieman enemm\u00e4n \u00e4itiins\u00e4. Kaija sanoo Sofien olevan itsens\u00e4 tavoin nopealiikkeinen, vauhdikas ja joissain asioissa my\u00f6s j\u00e4\u00e4r\u00e4p\u00e4inen.<\/p>\n<p class=\"paragraph\">\u2013 Ja n\u00e4lk\u00e4kiukku! Se meill\u00e4 on Sofien kanssa yhteist\u00e4, Kaija nauraa.<\/p>\n<p>Molemmat ovat yht\u00e4 mielt\u00e4 siit\u00e4, ett\u00e4 Kaija tuo parisuhteeseen vauhtia ja Antti puolestaan rauhallisuutta. Jenni G\u00e4stgivar<\/p>\n<p>Vaalivapaa vuosi<\/p>\n<p class=\"paragraph\">Kev\u00e4\u00e4n 2025 kuntavaalit olivat Antille ensimm\u00e4iset kuntavaalit SDP:n puheenjohtajana. L\u00e4hes kaikki viikonloput tammikuusta huhtikuuhun meniv\u00e4t ty\u00f6n merkeiss\u00e4 eri puolilla Suomea.<\/p>\n<p class=\"paragraph\">\u2013 Vaalit oli kokovartalokokemus. Varsinkin viimeinen kuukausi ennen vaaleja oli tosi vauhdikasta aikaa vaikka tykk\u00e4\u00e4nkin kiert\u00e4\u00e4 ymp\u00e4ri maakuntia, Antti sanoo.<\/p>\n<p class=\"paragraph\">T\u00e4n\u00e4 vuonna on toisin, vaaleja ei ole. Antti toivookin, ett\u00e4 kes\u00e4ll\u00e4 p\u00e4\u00e4sisi hieman heng\u00e4ht\u00e4m\u00e4\u00e4n, m\u00f6kkeilem\u00e4\u00e4n ja veneilem\u00e4\u00e4n. Molempien haaveissa on pienen veneen osto.<\/p>\n<p class=\"paragraph\">Seuraavana vuonna, vuonna 2027 tilanne voi olla t\u00e4ysin erilainen. T\u00e4m\u00e4nhetkisten galluppien mukaan n\u00e4ytt\u00e4\u00e4 vahvasti silt\u00e4, ett\u00e4 Antista tulee p\u00e4\u00e4ministeri.<\/p>\n<p>Antti ja Kaija ovat p\u00e4\u00e4tt\u00e4neet kohdata haasteet ja vaihtuvat tilanteet yhdess\u00e4, tuli mit\u00e4 tuli. Jenni G\u00e4stgivar<\/p>\n<p class=\"paragraph\">P\u00e4\u00e4ministeriys on asia, joka voi koetella parisuhdetta ja johtaa eroon, kuten esimerkiksi <a href=\"https:\/\/www.iltalehti.fi\/henkilot\/Sanna Marin\" class=\"article-link-person-page\" rel=\"nofollow noopener\" target=\"_blank\">Sanna Marinin<\/a> kohdalla k\u00e4vi.<\/p>\n<p class=\"paragraph\">Kysymykseen, miten Antti ja Kaija pit\u00e4v\u00e4t huolen, ett\u00e4 ei heille k\u00e4y samalla tavoin, vastaus tulee kierrellen.<\/p>\n<p class=\"paragraph\">\u2013 Vaaleihin on pitk\u00e4 aika, eik\u00e4 parane uhrata ajatuksia sille, vaan enemm\u00e4n sille, mit\u00e4 ja miten tehd\u00e4 t\u00e4ss\u00e4 ja nyt, Antti sanoo.<\/p>\n<p class=\"paragraph\">Antilla ja Kaijalla on aina ollut asenne, ett\u00e4 tuli mit\u00e4 tuli, haasteet ja vaihtuvat tilanteet koetaan yhdess\u00e4.<\/p>\n<p>Kaija ja Antti rentoutuvat yhteisill\u00e4 mets\u00e4retkill\u00e4 ja m\u00f6kill\u00e4.  Jenni G\u00e4stgivar<\/p>\n<p class=\"paragraph\">Pohdintaa ja keskusteluja k\u00e4ytiin jo silloin, kun Antti pohti l\u00e4ht\u00f6\u00e4 SDP:n puheenjohtajakisaan. Siin\u00e4kin kun arki muuttui.<\/p>\n<p class=\"paragraph\">\u2013 Kaija sanoi, ett\u00e4 \u201danna palaa vaan, me pid\u00e4mme yht\u00e4\u201d. Olemme aika tiivis kaksikko ja olemme aina pyrkineet p\u00e4rj\u00e4\u00e4m\u00e4\u00e4n el\u00e4m\u00e4n kaikissa tyrskyiss\u00e4, Antti sanoo.<\/p>\n<p>Kerran leffaan<\/p>\n<p class=\"paragraph\">Pari pyrkii siihen, ett\u00e4 ainakin kerran viikossa heill\u00e4 olisi mahdollisuus viett\u00e4\u00e4 aikaa rauhassa ja aivan kahdestaan.<\/p>\n<p class=\"paragraph\">\u2013 Meille on t\u00e4rke\u00e4\u00e4, ett\u00e4 Sofie on kerran viikossa yhden y\u00f6n is\u00e4ni luona. Se on kaikille hauskaa, Antti sanoo.<\/p>\n<p class=\"paragraph\">\u2013 Pinnat vaarille! Ja sit\u00e4 heid\u00e4n yhteist\u00e4 tekemist\u00e4\u00e4n on hauska seurata. Taitaa siell\u00e4 vaarin luona olla my\u00f6s eri s\u00e4\u00e4nn\u00f6t, Kaija naurahtaa.<\/p>\n<p>Kaijan ja Antin yksi yhteisist\u00e4 harrastuksista on avantouinti.  Jenni G\u00e4stgivar<\/p>\n<p class=\"paragraph\">Kotona he pyrkiv\u00e4t pit\u00e4m\u00e4\u00e4n s\u00e4\u00e4nn\u00f6t samanlaisina. Antti tosin my\u00f6nt\u00e4\u00e4, ett\u00e4 h\u00e4n on ehk\u00e4 se, joka antaa Sofielle helpommin periksi.<\/p>\n<p class=\"paragraph\">Kovin suuria erimielisyyksi\u00e4 perheess\u00e4 ei ole, mutta Kaija ja Antti my\u00f6nt\u00e4v\u00e4t, ett\u00e4 on pieni\u00e4 asioita, jotka toisessa saattavat v\u00e4lill\u00e4 \u00e4rsytt\u00e4\u00e4. T\u00e4llainen asia on esimerkiksi se, ett\u00e4 Antti on verkkaisempi, Kaija taas nopealiikkeinen.<\/p>\n<p class=\"paragraph\">\u2013 My\u00f6nn\u00e4n, ett\u00e4 minulla on joskus v\u00e4h\u00e4n sellainen asenne kotona, ett\u00e4 jos pit\u00e4\u00e4 vaikka vied\u00e4 laukku yl\u00e4kertaan, ei sit\u00e4 tarvitse heti tehd\u00e4, ehtii sen my\u00f6hemminkin, Antti sanoo.<\/p>\n<p class=\"paragraph\">\u2013 S\u00e4h\u00e4n sanot joskus minulle, ett\u00e4 m\u00e4 my\u00f6s k\u00e4velen kauheaa vauhtia, Kaija nauraa.<\/p>\n<p class=\"paragraph\">Molemmat ovat yht\u00e4 mielt\u00e4 siit\u00e4, ett\u00e4 Kaija tuo parisuhteeseen vauhtia ja Antti puolestaan rauhallisuutta.<\/p>\n<p class=\"paragraph\">\u2013 T\u00e4m\u00e4 taitaa olla sellainen asia, jossa t\u00e4ydenn\u00e4mme toisiamme hyvin, Antti hym\u00e4ht\u00e4\u00e4.<\/p>\n<p class=\"paragraph\">Kaija Stormbomin hiukset ja meikki: Muru Ritala \/ Toimisto. Stormbomin tyyli: Hani Haimi. Stormbomin vaatetiedot: Beige neule ja hame Original Story \/ Spalt Pr Saappaat ja rannekoru \/ House of ACC3SS Lauttasaari Korvikset \/ Andiata Kasarminkatu. Silkkipaita ja puolihame \/ Andiata Kasarminkatu Saappaat \/ House of ACC3SS Lauttasaari.<\/p>\n","protected":false},"excerpt":{"rendered":"Antti Lindtman ja Kaija Stormbom ovat olleet yhdess\u00e4 jo 21 vuotta. Helsingin Hakaniemess\u00e4 sijaitsevassa Juttutuvassa vallitsi iloinen tunnelma&hellip;\n","protected":false},"author":2,"featured_media":133958,"comment_status":"","ping_status":"","sticky":false,"template":"","format":"standard","meta":{"footnotes":""},"categories":[136],"tags":[35,407,137,33,31,30,101,408,47,98,886,887,32,109],"class_list":{"0":"post-133957","1":"post","2":"type-post","3":"status-publish","4":"format-standard","5":"has-post-thumbnail","7":"category-julkkikset","8":"tag-24h","9":"tag-celebrities","10":"tag-entertainment","11":"tag-fi","12":"tag-finland","13":"tag-finnish","14":"tag-ihmissuhteet","15":"tag-julkkikset","16":"tag-musiikki","17":"tag-perhe","18":"tag-puolueet","19":"tag-suomen-politiikka","20":"tag-suomi","21":"tag-viihde"},"share_on_mastodon":{"url":"https:\/\/pubeurope.com\/@fi\/115841980306003496","error":""},"_links":{"self":[{"href":"https:\/\/www.europesays.com\/fi\/wp-json\/wp\/v2\/posts\/133957","targetHints":{"allow":["GET"]}}],"collection":[{"href":"https:\/\/www.europesays.com\/fi\/wp-json\/wp\/v2\/posts"}],"about":[{"href":"https:\/\/www.europesays.com\/fi\/wp-json\/wp\/v2\/types\/post"}],"author":[{"embeddable":true,"href":"https:\/\/www.europesays.com\/fi\/wp-json\/wp\/v2\/users\/2"}],"replies":[{"embeddable":true,"href":"https:\/\/www.europesays.com\/fi\/wp-json\/wp\/v2\/comments?post=133957"}],"version-history":[{"count":0,"href":"https:\/\/www.europesays.com\/fi\/wp-json\/wp\/v2\/posts\/133957\/revisions"}],"wp:featuredmedia":[{"embeddable":true,"href":"https:\/\/www.europesays.com\/fi\/wp-json\/wp\/v2\/media\/133958"}],"wp:attachment":[{"href":"https:\/\/www.europesays.com\/fi\/wp-json\/wp\/v2\/media?parent=133957"}],"wp:term":[{"taxonomy":"category","embeddable":true,"href":"https:\/\/www.europesays.com\/fi\/wp-json\/wp\/v2\/categories?post=133957"},{"taxonomy":"post_tag","embeddable":true,"href":"https:\/\/www.europesays.com\/fi\/wp-json\/wp\/v2\/tags?post=133957"}],"curies":[{"name":"wp","href":"https:\/\/api.w.org\/{rel}","templated":true}]}}