{"id":133961,"date":"2026-01-05T10:25:08","date_gmt":"2026-01-05T10:25:08","guid":{"rendered":"https:\/\/www.europesays.com\/fi\/133961\/"},"modified":"2026-01-05T10:25:08","modified_gmt":"2026-01-05T10:25:08","slug":"laulajatahden-kaksosvauvat-eivat-valttamatta-pysty-kavelemaan-tasta-on-kyse","status":"publish","type":"post","link":"https:\/\/www.europesays.com\/fi\/133961\/","title":{"rendered":"Laulajat\u00e4hden kaksosvauvat eiv\u00e4t v\u00e4ltt\u00e4m\u00e4tt\u00e4 pysty k\u00e4velem\u00e4\u00e4n \u2013 T\u00e4st\u00e4 on kyse"},"content":{"rendered":"<p>Brittit\u00e4hti Jesy Nelson sai viime toukokuussa kaksostyt\u00f6t. <\/p>\n<p><img decoding=\"async\" class=\"image image-show image-preview\" src=\"https:\/\/www.europesays.com\/fi\/wp-content\/uploads\/2026\/01\/5e87a260a62e7f07f6563a084b068587835fc14a8af9c4259c421d4758e1ea60.jpg\" alt=\"\"\/><img decoding=\"async\" class=\"image image-show\" src=\"https:\/\/www.europesays.com\/fi\/wp-content\/uploads\/2026\/01\/1767608708_627_5e87a260a62e7f07f6563a084b068587835fc14a8af9c4259c421d4758e1ea60.jpg\" alt=\"\"\/><\/p>\n<p>Jesy Nelson sai kaksoset viime toukokuussa. Ken McKay\/ITV\/Shutterstock<\/p>\n<p class=\"paragraph\">Brittilaulaja <a href=\"https:\/\/www.iltalehti.fi\/henkilot\/Jesy Nelson\" class=\"article-link-person-page\" rel=\"nofollow noopener\" target=\"_blank\">Jesy Nelson<\/a> kertoo Instagram-videollaan kaksostytt\u00f6jens\u00e4 saamasta diagnoosista.<\/p>\n<p class=\"paragraph\">Nelson kertoo videolla, ett\u00e4 vauvoille on todettu tyypin 1 spinaalinen lihasatrofia (SMA). <a href=\"https:\/\/lihastautiliitto.fi\/lihastaudit\/diagnoosit\/motoneuronitaudit\/sma-tyyppi-1\/\" rel=\"noopener nofollow\" target=\"_blank\">Lihastautiliiton<\/a> mukaan t\u00e4ll\u00e4 tarkoitetaan selk\u00e4ydinper\u00e4ist\u00e4 lihassurkastumaa. Liiton mukaan tauti on jossa vika ei ole itse lihaksissa, vaan lihaksiin toimintak\u00e4skyj\u00e4 v\u00e4litt\u00e4viss\u00e4 hermosoluissa. Sit\u00e4 sairastava ei yleens\u00e4 opi k\u00e4velem\u00e4\u00e4n.<\/p>\n<p class=\"paragraph\">\u2013 El\u00e4m\u00e4ni on k\u00e4\u00e4ntynyt yl\u00f6salaisin. Toimin vauvojeni hoitajana. Laitan heit\u00e4 hengityskoneisiin ja teen muitakin asioita, joita kenenk\u00e4\u00e4n \u00e4idin ei pit\u00e4isi joutua tekem\u00e4\u00e4n lapsilleen, Nelson sanoo.<\/p>\n<p class=\"paragraph\">Jos julkaisu ei n\u00e4y, voit katsoa sen <a href=\"https:\/\/www.instagram.com\/p\/DTFcIARCLE1\/?utm_source=ig_embed&amp;utm_campaign=embed_video_watch_again\" rel=\"noopener nofollow\" target=\"_blank\">t\u00e4st\u00e4 linkist\u00e4<\/a>.<\/p>\n<p class=\"paragraph\">Nelsonin ja h\u00e4nen kumppaninsa, artisti <strong>Zion Fosterin<\/strong> kaksostyt\u00f6t syntyiv\u00e4t ennenaikaisesti viime toukokuussa vaikean raskauden j\u00e4lkeen.<\/p>\n<p class=\"paragraph\">Nelson kertoo, ett\u00e4 synnytyksen j\u00e4lkeen h\u00e4nelle oli kerrottu, ett\u00e4 lapset kehittyv\u00e4t muita hitaammin, koska he syntyiv\u00e4t keskosina.<\/p>\n<p class=\"paragraph\">\u2013 P\u00e4\u00e4tin, etten vertaisi heit\u00e4 muihin lapsiin. Muutama kuukausi sitten oma \u00e4itini huomasi, etteiv\u00e4t kaksoset liikuttaneet jalkojaan niin paljon kuin tuon ik\u00e4iset vauvat yleens\u00e4, Nelson kertoo.<\/p>\n<p class=\"paragraph\">My\u00f6hemmin Nelson ja Foster huomasivat, etteiv\u00e4t tyt\u00f6t sy\u00f6 tarpeeksi. Lopulta he saivat diagnoosin.<\/p>\n<p class=\"paragraph\">\u2013 Meille sanottiin, etteiv\u00e4t lapsemme tule k\u00e4velem\u00e4\u00e4n. Meid\u00e4n t\u00e4ytyy kuitenkin keskitty\u00e4 heid\u00e4n toivoonsa ja toivoa parasta, Nelson sanoo.<\/p>\n<p class=\"paragraph\">Kommenteissa Nelson saa paljon kannustavia viestej\u00e4.<\/p>\n<p class=\"paragraph\">\u2013 L\u00e4het\u00e4n paljon rakkautta ja rukouksia, laulajana ja sosiaalisen median kasvona tunnettu <a href=\"https:\/\/www.iltalehti.fi\/henkilot\/JoJo Siwa\" class=\"article-link-person-page\" rel=\"nofollow noopener\" target=\"_blank\">Jojo Siwa<\/a> kirjoittaa.<\/p>\n<p class=\"paragraph\">\u2013 Olen hyvin pahoillani siit\u00e4 kaikesta, mink\u00e4 l\u00e4pi menet.<\/p>\n<p class=\"paragraph\">\u2013 Toivon parasta pienille tyt\u00f6illesi.<\/p>\n<p class=\"paragraph\">Jesy Nelson on tunnetuin vuonna 2022 lopettaneesta Little Mix -tytt\u00f6b\u00e4ndist\u00e4. Nelson j\u00e4tti yhtyeen vuonna 2020 vedoten mielenterveyteens\u00e4. Sittemmin Nelson on keskittynyt soolouraansa.<\/p>\n<p><script async src=\"\/\/www.instagram.com\/embed.js\"><\/script><\/p>\n","protected":false},"excerpt":{"rendered":"Brittit\u00e4hti Jesy Nelson sai viime toukokuussa kaksostyt\u00f6t. Jesy Nelson sai kaksoset viime toukokuussa. Ken McKay\/ITV\/Shutterstock Brittilaulaja Jesy Nelson&hellip;\n","protected":false},"author":2,"featured_media":133962,"comment_status":"","ping_status":"","sticky":false,"template":"","format":"standard","meta":{"footnotes":""},"categories":[130],"tags":[35,138,137,33,31,30,99,100,47,98,32,109],"class_list":{"0":"post-133961","1":"post","2":"type-post","3":"status-publish","4":"format-standard","5":"has-post-thumbnail","7":"category-viihde","8":"tag-24h","9":"tag-audio","10":"tag-entertainment","11":"tag-fi","12":"tag-finland","13":"tag-finnish","14":"tag-lapset","15":"tag-lapset-ja-nuoret","16":"tag-musiikki","17":"tag-perhe","18":"tag-suomi","19":"tag-viihde"},"share_on_mastodon":{"url":"https:\/\/pubeurope.com\/@fi\/115842011816099014","error":""},"_links":{"self":[{"href":"https:\/\/www.europesays.com\/fi\/wp-json\/wp\/v2\/posts\/133961","targetHints":{"allow":["GET"]}}],"collection":[{"href":"https:\/\/www.europesays.com\/fi\/wp-json\/wp\/v2\/posts"}],"about":[{"href":"https:\/\/www.europesays.com\/fi\/wp-json\/wp\/v2\/types\/post"}],"author":[{"embeddable":true,"href":"https:\/\/www.europesays.com\/fi\/wp-json\/wp\/v2\/users\/2"}],"replies":[{"embeddable":true,"href":"https:\/\/www.europesays.com\/fi\/wp-json\/wp\/v2\/comments?post=133961"}],"version-history":[{"count":0,"href":"https:\/\/www.europesays.com\/fi\/wp-json\/wp\/v2\/posts\/133961\/revisions"}],"wp:featuredmedia":[{"embeddable":true,"href":"https:\/\/www.europesays.com\/fi\/wp-json\/wp\/v2\/media\/133962"}],"wp:attachment":[{"href":"https:\/\/www.europesays.com\/fi\/wp-json\/wp\/v2\/media?parent=133961"}],"wp:term":[{"taxonomy":"category","embeddable":true,"href":"https:\/\/www.europesays.com\/fi\/wp-json\/wp\/v2\/categories?post=133961"},{"taxonomy":"post_tag","embeddable":true,"href":"https:\/\/www.europesays.com\/fi\/wp-json\/wp\/v2\/tags?post=133961"}],"curies":[{"name":"wp","href":"https:\/\/api.w.org\/{rel}","templated":true}]}}