{"id":133967,"date":"2026-01-05T10:30:07","date_gmt":"2026-01-05T10:30:07","guid":{"rendered":"https:\/\/www.europesays.com\/fi\/133967\/"},"modified":"2026-01-05T10:30:07","modified_gmt":"2026-01-05T10:30:07","slug":"siltalan-tammikuun-kirjat-juha-seppalan-tuotannosta-aina-sodan-vaikutuksesta-yritystoimintaan","status":"publish","type":"post","link":"https:\/\/www.europesays.com\/fi\/133967\/","title":{"rendered":"Siltalan tammikuun kirjat \u2013 Juha Sepp\u00e4l\u00e4n tuotannosta aina sodan vaikutuksesta yritystoimintaan"},"content":{"rendered":"<p><strong><\/p>\n<p>HIENOA KIRJAVUOTTA 2026!<\/p>\n<p>Siltalan uusi vuosi alkaa komeasti Antti Hurskaisen esseekokoelmalla Musta rauha ja muita esseit\u00e4 Juha Sepp\u00e4l\u00e4st\u00e4. Teos ilmestyy sopivasti juhlistamaan kirjailija Juha Sepp\u00e4l\u00e4n 9. tammikuuta olevaa 70-vuotissyntym\u00e4p\u00e4iv\u00e4\u00e4.<\/p>\n<p>Muita tammikuun tekij\u00f6it\u00e4 ovat muiden muassa Markku Kuisma ja Harry Salmenniemi.<\/p>\n<p>***<\/p>\n<p>Kev\u00e4\u00e4n katalogi\u00a0<\/p>\n<p><a href=\"https:\/\/www.siltalapublishing.fi\/wp-content\/uploads\/2025\/10\/siltala-katalogi-kevat-2026.pdf\" rel=\"nofollow noopener\" target=\"_blank\">https:\/\/www.siltalapublishing.fi\/wp-content\/uploads\/2025\/10\/siltala-katalogi-kevat-2026.pdf<\/a><\/p>\n<p><\/strong><\/p>\n<p><strong>Kaunokirjat<\/strong><\/p>\n<p><strong>Antti Hurskainen<\/strong>\u00a0keskustelee Juha Sepp\u00e4l\u00e4n kirjallisen tuotannon kanssa esseeteoksessaan\u00a0Musta rauha ja muita esseit\u00e4 Juha Sepp\u00e4l\u00e4st\u00e4.\u00a0Tekstit auttavat hahmottamaan Sepp\u00e4l\u00e4n mittavan tuotannon painoarvoa kotimaisessa kirjallisuudessa. Ilmestyy 9.1.<\/p>\n<p>Tulikristalli ja muita novelleja\u00a0p\u00e4\u00e4tt\u00e4\u00e4\u00a0<strong>Harry Salmenniemen<\/strong> kehutun novellikokoelmien sarjan. Kokoelmassa kirjailijat ja kirjallisuus ovat umpikujassa, kun taas kural\u00e4t\u00e4k\u00f6t mit\u00e4 vieh\u00e4tt\u00e4vint\u00e4. Aikuiset k\u00e4ytt\u00e4ytyv\u00e4t t\u00f6ker\u00f6sti, ja Salmenniemi on itse kaikista t\u00f6ker\u00f6in. Ilmestyy 12.1.<\/p>\n<p>Kun kuolema ja syntym\u00e4 menev\u00e4t p\u00e4\u00e4llekk\u00e4in ja sis\u00e4kk\u00e4in, rikkoutuu tunteita, rikkoutuu mittareita.\u00a0<strong>Juuli Niemen<\/strong>\u00a0v\u00e4kev\u00e4 ja lumovoimainen runokokoelma\u00a0Pieni\u00e4 el\u00e4imi\u00e4 s\u00e4rkee lukijansa syd\u00e4men \u2013 ja parantaa sen. Ilmestyy 15.1.<\/p>\n<p>*****<\/p>\n<p><strong>Tietokirjat<\/strong><\/p>\n<p>Palkitun taloushistorioitsijan\u00a0<strong>Markku Kuisman<\/strong> uusi teos\u00a0Sodan yrityksi\u00e4\u00a0n\u00e4ytt\u00e4\u00e4 kaksisuuntaiset kytk\u00f6kset yritysten, valtioiden ja sotakoneistojen v\u00e4lill\u00e4 ja kysyy hankalia kysymyksi\u00e4 moraalisista valinnoista. Ilmestyy 29.1.<\/p>\n<p><strong>Maria L\u00e4hteenm\u00e4en<\/strong> kirja Arktisen kansan j\u00e4ljill\u00e4 paneutuu mets\u00e4saamelaisten historiaan aina 1700-luvulta 1900-luvulle. Teos kertoo kulttuurien kohtaamisesta, kitkasta ja sopeutumisesta ankarissa Keski-Lapin luonnonolosuhteissa. Ilmestyy 23.1.<\/p>\n","protected":false},"excerpt":{"rendered":"HIENOA KIRJAVUOTTA 2026! Siltalan uusi vuosi alkaa komeasti Antti Hurskaisen esseekokoelmalla Musta rauha ja muita esseit\u00e4 Juha Sepp\u00e4l\u00e4st\u00e4.&hellip;\n","protected":false},"author":2,"featured_media":133968,"comment_status":"","ping_status":"","sticky":false,"template":"","format":"standard","meta":{"footnotes":""},"categories":[12],"tags":[22,23,26,27,33,31,30,17,24,25,28,29,15,18,21,32,19,20,16],"class_list":{"0":"post-133967","1":"post","2":"type-post","3":"status-publish","4":"format-standard","5":"has-post-thumbnail","7":"category-suomi","8":"tag-breaking-news","9":"tag-breakingnews","10":"tag-featured-news","11":"tag-featurednews","12":"tag-fi","13":"tag-finland","14":"tag-finnish","15":"tag-headlines","16":"tag-latest-news","17":"tag-latestnews","18":"tag-main-news","19":"tag-mainnews","20":"tag-news","21":"tag-otsikot","22":"tag-paauutiset","23":"tag-suomi","24":"tag-top-stories","25":"tag-topstories","26":"tag-uutiset"},"share_on_mastodon":{"url":"https:\/\/pubeurope.com\/@fi\/115842031631978512","error":""},"_links":{"self":[{"href":"https:\/\/www.europesays.com\/fi\/wp-json\/wp\/v2\/posts\/133967","targetHints":{"allow":["GET"]}}],"collection":[{"href":"https:\/\/www.europesays.com\/fi\/wp-json\/wp\/v2\/posts"}],"about":[{"href":"https:\/\/www.europesays.com\/fi\/wp-json\/wp\/v2\/types\/post"}],"author":[{"embeddable":true,"href":"https:\/\/www.europesays.com\/fi\/wp-json\/wp\/v2\/users\/2"}],"replies":[{"embeddable":true,"href":"https:\/\/www.europesays.com\/fi\/wp-json\/wp\/v2\/comments?post=133967"}],"version-history":[{"count":0,"href":"https:\/\/www.europesays.com\/fi\/wp-json\/wp\/v2\/posts\/133967\/revisions"}],"wp:featuredmedia":[{"embeddable":true,"href":"https:\/\/www.europesays.com\/fi\/wp-json\/wp\/v2\/media\/133968"}],"wp:attachment":[{"href":"https:\/\/www.europesays.com\/fi\/wp-json\/wp\/v2\/media?parent=133967"}],"wp:term":[{"taxonomy":"category","embeddable":true,"href":"https:\/\/www.europesays.com\/fi\/wp-json\/wp\/v2\/categories?post=133967"},{"taxonomy":"post_tag","embeddable":true,"href":"https:\/\/www.europesays.com\/fi\/wp-json\/wp\/v2\/tags?post=133967"}],"curies":[{"name":"wp","href":"https:\/\/api.w.org\/{rel}","templated":true}]}}