{"id":133978,"date":"2026-01-05T10:54:13","date_gmt":"2026-01-05T10:54:13","guid":{"rendered":"https:\/\/www.europesays.com\/fi\/133978\/"},"modified":"2026-01-05T10:54:13","modified_gmt":"2026-01-05T10:54:13","slug":"mt-60-prosenttia-suomalaisista-ei-usko-suomen-talouden-nousevan-tana-vuonna-kylla-kansa-tietaa-uutissuomalainen","status":"publish","type":"post","link":"https:\/\/www.europesays.com\/fi\/133978\/","title":{"rendered":"MT: 60 prosenttia suomalaisista ei usko Suomen talouden nousevan t\u00e4n\u00e4 vuonna \u2013 &#8221;Kyll\u00e4 kansa tiet\u00e4\u00e4&#8221; | Uutissuomalainen"},"content":{"rendered":"<p>60 prosenttia suomalaisista ei usko Suomen talouden k\u00e4\u00e4ntyv\u00e4n nousuun t\u00e4m\u00e4n vuoden aikana, selvi\u00e4\u00e4 tuoreesta <a href=\"https:\/\/www.maaseuduntulevaisuus.fi\/uutiset\/7933bd55-af41-4476-9791-04ce5fb84cc9\" rel=\"nofollow noopener\" target=\"_blank\">Maaseudun Tulevaisuuden<\/a> teett\u00e4m\u00e4st\u00e4 kyselyst\u00e4.<\/p>\n<p>Vain nelj\u00e4sosa uskoo Suomen talouden k\u00e4\u00e4ntyv\u00e4n nousuun t\u00e4n\u00e4 vuonna, ja 15 prosenttia ei osaa sanoa.<\/p>\n<p>\u2013\u2009Kyll\u00e4 kansa tiet\u00e4\u00e4, kuten ennen vanhaan sanottiin, sanoo Vaasan yliopiston taloustieteen professori, Pellervon taloustutkimus PTT:n tutkimusjohtaja <strong>Olli-Pekka Ruuskanen<\/strong> MT:lle.<\/p>\n<blockquote class=\"voice-no-read rs_skip diks-blockquote\">\n<p class=\"diks-blockquote__text\">Ihmiset arvioivat usein talouden kehityst\u00e4 omasta n\u00e4k\u00f6kulmastaan.<\/p>\n<p>Olli-Pekka Ruuskanen<\/p><\/blockquote>\n<p>\u2013\u2009Tulos heijastaa realistista n\u00e4kemyst\u00e4 taloustilanteesta.<\/p>\n<p>Ruuskasen tulkinnan mukaan tulos kertoo yhteiskunnallisesta jakolinjasta, jossa 60 prosentilla ei mene hyvin.<\/p>\n<p>\u2013\u2009Ihmiset arvioivat usein talouden kehityst\u00e4 omasta n\u00e4k\u00f6kulmastaan. 25 prosentilla suomalaisista menee aika hyvin. Ylimm\u00e4n marginaaliveron alennukset ja muut voivat luoda vaikutelmaa, ett\u00e4 oma talous kohenee ja ett\u00e4 sama tapahtuu Suomen taloudessa, h\u00e4n sanoo.<\/p>\n<p><strong class=\"diks-storyline__impact\">Ruuskanenkaan ei usko<\/strong> Suomen talouden k\u00e4\u00e4ntyv\u00e4n merkitt\u00e4v\u00e4\u00e4n nousuun vuonna 2026. Syyksi h\u00e4n sanoo sen, ett\u00e4 Suomen kyky luoda innovaatioita ja uusia tuotteita n\u00e4ytt\u00e4\u00e4 nyt heikolta. Isoin ongelma h\u00e4nen mukaansa on kuitenkin asuntomarkkinoiden kriisi.<\/p>\n<p>\u2013\u2009N\u00e4kemykseni mukaan asuntomarkkinoiden tilanne menee koko ajan huonompaan suuntaan. Emme ole viel\u00e4k\u00e4\u00e4n n\u00e4hneet pohjia. Hintojen lasku vaan kiihtyy alueilla, joissa markkinat toimivat.<\/p>\n<p>Kyselyn toteutti MT:n tilauksesta Kantar Agri oy ja siihen vastasi yhteens\u00e4 1 020 suomalaista.<\/p>\n","protected":false},"excerpt":{"rendered":"60 prosenttia suomalaisista ei usko Suomen talouden k\u00e4\u00e4ntyv\u00e4n nousuun t\u00e4m\u00e4n vuoden aikana, selvi\u00e4\u00e4 tuoreesta Maaseudun Tulevaisuuden teett\u00e4m\u00e4st\u00e4 kyselyst\u00e4.&hellip;\n","protected":false},"author":2,"featured_media":133979,"comment_status":"","ping_status":"","sticky":false,"template":"","format":"standard","meta":{"footnotes":""},"categories":[76],"tags":[542,79,77,33,31,30,603,2619,32,78,6709,3248,11392,9249],"class_list":{"0":"post-133978","1":"post","2":"type-post","3":"status-publish","4":"format-standard","5":"has-post-thumbnail","7":"category-talous","8":"tag-asuminen","9":"tag-business","10":"tag-economy","11":"tag-fi","12":"tag-finland","13":"tag-finnish","14":"tag-korkeakoulu","15":"tag-makrotalous-ja-talouspolitiikka","16":"tag-suomi","17":"tag-talous","18":"tag-talousasiantuntijat","19":"tag-taloustieteilijat","20":"tag-tilastokeskus-suomi","21":"tag-vaasan-yliopisto"},"share_on_mastodon":{"url":"https:\/\/pubeurope.com\/@fi\/115842125961814807","error":""},"_links":{"self":[{"href":"https:\/\/www.europesays.com\/fi\/wp-json\/wp\/v2\/posts\/133978","targetHints":{"allow":["GET"]}}],"collection":[{"href":"https:\/\/www.europesays.com\/fi\/wp-json\/wp\/v2\/posts"}],"about":[{"href":"https:\/\/www.europesays.com\/fi\/wp-json\/wp\/v2\/types\/post"}],"author":[{"embeddable":true,"href":"https:\/\/www.europesays.com\/fi\/wp-json\/wp\/v2\/users\/2"}],"replies":[{"embeddable":true,"href":"https:\/\/www.europesays.com\/fi\/wp-json\/wp\/v2\/comments?post=133978"}],"version-history":[{"count":0,"href":"https:\/\/www.europesays.com\/fi\/wp-json\/wp\/v2\/posts\/133978\/revisions"}],"wp:featuredmedia":[{"embeddable":true,"href":"https:\/\/www.europesays.com\/fi\/wp-json\/wp\/v2\/media\/133979"}],"wp:attachment":[{"href":"https:\/\/www.europesays.com\/fi\/wp-json\/wp\/v2\/media?parent=133978"}],"wp:term":[{"taxonomy":"category","embeddable":true,"href":"https:\/\/www.europesays.com\/fi\/wp-json\/wp\/v2\/categories?post=133978"},{"taxonomy":"post_tag","embeddable":true,"href":"https:\/\/www.europesays.com\/fi\/wp-json\/wp\/v2\/tags?post=133978"}],"curies":[{"name":"wp","href":"https:\/\/api.w.org\/{rel}","templated":true}]}}