{"id":133991,"date":"2026-01-05T11:20:09","date_gmt":"2026-01-05T11:20:09","guid":{"rendered":"https:\/\/www.europesays.com\/fi\/133991\/"},"modified":"2026-01-05T11:20:09","modified_gmt":"2026-01-05T11:20:09","slug":"autoalan-toimijoiden-liiketoimintakauppa-muuttaa-autojen-vauriokorjausta-porissa","status":"publish","type":"post","link":"https:\/\/www.europesays.com\/fi\/133991\/","title":{"rendered":"Autoalan toimijoiden liiketoimintakauppa muuttaa autojen vauriokorjausta Porissa"},"content":{"rendered":"<p>Incar avaa uuden korjaamon Toejoelle Rinta-Joupin tiloihin.<\/p>\n<p class=\"article-body mb-nof-24 px-nof-16\">Pori<\/p>\n<p class=\"article-body mb-nof-24 px-nof-16\">Incar ja Rinta-Joupin autoliike ovat tehneet liiketoimintakaupan, joka koskee Porin, Vaasan ja Turun vauriokorjaamotoimintoja.<\/p>\n<p class=\"article-body mb-nof-24 px-nof-16\">Porissa t\u00e4m\u00e4 merkitsee sit\u00e4, ett\u00e4 Incar avaa uuden korjaamon, Incar Pori Toejoen, Rinta-Joupin tiloihin osoitteessa Hyv\u00e4ntuulentie 4. N\u00e4in Incar palvelee tammikuun 2026 alusta alkaen Porissa kahdessa toimipisteess\u00e4. Aiemmin Incar on toiminut Incar Pori -korjaamolla osoitteessa Palokunnantie 3.<\/p>\n<p class=\"article-body mb-nof-24 px-nof-16\">Incar jatkaa Rinta-Joupin autoliikkeen edustamien merkkien vauriokorjaamotoimijana L\u00e4nsi-Suomen alueella. Porissa merkkikohtainen vauriokorjauspalvelu kattaa \u0160kodan, Toyotan ja Hondan.<\/p>\n<p class=\"article-body mb-nof-24 px-nof-16\">\u201dKahden toimipisteen ansiosta pystymme tekem\u00e4\u00e4n korjaamisesta entist\u00e4kin vaivattomampaa. Asiakkaille on nyt parempi saatavuus, kun olemme kahdessa paikassa eri puolilla kaupunkia\u201d, luonnehtii operatiivinen johtaja <a class=\"font-bold underline-offset-[0.12em] [text-decoration:var(--person-link-text-decoration)] ![text-decoration-color:var(--person-link-text-decoration-color)]\" href=\"https:\/\/www.satakunnankansa.fi\/haku\/?query=Tommi%20Vat%C3%A9n\" rel=\"nofollow noopener\" target=\"_blank\">Tommi Vat\u00e9n<\/a> Incarilta.<\/p>\n<p class=\"article-body mb-nof-24 px-nof-16\">\u201dL\u00f6ysimme Rinta-Joupin kanssa hyv\u00e4n yhteisymm\u00e4rryksen, miten teemme yhteisty\u00f6t\u00e4 jatkossa. Meill\u00e4 on tarkoitus viel\u00e4 j\u00e4rjestell\u00e4 Toejoen tontilla tiloja kev\u00e4\u00e4n aikana ja laajentaa toimintaa entisest\u00e4\u00e4n\u201d, Vat\u00e9n jatkaa.<\/p>\n<p class=\"article-body mb-nof-24 px-nof-16\">Rinta-Joupin huolto toimii Toejoella edelleen, kun Incar huolehtii vauriokorjauksesta.<\/p>\n<p class=\"article-body mb-nof-24 px-nof-16\">\u201dPalvelemme samalla tontilla samoja asiakkaita\u201d, Vat\u00e9n t\u00e4sment\u00e4\u00e4.<\/p>\n<p class=\"article-body mb-nof-24 px-nof-16\">Toimitusjohtaja <a class=\"font-bold underline-offset-[0.12em] [text-decoration:var(--person-link-text-decoration)] ![text-decoration-color:var(--person-link-text-decoration-color)]\" href=\"https:\/\/www.satakunnankansa.fi\/haku\/?query=Sami%20Kankaanp%C3%A4%C3%A4\" rel=\"nofollow noopener\" target=\"_blank\">Sami Kankaanp\u00e4\u00e4<\/a> Rinta-Joupin autoliikkeest\u00e4 painottaa, ett\u00e4 liiketoimintakauppa selkeytt\u00e4\u00e4 Rinta-Joupin tekemist\u00e4.<\/p>\n<p class=\"article-body mb-nof-24 px-nof-16\">\u201dT\u00e4m\u00e4 mahdollistaa kasvun jatkumisen k\u00e4ytettyjen ajoneuvojen kaupassa sek\u00e4 tarkkaan valikoiduissa merkkiedustuksissa niin myynnin kuin huollon puolella\u201d, Kankaanp\u00e4\u00e4 kommentoi.<\/p>\n","protected":false},"excerpt":{"rendered":"Incar avaa uuden korjaamon Toejoelle Rinta-Joupin tiloihin. Pori Incar ja Rinta-Joupin autoliike ovat tehneet liiketoimintakaupan, joka koskee Porin,&hellip;\n","protected":false},"author":2,"featured_media":133992,"comment_status":"","ping_status":"","sticky":false,"template":"","format":"standard","meta":{"footnotes":""},"categories":[76],"tags":[79,77,33,31,30,80,32,78],"class_list":{"0":"post-133991","1":"post","2":"type-post","3":"status-publish","4":"format-standard","5":"has-post-thumbnail","7":"category-talous","8":"tag-business","9":"tag-economy","10":"tag-fi","11":"tag-finland","12":"tag-finnish","13":"tag-satakunnan-kansa","14":"tag-suomi","15":"tag-talous"},"share_on_mastodon":{"url":"https:\/\/pubeurope.com\/@fi\/115842228164151555","error":""},"_links":{"self":[{"href":"https:\/\/www.europesays.com\/fi\/wp-json\/wp\/v2\/posts\/133991","targetHints":{"allow":["GET"]}}],"collection":[{"href":"https:\/\/www.europesays.com\/fi\/wp-json\/wp\/v2\/posts"}],"about":[{"href":"https:\/\/www.europesays.com\/fi\/wp-json\/wp\/v2\/types\/post"}],"author":[{"embeddable":true,"href":"https:\/\/www.europesays.com\/fi\/wp-json\/wp\/v2\/users\/2"}],"replies":[{"embeddable":true,"href":"https:\/\/www.europesays.com\/fi\/wp-json\/wp\/v2\/comments?post=133991"}],"version-history":[{"count":0,"href":"https:\/\/www.europesays.com\/fi\/wp-json\/wp\/v2\/posts\/133991\/revisions"}],"wp:featuredmedia":[{"embeddable":true,"href":"https:\/\/www.europesays.com\/fi\/wp-json\/wp\/v2\/media\/133992"}],"wp:attachment":[{"href":"https:\/\/www.europesays.com\/fi\/wp-json\/wp\/v2\/media?parent=133991"}],"wp:term":[{"taxonomy":"category","embeddable":true,"href":"https:\/\/www.europesays.com\/fi\/wp-json\/wp\/v2\/categories?post=133991"},{"taxonomy":"post_tag","embeddable":true,"href":"https:\/\/www.europesays.com\/fi\/wp-json\/wp\/v2\/tags?post=133991"}],"curies":[{"name":"wp","href":"https:\/\/api.w.org\/{rel}","templated":true}]}}