{"id":134008,"date":"2026-01-05T11:47:07","date_gmt":"2026-01-05T11:47:07","guid":{"rendered":"https:\/\/www.europesays.com\/fi\/134008\/"},"modified":"2026-01-05T11:47:07","modified_gmt":"2026-01-05T11:47:07","slug":"brigitte-macronin-nettikiusaajille-tuomiot-ilta-sanomat","status":"publish","type":"post","link":"https:\/\/www.europesays.com\/fi\/134008\/","title":{"rendered":"Brigitte Macronin nettikiusaajille tuomiot &#8211; Ilta-Sanomat"},"content":{"rendered":"<p>Tuomioistuin totesi kahdeksan miehen ja kahden naisen syyllisiksi vahingollisten kommenttien kirjoittamiseen.<\/p>\n<p class=\"article-body mb-nof-24 px-nof-16\">Kymmenen henkil\u00f6\u00e4 todettiin syyllisiksi Ranskan ensimm\u00e4isen naisen, <a class=\"font-bold underline-offset-[0.12em] [text-decoration:var(--person-link-text-decoration)] ![text-decoration-color:var(--person-link-text-decoration-color)]\" href=\"https:\/\/www.is.fi\/haku\/?query=Brigitte%20Macronin\" rel=\"nofollow noopener\" target=\"_blank\">Brigitte Macronin<\/a> nettikiusaamiseen. Asiasta uutisoi Reuters.<\/p>\n<p class=\"article-body mb-nof-24 px-nof-16\">Maanantaina Pariisin tuomioistuin tuomitsi henkil\u00f6t enint\u00e4\u00e4n kahdeksan kuukauden ehdolliseen vankeusrangaistukseen.<\/p>\n<p class=\"article-body mb-nof-24 px-nof-16\">Kyseiset henkil\u00f6t levittiv\u00e4t valheellisia v\u00e4itteit\u00e4, joiden mukaan Brigitte Macron olisi transnainen, joka syntyi miehen\u00e4.<\/p>\n<p class=\"article-body mb-nof-24 px-nof-16\">Ranskan presidentti <a class=\"font-bold underline-offset-[0.12em] [text-decoration:var(--person-link-text-decoration)] ![text-decoration-color:var(--person-link-text-decoration-color)]\" href=\"https:\/\/www.is.fi\/haku\/?query=Emmanuel%20Macron\" rel=\"nofollow noopener\" target=\"_blank\">Emmanuel Macron<\/a> ja Brigitte Macron ovat olleet jo pitk\u00e4\u00e4n valheellisten syyt\u00f6sten kohteena.<\/p>\n<p class=\"article-body mb-nof-24 px-nof-16\">Jotkut ovat v\u00e4itt\u00e4neet, ett\u00e4 Brigitten syntym\u00e4nimi olisi <a class=\"font-bold underline-offset-[0.12em] [text-decoration:var(--person-link-text-decoration)] ![text-decoration-color:var(--person-link-text-decoration-color)]\" href=\"https:\/\/www.is.fi\/haku\/?query=Jean-Michel%20Trogneux,\" rel=\"nofollow noopener\" target=\"_blank\">Jean-Michel Trogneux,<\/a> joka on todellisuudessa h\u00e4nen vanhemman veljens\u00e4 nimi, Reuters kertoo.<\/p>\n<p class=\"article-body mb-nof-24 px-nof-16\">My\u00f6s presidenttiparin 24 vuoden ik\u00e4ero on ollut pilkan kohteena.<\/p>\n<p class=\"article-body mb-nof-24 px-nof-16\">Tuomioistuin totesi kahdeksan miehen ja kahden naisen syyllisiksi vahingollisten kommenttien kirjoittamiseen Brigitte Macronin sukupuolesta ja seksuaalisuudesta. Tuomiossa mainitaan my\u00f6s kirjoittelu, jossa presidenttiparin ik\u00e4eroa on verrattu pedofiliaan.<\/p>\n<p class=\"article-body mb-nof-24 px-nof-16\">Presidenttipari on nostanut my\u00f6s Yhdysvalloissa <a class=\"underline underline-offset-[0.12em] [text-decoration-thickness:var(--generic-link-underline-thickness)] [text-decoration-color:var(--generic-link-underline-color)] [text-decoration-skip-ink:var(--generic-link-underline-skip-ink)] break-words\" href=\"https:\/\/www.is.fi\/ulkomaat\/art-2000011384048.html\" rel=\"nofollow noopener\" target=\"_blank\">kunnianloukkauskanteen <\/a>oikeistolaista some- ja podcast -vaikuttajaa<a class=\"font-bold underline-offset-[0.12em] [text-decoration:var(--person-link-text-decoration)] ![text-decoration-color:var(--person-link-text-decoration-color)]\" href=\"https:\/\/www.is.fi\/haku\/?query=%20Candace%20Owensia\" rel=\"nofollow noopener\" target=\"_blank\"> Candace Owensia<\/a> vastaan. My\u00f6s Owens on esitt\u00e4nyt v\u00e4itteit\u00e4 Brigitte Macronin sukupuolesta.<\/p>\n","protected":false},"excerpt":{"rendered":"Tuomioistuin totesi kahdeksan miehen ja kahden naisen syyllisiksi vahingollisten kommenttien kirjoittamiseen. Kymmenen henkil\u00f6\u00e4 todettiin syyllisiksi Ranskan ensimm\u00e4isen naisen,&hellip;\n","protected":false},"author":2,"featured_media":134009,"comment_status":"","ping_status":"","sticky":false,"template":"","format":"standard","meta":{"footnotes":""},"categories":[14],"tags":[22,23,26,27,33,31,30,17,34,24,25,28,29,15,18,21,32,19,20,56,16,59,60,61],"class_list":{"0":"post-134008","1":"post","2":"type-post","3":"status-publish","4":"format-standard","5":"has-post-thumbnail","7":"category-ulkomaat","8":"tag-breaking-news","9":"tag-breakingnews","10":"tag-featured-news","11":"tag-featurednews","12":"tag-fi","13":"tag-finland","14":"tag-finnish","15":"tag-headlines","16":"tag-ilta-sanomat","17":"tag-latest-news","18":"tag-latestnews","19":"tag-main-news","20":"tag-mainnews","21":"tag-news","22":"tag-otsikot","23":"tag-paauutiset","24":"tag-suomi","25":"tag-top-stories","26":"tag-topstories","27":"tag-ulkomaat","28":"tag-uutiset","29":"tag-world","30":"tag-world-news","31":"tag-worldnews"},"share_on_mastodon":{"url":"https:\/\/pubeurope.com\/@fi\/115842334395748645","error":""},"_links":{"self":[{"href":"https:\/\/www.europesays.com\/fi\/wp-json\/wp\/v2\/posts\/134008","targetHints":{"allow":["GET"]}}],"collection":[{"href":"https:\/\/www.europesays.com\/fi\/wp-json\/wp\/v2\/posts"}],"about":[{"href":"https:\/\/www.europesays.com\/fi\/wp-json\/wp\/v2\/types\/post"}],"author":[{"embeddable":true,"href":"https:\/\/www.europesays.com\/fi\/wp-json\/wp\/v2\/users\/2"}],"replies":[{"embeddable":true,"href":"https:\/\/www.europesays.com\/fi\/wp-json\/wp\/v2\/comments?post=134008"}],"version-history":[{"count":0,"href":"https:\/\/www.europesays.com\/fi\/wp-json\/wp\/v2\/posts\/134008\/revisions"}],"wp:featuredmedia":[{"embeddable":true,"href":"https:\/\/www.europesays.com\/fi\/wp-json\/wp\/v2\/media\/134009"}],"wp:attachment":[{"href":"https:\/\/www.europesays.com\/fi\/wp-json\/wp\/v2\/media?parent=134008"}],"wp:term":[{"taxonomy":"category","embeddable":true,"href":"https:\/\/www.europesays.com\/fi\/wp-json\/wp\/v2\/categories?post=134008"},{"taxonomy":"post_tag","embeddable":true,"href":"https:\/\/www.europesays.com\/fi\/wp-json\/wp\/v2\/tags?post=134008"}],"curies":[{"name":"wp","href":"https:\/\/api.w.org\/{rel}","templated":true}]}}