{"id":134051,"date":"2026-01-05T12:39:11","date_gmt":"2026-01-05T12:39:11","guid":{"rendered":"https:\/\/www.europesays.com\/fi\/134051\/"},"modified":"2026-01-05T12:39:11","modified_gmt":"2026-01-05T12:39:11","slug":"expressen-vakoojaksi-epailty-pidatetty-ruotsissa","status":"publish","type":"post","link":"https:\/\/www.europesays.com\/fi\/134051\/","title":{"rendered":"Expressen: Vakoojaksi ep\u00e4ilty pid\u00e4tetty Ruotsissa"},"content":{"rendered":"<p>Pid\u00e4tys tehtiin sunnuntaina.<\/p>\n<p><img decoding=\"async\" class=\"image image-show image-preview\" src=\"https:\/\/www.europesays.com\/fi\/wp-content\/uploads\/2026\/01\/9c4ed09257df84b6cd3b670aa4f408b82dce8225961b7d6744fe20bf1999fc40.jpg\" alt=\"\"\/><img decoding=\"async\" class=\"image image-show\" src=\"https:\/\/www.europesays.com\/fi\/wp-content\/uploads\/2026\/01\/1767616751_273_9c4ed09257df84b6cd3b670aa4f408b82dce8225961b7d6744fe20bf1999fc40.jpg\" alt=\"\"\/><\/p>\n<p>Poliisi pid\u00e4tti yhden henkil\u00f6n sunnuntaina ep\u00e4iltyn\u00e4 vakoilusta. AOP<\/p>\n<p class=\"paragraph\">Ruotsin viranomaiset ovat pid\u00e4tt\u00e4neet yhden henkil\u00f6n ep\u00e4iltyn\u00e4 vakoilusta, kertoo ruotsalaislehti <a href=\"https:\/\/www.expressen.se\/nyheter\/sverige\/just-nu-misstankt-spion-gripen-i-stockholm\/\" target=\"_blank\" rel=\"noopener nofollow\">Expressen<\/a>.<\/p>\n<p class=\"paragraph\">Lehden haltuunsa saamien dokumenttien mukaan vakoilua on tapahtunut muun muassa Tukholman alueella vuodesta 2022 alkaen aina Tukholmassa tapahtuneeseen pid\u00e4tykseen asti.<\/p>\n<p class=\"paragraph\">Expressenin mukaan Keski-Ruotsissa asuva ep\u00e4ilty pid\u00e4tettiin sunnuntaina ja h\u00e4nelle on sittemmin nimetty puolustusasianajaja. Kuulustelut on m\u00e4\u00e4r\u00e4 aloittaa mahdollisimman pian.<\/p>\n<p class=\"paragraph\">Ruotsin turvallisuuspoliisi S\u00e4pon viestinn\u00e4st\u00e4 vahvistetaan tiedot pid\u00e4tyksest\u00e4 ja vakoiluep\u00e4ilyst\u00e4. Tiedottaja <strong>Gabriel Wernstedtin<\/strong> mukaan asian tutkinta on kest\u00e4nyt jo pidemm\u00e4n aikaa, mutta h\u00e4n ei kerro tarkempia tietoja tapauksesta, keskener\u00e4iseen tutkintaan vedoten.<\/p>\n<p class=\"paragraph\">\u2013 Tilanne on hyvin tuore. Siksi on vaikeaa menn\u00e4 yksityiskohtiin koskien rikosep\u00e4ily\u00e4, Wernstedt sanoi Expressenille.<\/p>\n","protected":false},"excerpt":{"rendered":"Pid\u00e4tys tehtiin sunnuntaina. Poliisi pid\u00e4tti yhden henkil\u00f6n sunnuntaina ep\u00e4iltyn\u00e4 vakoilusta. AOP Ruotsin viranomaiset ovat pid\u00e4tt\u00e4neet yhden henkil\u00f6n ep\u00e4iltyn\u00e4&hellip;\n","protected":false},"author":2,"featured_media":134052,"comment_status":"","ping_status":"","sticky":false,"template":"","format":"standard","meta":{"footnotes":""},"categories":[14],"tags":[35,22,23,26,27,33,31,30,17,53,24,25,28,29,15,18,21,52,637,103,32,19,20,546,56,16,59,60,61],"class_list":{"0":"post-134051","1":"post","2":"type-post","3":"status-publish","4":"format-standard","5":"has-post-thumbnail","7":"category-ulkomaat","8":"tag-24h","9":"tag-breaking-news","10":"tag-breakingnews","11":"tag-featured-news","12":"tag-featurednews","13":"tag-fi","14":"tag-finland","15":"tag-finnish","16":"tag-headlines","17":"tag-laki-oikeus-ja-rikos","18":"tag-latest-news","19":"tag-latestnews","20":"tag-main-news","21":"tag-mainnews","22":"tag-news","23":"tag-otsikot","24":"tag-paauutiset","25":"tag-poliisi","26":"tag-politiikka","27":"tag-sosiaalikysymykset","28":"tag-suomi","29":"tag-top-stories","30":"tag-topstories","31":"tag-turvallisuus","32":"tag-ulkomaat","33":"tag-uutiset","34":"tag-world","35":"tag-world-news","36":"tag-worldnews"},"share_on_mastodon":{"url":"https:\/\/pubeurope.com\/@fi\/115842538844635152","error":""},"_links":{"self":[{"href":"https:\/\/www.europesays.com\/fi\/wp-json\/wp\/v2\/posts\/134051","targetHints":{"allow":["GET"]}}],"collection":[{"href":"https:\/\/www.europesays.com\/fi\/wp-json\/wp\/v2\/posts"}],"about":[{"href":"https:\/\/www.europesays.com\/fi\/wp-json\/wp\/v2\/types\/post"}],"author":[{"embeddable":true,"href":"https:\/\/www.europesays.com\/fi\/wp-json\/wp\/v2\/users\/2"}],"replies":[{"embeddable":true,"href":"https:\/\/www.europesays.com\/fi\/wp-json\/wp\/v2\/comments?post=134051"}],"version-history":[{"count":0,"href":"https:\/\/www.europesays.com\/fi\/wp-json\/wp\/v2\/posts\/134051\/revisions"}],"wp:featuredmedia":[{"embeddable":true,"href":"https:\/\/www.europesays.com\/fi\/wp-json\/wp\/v2\/media\/134052"}],"wp:attachment":[{"href":"https:\/\/www.europesays.com\/fi\/wp-json\/wp\/v2\/media?parent=134051"}],"wp:term":[{"taxonomy":"category","embeddable":true,"href":"https:\/\/www.europesays.com\/fi\/wp-json\/wp\/v2\/categories?post=134051"},{"taxonomy":"post_tag","embeddable":true,"href":"https:\/\/www.europesays.com\/fi\/wp-json\/wp\/v2\/tags?post=134051"}],"curies":[{"name":"wp","href":"https:\/\/api.w.org\/{rel}","templated":true}]}}