{"id":134105,"date":"2026-01-05T13:58:07","date_gmt":"2026-01-05T13:58:07","guid":{"rendered":"https:\/\/www.europesays.com\/fi\/134105\/"},"modified":"2026-01-05T13:58:07","modified_gmt":"2026-01-05T13:58:07","slug":"kansanedustaja-timo-vornanen-jatti-valituksen-tuomiostaan","status":"publish","type":"post","link":"https:\/\/www.europesays.com\/fi\/134105\/","title":{"rendered":"Kansanedustaja Timo Vornanen j\u00e4tti valituksen tuomiostaan"},"content":{"rendered":"<p>Oikeudenk\u00e4ynnit|Vornanen sai k\u00e4r\u00e4j\u00e4oikeudessa kahdeksan kuukauden ehdollisen vankeusrangaistuksen.<\/p>\n<p>Lue tiivistelm\u00e4<\/p>\n<p class=\"article-body mb-nof-24 px-nof-16 sndp-summary-bullet-point-font\">Kansanedustaja Timo Vornanen valittaa tuomiostaan hovioikeuteen.<\/p>\n<p class=\"article-body mb-nof-24 px-nof-16 sndp-summary-bullet-point-font\">Helsingin k\u00e4r\u00e4j\u00e4oikeus tuomitsi Vornasen kahdeksaksi kuukaudeksi ehdolliseen vankeuteen joulukuussa.<\/p>\n<p class=\"article-body mb-nof-24 px-nof-16 sndp-summary-bullet-point-font\">Tuomio koski kev\u00e4\u00e4n 2024 tapahtumia, jolloin Vornanen ampui kadulle ravintolaillan p\u00e4\u00e4tteeksi Helsingin ydinkeskustassa.<\/p>\n<p class=\"article-body mb-nof-24 px-nof-16 sndp-summary-bullet-point-font\">K\u00e4r\u00e4j\u00e4oikeus katsoi, ettei Vornasen menettely ollut oikeutettua h\u00e4t\u00e4varjelua.<\/p>\n<p class=\"article-body mb-nof-24 px-nof-16\">Kansanedustaja <a class=\"font-bold underline-offset-[0.12em] [text-decoration:var(--person-link-text-decoration)] ![text-decoration-color:var(--person-link-text-decoration-color)]\" href=\"https:\/\/www.hs.fi\/haku\/?query=Timo%20Vornanen\" rel=\"nofollow noopener\" target=\"_blank\">Timo Vornanen<\/a> j\u00e4tti valituksen tuomiostaan Helsingin k\u00e4r\u00e4j\u00e4oikeuteen ja haluaa asiansa uuteen k\u00e4sittelyyn Helsingin hovioikeuteen.<\/p>\n<p class=\"article-body mb-nof-24 px-nof-16\">Vornanen j\u00e4tti valituksensa m\u00e4\u00e4r\u00e4aikansa lopussa. Joskin h\u00e4n kertoi heti tuomionsa j\u00e4lkeen joulukuun alkupuolella, ett\u00e4 aikoo hakea siihen muutosta hovioikeudesta.<\/p>\n<p class=\"article-body mb-nof-24 px-nof-16\">Seuraavaksi hovioikeus ratkaisee, antaako se Vornaselle jatkok\u00e4sittelyluvan.<\/p>\n<p class=\"article-body mb-nof-24 px-nof-16\">Helsingin k\u00e4r\u00e4j\u00e4oikeus m\u00e4\u00e4r\u00e4si kansanedustajalle rangaistukseksi kahdeksan kuukautta ehdollista vankeutta joulukuussa. H\u00e4n sai tuomion pahoinpitelyst\u00e4, kahdesta laittomasta uhkauksesta, varomattomasta k\u00e4sittelyst\u00e4, ampuma-aserikoksesta ja ampuma-aserikkomuksesta.<\/p>\n<p class=\"article-body mb-nof-24 px-nof-16\">Valtionsyytt\u00e4j\u00e4 arvioi heti tuomion j\u00e4lkeen, ettei syytt\u00e4j\u00e4ll\u00e4 ole tarvetta valittaa Vornasen tuomiosta hovioikeuteen.<\/p>\n<p class=\"article-body mb-nof-24 px-nof-16\">Oikeudenk\u00e4ynti koski kev\u00e4\u00e4n 2024 tapahtumia Bar Ihkussa ja sen ulkopuolella Helsingin ydinkeskustassa. Kansanedustaja Vornanen ampui katuun ravintolaillan p\u00e4\u00e4tteeksi.<\/p>\n<p class=\"article-body mb-nof-24 px-nof-16\">Oikeus katsoi, ettei tilanne ollut sellainen, ett\u00e4 Vornasen olisi ollut tarpeellista k\u00e4ytt\u00e4\u00e4 tilanteessa asetta ja osoittaa sill\u00e4 h\u00e4nen kanssaan riitaantuneita miehi\u00e4 kohti. Vornasen menettely ei siten ollut oikeutettua h\u00e4t\u00e4varjelua, k\u00e4r\u00e4j\u00e4oikeus totesi.<\/p>\n<p class=\"article-body mb-nof-24 px-nof-16\">Se my\u00f6s totesi, ett\u00e4 Vornasella olisi ollut mahdollisuus poistua paikalta.<\/p>\n<p class=\"article-body mb-nof-24 px-nof-16\">Vornasen valituksesta <a class=\"underline underline-offset-[0.12em] [text-decoration-thickness:var(--generic-link-underline-thickness)] [text-decoration-color:var(--generic-link-underline-color)] [text-decoration-skip-ink:var(--generic-link-underline-skip-ink)] break-words\" href=\"https:\/\/www.is.fi\/kotimaa\/art-2000011730840.html\" rel=\"nofollow noopener\" target=\"_blank\">kertoi aiemmin Ilta-Sanomat<\/a>.<\/p>\n","protected":false},"excerpt":{"rendered":"Oikeudenk\u00e4ynnit|Vornanen sai k\u00e4r\u00e4j\u00e4oikeudessa kahdeksan kuukauden ehdollisen vankeusrangaistuksen. Lue tiivistelm\u00e4 Kansanedustaja Timo Vornanen valittaa tuomiostaan hovioikeuteen. Helsingin k\u00e4r\u00e4j\u00e4oikeus tuomitsi&hellip;\n","protected":false},"author":2,"featured_media":134106,"comment_status":"","ping_status":"","sticky":false,"template":"","format":"standard","meta":{"footnotes":""},"categories":[12],"tags":[22,23,26,27,33,31,30,17,46,24,25,28,29,15,18,21,32,19,20,16],"class_list":{"0":"post-134105","1":"post","2":"type-post","3":"status-publish","4":"format-standard","5":"has-post-thumbnail","7":"category-suomi","8":"tag-breaking-news","9":"tag-breakingnews","10":"tag-featured-news","11":"tag-featurednews","12":"tag-fi","13":"tag-finland","14":"tag-finnish","15":"tag-headlines","16":"tag-helsingin-sanomat","17":"tag-latest-news","18":"tag-latestnews","19":"tag-main-news","20":"tag-mainnews","21":"tag-news","22":"tag-otsikot","23":"tag-paauutiset","24":"tag-suomi","25":"tag-top-stories","26":"tag-topstories","27":"tag-uutiset"},"share_on_mastodon":{"url":"https:\/\/pubeurope.com\/@fi\/115842849485537835","error":""},"_links":{"self":[{"href":"https:\/\/www.europesays.com\/fi\/wp-json\/wp\/v2\/posts\/134105","targetHints":{"allow":["GET"]}}],"collection":[{"href":"https:\/\/www.europesays.com\/fi\/wp-json\/wp\/v2\/posts"}],"about":[{"href":"https:\/\/www.europesays.com\/fi\/wp-json\/wp\/v2\/types\/post"}],"author":[{"embeddable":true,"href":"https:\/\/www.europesays.com\/fi\/wp-json\/wp\/v2\/users\/2"}],"replies":[{"embeddable":true,"href":"https:\/\/www.europesays.com\/fi\/wp-json\/wp\/v2\/comments?post=134105"}],"version-history":[{"count":0,"href":"https:\/\/www.europesays.com\/fi\/wp-json\/wp\/v2\/posts\/134105\/revisions"}],"wp:featuredmedia":[{"embeddable":true,"href":"https:\/\/www.europesays.com\/fi\/wp-json\/wp\/v2\/media\/134106"}],"wp:attachment":[{"href":"https:\/\/www.europesays.com\/fi\/wp-json\/wp\/v2\/media?parent=134105"}],"wp:term":[{"taxonomy":"category","embeddable":true,"href":"https:\/\/www.europesays.com\/fi\/wp-json\/wp\/v2\/categories?post=134105"},{"taxonomy":"post_tag","embeddable":true,"href":"https:\/\/www.europesays.com\/fi\/wp-json\/wp\/v2\/tags?post=134105"}],"curies":[{"name":"wp","href":"https:\/\/api.w.org\/{rel}","templated":true}]}}