{"id":134107,"date":"2026-01-05T13:59:09","date_gmt":"2026-01-05T13:59:09","guid":{"rendered":"https:\/\/www.europesays.com\/fi\/134107\/"},"modified":"2026-01-05T13:59:09","modified_gmt":"2026-01-05T13:59:09","slug":"vesijohdon-kayttoonotto-satulasepankadulla-kuopiossa-alkaa-ke-7-1-2026","status":"publish","type":"post","link":"https:\/\/www.europesays.com\/fi\/134107\/","title":{"rendered":"Vesijohdon k\u00e4ytt\u00f6\u00f6notto Satulasep\u00e4nkadulla Kuopiossa alkaa ke 7.1.2026"},"content":{"rendered":"<p>Kuopion Vesi aloittaa vesijohdon k\u00e4ytt\u00f6\u00f6noton Satulasep\u00e4nkadulla keskiviikkona 7.1.2026<\/p>\n<p><a\/>Ty\u00f6st\u00e4 voi aiheutua vedenlaatuh\u00e4iri\u00f6it\u00e4 ke 7.- pe 9.1.2026 v\u00e4lisen\u00e4 aikana karttaan merkitylle alueelle<\/p>\n<p>            <img loading=\"lazy\" decoding=\"async\" width=\"642\" height=\"348\" src=\"https:\/\/www.europesays.com\/fi\/wp-content\/uploads\/2026\/01\/611346878_1311336651008983_7455059789354547486_n.jpg\" class=\"attachment-large size-large\" alt=\"\"  \/><\/p>\n<p>Ty\u00f6n aikana vedess\u00e4 voi esiinty\u00e4 v\u00e4rj\u00e4\u00e4ntymist\u00e4, koska ty\u00f6st\u00e4 johtuva paineen vaihtelu voi irrottaa putkistosta rauta- ja mangaanisaostumia. Talousvett\u00e4 kannattaa varata tarvittava m\u00e4\u00e4r\u00e4. Vett\u00e4 kannattaa tarvittaessa juoksuttaa saostumien poistamiseksi kiinteist\u00f6nne sis\u00e4isist\u00e4 putkista.<\/p>\n<p>Pahoittelemme ty\u00f6st\u00e4 mahdollisesti aiheutuvaa haittaa ja h\u00e4iri\u00f6it\u00e4.<\/p>\n<p>Tiedote on luettavissa internetiss\u00e4 osoitteessa <a href=\"https:\/\/l.facebook.com\/l.php?u=http%3A%2F%2Fwww.kuopionvesi.fi%2F%3Ffbclid%3DIwZXh0bgNhZW0CMTAAc3J0YwZhcHBfaWQQMjIyMDM5MTc4ODIwMDg5MgABHsBumAyl3an9SH0jBazqnIe1reNeTUl2eDOj9nYAfVs0iXLs_RBhAdSZVgEU_aem_Mbv2fs-2yZNqFvmy2iZiRA&amp;h=AT3i-CfOnUU1s6Izq2y4LC3dTTP7p_iZ--eeB-djDSDKVwN8khzUQnppLlL4QLwskeFmcfgteonfHcTy3kDtjpT13B6FPdjIQL71RYzRDPjGEleAboQqmsFY4p0e2CwJd71QCPOhg53ATQ&amp;__tn__=-UK-R&amp;c[0]=AT374co2gcrGArsXnKB5XBuXK9_z8UNSr0iYRecMKjG5QS6PBrzSmxafhJy7Gw327i8SiQJL4Jxfc7eD6npLgENbYFHg0TSY4wKomtfqGrhJrkTkGiW5aPJcY2tVYAVdk8INgO6epIufMJ258eoqDEUKw7d5w9gN22_q66bsm0POYlwHYbhVDTBfSQJ3jA2RyOIwGt4qAGMAGHYikhMt8E4EHw\" rel=\"noreferrer noopener nofollow\" target=\"_blank\">www.kuopionvesi.fi<\/a> ja Facebookissa osoitteessa <a href=\"https:\/\/www.facebook.com\/kuopionvesi?__cft__[0]=AZb67ni4NyVtniXF-2CtlbxvyiQDS1e7X_O93egMg7eCwUQNKsgaBF4C0l10CvNOJyJzpRxL_on_WQQC4JsFGx1-ODlvf95Z2wWXZy6u618slBM9PPJpwidMYcYo06-mrMDcUzxmz5F-uaa39IUzzTP6LvL-kV7hXKb8T6aMuC0swS88pIaZdR09zyJ_MTnDfeI&amp;__tn__=-]K-R\" rel=\"nofollow noopener\" target=\"_blank\">https:\/\/www.facebook.com\/kuopionvesi<\/a>.<\/p>\n<p>KUOPION VESI OY<\/p>\n","protected":false},"excerpt":{"rendered":"Kuopion Vesi aloittaa vesijohdon k\u00e4ytt\u00f6\u00f6noton Satulasep\u00e4nkadulla keskiviikkona 7.1.2026 Ty\u00f6st\u00e4 voi aiheutua vedenlaatuh\u00e4iri\u00f6it\u00e4 ke 7.- pe 9.1.2026 v\u00e4lisen\u00e4 aikana&hellip;\n","protected":false},"author":2,"featured_media":134108,"comment_status":"","ping_status":"","sticky":false,"template":"","format":"standard","meta":{"footnotes":""},"categories":[5],"tags":[22,23,26,27,33,31,30,17,24,25,28,29,15,18,21,32,19,20,16],"class_list":{"0":"post-134107","1":"post","2":"type-post","3":"status-publish","4":"format-standard","5":"has-post-thumbnail","7":"category-otsikot","8":"tag-breaking-news","9":"tag-breakingnews","10":"tag-featured-news","11":"tag-featurednews","12":"tag-fi","13":"tag-finland","14":"tag-finnish","15":"tag-headlines","16":"tag-latest-news","17":"tag-latestnews","18":"tag-main-news","19":"tag-mainnews","20":"tag-news","21":"tag-otsikot","22":"tag-paauutiset","23":"tag-suomi","24":"tag-top-stories","25":"tag-topstories","26":"tag-uutiset"},"share_on_mastodon":{"url":"https:\/\/pubeurope.com\/@fi\/115842853299586785","error":""},"_links":{"self":[{"href":"https:\/\/www.europesays.com\/fi\/wp-json\/wp\/v2\/posts\/134107","targetHints":{"allow":["GET"]}}],"collection":[{"href":"https:\/\/www.europesays.com\/fi\/wp-json\/wp\/v2\/posts"}],"about":[{"href":"https:\/\/www.europesays.com\/fi\/wp-json\/wp\/v2\/types\/post"}],"author":[{"embeddable":true,"href":"https:\/\/www.europesays.com\/fi\/wp-json\/wp\/v2\/users\/2"}],"replies":[{"embeddable":true,"href":"https:\/\/www.europesays.com\/fi\/wp-json\/wp\/v2\/comments?post=134107"}],"version-history":[{"count":0,"href":"https:\/\/www.europesays.com\/fi\/wp-json\/wp\/v2\/posts\/134107\/revisions"}],"wp:featuredmedia":[{"embeddable":true,"href":"https:\/\/www.europesays.com\/fi\/wp-json\/wp\/v2\/media\/134108"}],"wp:attachment":[{"href":"https:\/\/www.europesays.com\/fi\/wp-json\/wp\/v2\/media?parent=134107"}],"wp:term":[{"taxonomy":"category","embeddable":true,"href":"https:\/\/www.europesays.com\/fi\/wp-json\/wp\/v2\/categories?post=134107"},{"taxonomy":"post_tag","embeddable":true,"href":"https:\/\/www.europesays.com\/fi\/wp-json\/wp\/v2\/tags?post=134107"}],"curies":[{"name":"wp","href":"https:\/\/api.w.org\/{rel}","templated":true}]}}