{"id":134109,"date":"2026-01-05T14:11:09","date_gmt":"2026-01-05T14:11:09","guid":{"rendered":"https:\/\/www.europesays.com\/fi\/134109\/"},"modified":"2026-01-05T14:11:09","modified_gmt":"2026-01-05T14:11:09","slug":"antti-j-jokinen-toipui-uupumuksesta-ja-ohjasi-kullervon-nayttelijat-kertovat-millaista-elokuvaa-oli-tehda-kulttuuri","status":"publish","type":"post","link":"https:\/\/www.europesays.com\/fi\/134109\/","title":{"rendered":"Antti J. Jokinen toipui uupumuksesta ja ohjasi Kullervon \u2013 n\u00e4yttelij\u00e4t kertovat, millaista elokuvaa oli tehd\u00e4 | Kulttuuri"},"content":{"rendered":"<p class=\"aw-1gybjub aw-1p7kakr kEtdKx cEmitX yle__article__paragraph\">Ohjaaja <strong class=\"aw-ak79eh KyCXm yle__article__strong\">Antti J. Jokinen<\/strong> nostaa asian itse esille heti haastattelun aluksi. H\u00e4n puhuu sairastumisestaan, joka vei ty\u00f6kyvyn pitk\u00e4ksi aikaa.<\/p>\n<p class=\"aw-1gybjub aw-1p7kakr kEtdKx cEmitX yle__article__paragraph\">\u2013 Joskus siin\u00e4 uupumuksen alkuvaiheessa l\u00e4\u00e4k\u00e4rit sanoivat, ett\u00e4 jos hoidat itsesi tosi hyv\u00e4\u00e4n kuntoon, t\u00e4ss\u00e4 saattaa odottaa sinua palkinto.<\/p>\n<p><img decoding=\"async\" alt=\"Antti Jokinen puhuu haastattelussa.\" src=\"https:\/\/www.europesays.com\/fi\/wp-content\/uploads\/2026\/01\/39-15714776942d5af93b57.jpeg\" loading=\"lazy\" class=\"aw-1l9m598 hKVVvP\"\/><\/p>\n<p>Avaa kuvien katselu<\/p>\n<p>Pitk\u00e4\u00e4n pois julkisuudesta pysynyt Antti J. Jokinen on valmis puhumaan burnoutistaan. Parantumista edesauttoi el\u00e4m\u00e4ntapojen muutos. Kuva: Tiina Jutila \/ Yle<\/p>\n<p class=\"aw-1gybjub aw-1p7kakr kEtdKx cEmitX yle__article__paragraph\">Viisi vuotta my\u00f6hemmin Antti J. Jokinen on t\u00e4ynn\u00e4 intoa. Paluu elokuvaohjaajaksi tuntuu h\u00e4nest\u00e4 \u201dihan mahtavalta\u201d.<\/p>\n<p class=\"aw-1gybjub aw-1p7kakr kEtdKx cEmitX yle__article__paragraph\">\u2013 Minulle on palannut nuoren pojan into elokuvan tekemiseen. Olen enemm\u00e4n innoissani kuin v\u00e4synyt.<\/p>\n<p class=\"aw-1gybjub aw-1p7kakr kEtdKx cEmitX yle__article__paragraph\">Siin\u00e4 Jokista auttoivat ammattilaisten ohjeet: tee t\u00f6it\u00e4, mutta lep\u00e4\u00e4 my\u00f6s riitt\u00e4v\u00e4sti.<\/p>\n<p class=\"aw-1gybjub aw-1p7kakr kEtdKx cEmitX yle__article__paragraph\">\u2013 Jotta olen parhaassa mahdollisessa kunnossa, h\u00e4n lis\u00e4\u00e4.<\/p>\n<p class=\"aw-1gybjub aw-1p7kakr kEtdKx cEmitX yle__article__paragraph\">Vakavan ty\u00f6uupumuksen pahimmissa sy\u00f6vereiss\u00e4 oli vaikea uskoa l\u00e4\u00e4k\u00e4reiden lupaamaan, parantumisen my\u00f6t\u00e4 koittavaan palkintoon.<\/p>\n<p class=\"aw-1gybjub aw-1p7kakr kEtdKx cEmitX yle__article__paragraph\">\u2013 Ajattelin, ettei mit\u00e4\u00e4n palkintoa ole tiedossa. Mutta kyll\u00e4 se lopulta oli.<\/p>\n<p>Uusi elokuva, Kalevala: Kullervon tarina tulee ensi-iltaan 16. tammikuuta. Video: SF Studios.<\/p>\n<p>Kalevala on m\u00f6rk\u00f6, joka piti kesytt\u00e4\u00e4<\/p>\n<p class=\"aw-1gybjub aw-1p7kakr kEtdKx cEmitX yle__article__paragraph\">Elokuva Kalevala: Kullervon tarina perustuu l\u00f6yh\u00e4sti kansalliseepokseen.<\/p>\n<p class=\"aw-1gybjub aw-1p7kakr kEtdKx cEmitX yle__article__paragraph\">\u2013 Kalevala on tavallaan ollut m\u00f6rk\u00f6. Elokuvaan sit\u00e4 on modernisoitu. Halusin, ett\u00e4 Kalevala on v\u00e4h\u00e4n helpommin l\u00e4hestytt\u00e4viss\u00e4, elokuvaohjaaja sanoo.<\/p>\n<p class=\"aw-1gybjub aw-1p7kakr kEtdKx cEmitX yle__article__paragraph\">H\u00e4n ehti pohtia elokuvan aihetta monta vuotta.<\/p>\n<p class=\"aw-1gybjub aw-1p7kakr kEtdKx cEmitX yle__article__paragraph\">\u2013 T\u00e4ytyy tunnustaa, ett\u00e4 ensimm\u00e4isi\u00e4 k\u00e4sikirjoituksia tehdess\u00e4ni tuli selattua lasten Kalevalaa. Kun suhde syveni, luin j\u00e4rjett\u00f6m\u00e4n m\u00e4\u00e4r\u00e4n erilaisia tulkintoja ja kirjallisuutta.<\/p>\n<p class=\"aw-1gybjub aw-1p7kakr kEtdKx cEmitX yle__article__paragraph\">Jokinen tutki kartoista, mit\u00e4 reittej\u00e4 <strong class=\"aw-ak79eh KyCXm yle__article__strong\">Elias L\u00f6nnrot<\/strong> oli kulkenut keruumatkoillaan Karjalassa.<\/p>\n<p class=\"aw-1gybjub aw-1p7kakr kEtdKx cEmitX yle__article__paragraph\">Kaikista Kalevalan henkil\u00f6ist\u00e4 ohjaajaa kiehtoi eniten Kullervon kohtalo. H\u00e4nen mielest\u00e4\u00e4n se on yksi kirjan traagisimmista.<\/p>\n<p><img decoding=\"async\" alt=\"Nuori mies nahka-asussa nojaa miekkaan, vy\u00f6t\u00e4r\u00f6lt\u00e4 roikkuu kirves.\" src=\"https:\/\/www.europesays.com\/fi\/wp-content\/uploads\/2026\/01\/39-157286869456434db086.jpeg\" loading=\"lazy\" class=\"aw-1l9m598 hKVVvP\"\/><\/p>\n<p>Avaa kuvien katselu<\/p>\n<p>N\u00e4yttelij\u00e4 Elias Salonen sanoo, ett\u00e4 Kullervo oli h\u00e4nelle \u201dunelmarooli\u201d. Kuva: Marek Sabogal<\/p>\n<p>Elias Salonen sai toiveroolin<\/p>\n<p class=\"aw-1gybjub aw-1p7kakr kEtdKx cEmitX yle__article__paragraph\">Elokuvassa veljesviha \u00e4ityy veriseksi teurastukseksi. <strong class=\"aw-ak79eh KyCXm yle__article__strong\">Eero Ahon<\/strong> esitt\u00e4m\u00e4 Untamo kasvattaa veljens\u00e4 eloon j\u00e4\u00e4neen lapsen, Kullervon kuin omansa. H\u00e4n kuitenkin salaa pojalta totuuden vanhempien kohtalosta.<\/p>\n<p class=\"aw-1gybjub aw-1p7kakr kEtdKx cEmitX yle__article__paragraph\">Keskeisi\u00e4 teemoja ovat viha, petos, kosto ja anteeksiantaminen.<\/p>\n<p class=\"aw-1gybjub aw-1p7kakr kEtdKx cEmitX yle__article__paragraph\">Muun muassa Aikuiset-sarjasta tuttu <strong class=\"aw-ak79eh KyCXm yle__article__strong\">Elias Salonen<\/strong> tekee Kullervona ensimm\u00e4isen p\u00e4\u00e4roolinsa elokuvassa. H\u00e4nelle kokemus oli yksi \u201del\u00e4m\u00e4n ikimuistoisimmista\u201d.<\/p>\n<p class=\"aw-1gybjub aw-1p7kakr kEtdKx cEmitX yle__article__paragraph\">\u2013 Olen aiemmin tehnyt positiivisempia hahmoja. Kullervo liikkuu synkiss\u00e4 tunnetiloissa ja on hiljainen. Pitk\u00e4\u00e4n toivoin p\u00e4\u00e4sev\u00e4ni tekem\u00e4\u00e4n jotain ihan erilaista, ja Kullervo oli juuri sit\u00e4.<\/p>\n<p><img decoding=\"async\" alt=\"Henkil\u00f6kuvassa Elias Salonen.\" src=\"https:\/\/www.europesays.com\/fi\/wp-content\/uploads\/2026\/01\/39-15714896942d88145e84.jpeg\" class=\"aw-1l9m598 hKVVvP\"\/><\/p>\n<p>Avaa kuvien katselu<\/p>\n<p><img decoding=\"async\" alt=\"Henkil\u00f6kuyvassa Eero Aho.\" src=\"https:\/\/www.europesays.com\/fi\/wp-content\/uploads\/2026\/01\/39-15714886942d86bec36d.jpeg\" class=\"aw-1l9m598 hKVVvP\"\/><\/p>\n<p>Avaa kuvien katselu<\/p>\n<p><img decoding=\"async\" alt=\"Henkil\u00f6kuvassa Antti Jokinen.\" src=\"https:\/\/www.europesays.com\/fi\/wp-content\/uploads\/2026\/01\/39-15714906942d881cce11.jpeg\" class=\"aw-1l9m598 hKVVvP\"\/><\/p>\n<p>Avaa kuvien katselu<\/p>\n<p>N\u00e4yttelij\u00e4t kovassa r\u00e4\u00e4kiss\u00e4<\/p>\n<p class=\"aw-1gybjub aw-1p7kakr kEtdKx cEmitX yle__article__paragraph\">N\u00e4yttelij\u00e4t eiv\u00e4t p\u00e4\u00e4sseet helpolla. Ennen Untamoksi heitt\u00e4ytymist\u00e4 Eero Aho treenasi useita kuukausia.<\/p>\n<p class=\"aw-1gybjub aw-1p7kakr kEtdKx cEmitX yle__article__paragraph\">\u2013 En saanut sy\u00f6d\u00e4 juuri mit\u00e4\u00e4n, ja piti nostaa paljon punttia, jotta n\u00e4ytt\u00e4isin 1100-luvulla el\u00e4neelt\u00e4 miehelt\u00e4.<\/p>\n<p class=\"aw-1gybjub aw-1p7kakr kEtdKx cEmitX yle__article__paragraph\">Elias Salonen aloitti kuntosalitreenit personal trainerin kanssa jo vuosi ennen kuvauksia. My\u00f6hemmin h\u00e4n aloitti dieetin. Lihasten lis\u00e4ksi parta ja hiukset saivat kasvaa.<\/p>\n<p class=\"aw-1gybjub aw-1p7kakr kEtdKx cEmitX yle__article__paragraph\">Valkokankaalla Kullervo n\u00e4hd\u00e4\u00e4n voimansa tunnossa, mudan ja noen mustaamana, veriss\u00e4 p\u00e4in ja vett\u00e4 valuvana.<\/p>\n<p class=\"aw-1gybjub aw-1p7kakr kEtdKx cEmitX yle__article__paragraph\">\u2013 Se oli aika fyysinen setti. En oikein tajunnutkaan, miten v\u00e4synyt olin. J\u00e4lkeenp\u00e4in vain nukuin ja s\u00f6in, Salonen muistelee.<\/p>\n<p><img decoding=\"async\" alt=\"Mies seisoo ulkona ja pit\u00e4\u00e4 k\u00e4tt\u00e4\u00e4n lanteilta riippuvan miekan p\u00e4\u00e4ll\u00e4.\" src=\"https:\/\/www.europesays.com\/fi\/wp-content\/uploads\/2026\/01\/39-1572870694565249a501.jpeg\" loading=\"lazy\" class=\"aw-1l9m598 hKVVvP\"\/><\/p>\n<p>Avaa kuvien katselu<\/p>\n<p>N\u00e4yttelij\u00e4 Eero Ahon paino tippui elokuvaa tehdess\u00e4 kymmenen kiloa. Kuva: Marek Sabogal<\/p>\n<p>Miekat kalisevat ja tekoveri roiskuu<\/p>\n<p class=\"aw-1gybjub aw-1p7kakr kEtdKx cEmitX yle__article__paragraph\">Roolia varten Elias Salosen piti opetella takomista ja miekkailua.<\/p>\n<p class=\"aw-1gybjub aw-1p7kakr kEtdKx cEmitX yle__article__paragraph\">\u2013 Oli mahtavaa opetella uutta, mutta v\u00e4lill\u00e4 tuntui, ett\u00e4 nyt on vuori kiivett\u00e4v\u00e4n\u00e4.<\/p>\n<p class=\"aw-1gybjub aw-1p7kakr kEtdKx cEmitX yle__article__paragraph\">H\u00e4n ja Aho tekiv\u00e4t elokuvan rajuimmatkin tappelu- ja taistelukohtaukset itse, eik\u00e4 sijaisn\u00e4yttelij\u00f6it\u00e4 k\u00e4ytetty.<\/p>\n<p class=\"aw-1gybjub aw-1p7kakr kEtdKx cEmitX yle__article__paragraph\">Molemmat kiittelev\u00e4t koordinaattoreita, jotka valvoivat kuvauksissa, ett\u00e4 kaikki sujuu turvallisesti.<\/p>\n<p class=\"aw-1gybjub aw-1p7kakr kEtdKx cEmitX yle__article__paragraph\">\u2013 Meill\u00e4 oli huikea tiimi, joka opetti taistelujen koreografioita ja miekan k\u00e4sittely\u00e4. Harjoittelu alkoi ihan siit\u00e4, miten miekkaa pidet\u00e4\u00e4n, jotta se n\u00e4ytt\u00e4\u00e4 uskottavalta, Salonen sanoo.<\/p>\n<p class=\"aw-1gybjub aw-1p7kakr kEtdKx cEmitX yle__article__paragraph\">Eero Aho paljastaa, ett\u00e4 roolivaatteiden alla oli piilossa haavereita est\u00e4v\u00e4t suojavarusteet.<\/p>\n<p class=\"aw-1gybjub aw-1p7kakr kEtdKx cEmitX yle__article__paragraph\">\u2013 Meill\u00e4 oli hyv\u00e4t suojukset, vaikka ne eiv\u00e4t katsojalle n\u00e4y. Polvet, selk\u00e4ranka, kyyn\u00e4rp\u00e4\u00e4t ja lonkkaluut olivat suojattuina. Niiden ansioista pystyisi vaikka heitt\u00e4ytym\u00e4\u00e4n sel\u00e4lleen kalliolle, eik\u00e4 se sattuisi.<\/p>\n<p>Elokuvassa on paljon taistelukohtauksia. Niit\u00e4 varten Elias Salonen treenasi miekkailua. Video: SF Studios<\/p>\n<p>Kuvaukset mets\u00e4n keskell\u00e4<\/p>\n<p class=\"aw-1gybjub aw-1p7kakr kEtdKx cEmitX yle__article__paragraph\">Elokuvan p\u00e4\u00e4osassa on my\u00f6s suomalainen luonto.<\/p>\n<p class=\"aw-1gybjub aw-1p7kakr kEtdKx cEmitX yle__article__paragraph\">\u2013 L\u00e4hes jumalallisessa asemassa, ohjaaja Antti J. Jokinen vahvistaa.<\/p>\n<p class=\"aw-1gybjub aw-1p7kakr kEtdKx cEmitX yle__article__paragraph\">Enimm\u00e4kseen Pohjois-Karjalassa kuvattu elokuva poimii kuviin n\u00e4ytt\u00e4vi\u00e4 maisemia: jylhi\u00e4 koskia, soita, j\u00e4rvi\u00e4 ja metsi\u00e4.<\/p>\n<p class=\"aw-1gybjub aw-1p7kakr kEtdKx cEmitX yle__article__paragraph\">\u2013 Mets\u00e4hallituksen luvalla saimme kuvata kansallispuistoissa paikoissa, joissa ei ole koskaan aiemmin kuvattu.<\/p>\n<p class=\"aw-1gybjub aw-1p7kakr kEtdKx cEmitX yle__article__paragraph\">N\u00e4yttelij\u00f6ille se tarkoitti kilometrien tarpomista tiett\u00f6mien taipaleiden p\u00e4\u00e4h\u00e4n.<\/p>\n<p class=\"aw-1gybjub aw-1p7kakr kEtdKx cEmitX yle__article__paragraph\">Mets\u00e4ss\u00e4 kuvaaminen teki n\u00e4yttelij\u00f6ihin vaikutuksen.<\/p>\n<p class=\"aw-1gybjub aw-1p7kakr kEtdKx cEmitX yle__article__paragraph\">\u2013 Kun vain hiljaa k\u00e4velee ja katsoo sit\u00e4 huikeaa luontoa, joka on niin voimakas ja armoton, se tuo n\u00e4yttelemiseen todella paljon, Elias Salonen sanoo.<\/p>\n<p class=\"aw-1gybjub aw-1p7kakr kEtdKx cEmitX yle__article__paragraph\">H\u00e4n ja Aho kiitt\u00e4v\u00e4t ohjaajaa my\u00f6s siit\u00e4, ett\u00e4 sis\u00e4kohtaukset kuvattiin varta vasten mets\u00e4\u00e4n tehdyiss\u00e4 rakennuksissa eik\u00e4 studiolavasteissa.<\/p>\n<p class=\"aw-1gybjub aw-1p7kakr kEtdKx cEmitX yle__article__paragraph\">Se helpotti el\u00e4ytymist\u00e4.<\/p>\n<p>Eero ja Elias kuin is\u00e4 ja poika<\/p>\n<p><img decoding=\"async\" alt=\"Kaksi miest\u00e4 tappelevat kasvoillaan irvistys.\" src=\"https:\/\/www.europesays.com\/fi\/wp-content\/uploads\/2026\/01\/39-1572860694563bb7235b.jpeg\" loading=\"lazy\" class=\"aw-1l9m598 hKVVvP\"\/><\/p>\n<p>Avaa kuvien katselu<\/p>\n<p>Elokuvassa Kalevala: Kullervon tarina Eero Aho ja Elias Salonen n\u00e4yttelev\u00e4t ensimm\u00e4ist\u00e4 kertaa yhdess\u00e4.  Kuva: Marek Sabogal<\/p>\n<p class=\"aw-1gybjub aw-1p7kakr kEtdKx cEmitX yle__article__paragraph\">Eero Ahon mielest\u00e4 koskettavinta elokuvassa on tapa, jolla se kuvaa is\u00e4n ja pojan suhdetta.<\/p>\n<p class=\"aw-1gybjub aw-1p7kakr kEtdKx cEmitX yle__article__paragraph\">H\u00e4nell\u00e4 itsell\u00e4\u00e4n on kolme lasta.<\/p>\n<p class=\"aw-1gybjub aw-1p7kakr kEtdKx cEmitX yle__article__paragraph\">\u2013 Elokuva oli henkisesti raskas projekti, koska siin\u00e4 on isot aiheet.<\/p>\n<p class=\"aw-1gybjub aw-1p7kakr kEtdKx cEmitX yle__article__paragraph\">Aho ja Salonen eiv\u00e4t ennest\u00e4\u00e4n tunteneet toisiaan. Harjoituksissa ja kuvauksissa he viettiv\u00e4t pitki\u00e4 aikoja yhdess\u00e4.<\/p>\n<p class=\"aw-1gybjub aw-1p7kakr kEtdKx cEmitX yle__article__paragraph\">Millainen suhde teille muodostui?<\/p>\n<p class=\"aw-1gybjub aw-1p7kakr kEtdKx cEmitX yle__article__paragraph\">\u2013 Kuin is\u00e4lle ja pojalle. Varmaan meill\u00e4 tulee olemaan sellainen suhde koko loppuik\u00e4mme.<\/p>\n<p><img decoding=\"async\" alt=\"Eero Aho hymyilee haastattelussa.\" src=\"https:\/\/www.europesays.com\/fi\/wp-content\/uploads\/2026\/01\/39-15714796942d5b0e3c1c.jpeg\" class=\"aw-1l9m598 hKVVvP\"\/><\/p>\n<p>Avaa kuvien katselu<\/p>\n<p><img decoding=\"async\" alt=\"Elias Salonen hymyilee haastattelussa.\" src=\"https:\/\/www.europesays.com\/fi\/wp-content\/uploads\/2026\/01\/39-15714846942d5b51cfcd.jpeg\" class=\"aw-1l9m598 hKVVvP\"\/><\/p>\n<p>Avaa kuvien katselu<\/p>\n<p>Jokinen katsoo nyt rauhassa<\/p>\n<p class=\"aw-1gybjub aw-1p7kakr kEtdKx cEmitX yle__article__paragraph\">Kalevala: Kullervon tarina on Antti J. Jokisen kuudes pitk\u00e4 elokuva. Sen budjetti oli 5,1 miljoonaa euroa.<\/p>\n<p class=\"aw-1gybjub aw-1p7kakr kEtdKx cEmitX yle__article__paragraph\">Kun elokuvaa esitettiin ennakkoon yleis\u00f6lle Nurmeksessa ja Joensuussa, ohjaajan mukaan paikalla oli \u201dv\u00e4h\u00e4n vanhempia miehi\u00e4, jotka vaimo oli pakottanut laittamaan puvun p\u00e4\u00e4lle\u201d.<\/p>\n<p class=\"aw-1gybjub aw-1p7kakr kEtdKx cEmitX yle__article__paragraph\">Elokuvan j\u00e4lkeen he rohkenivat l\u00e4hesty\u00e4 Jokista. Erityisesti vaikutuksen olivat tehneet veljesten v\u00e4linen riita sek\u00e4 is\u00e4n ja pojan v\u00e4linen side.<\/p>\n<p class=\"aw-1gybjub aw-1p7kakr kEtdKx cEmitX yle__article__paragraph\">\u201dNyt osui johonkin\u201d ja \u201dhyv\u00e4 p\u00e4tk\u00e4\u201d, he sanoivat ja k\u00e4tteliv\u00e4t ohjaajaa.<\/p>\n<p class=\"aw-1gybjub aw-1p7kakr kEtdKx cEmitX yle__article__paragraph\">\u2013 Olen kaikissa elokuvissani hakenut sit\u00e4, ett\u00e4 ne koskettaisivat jotain ihmist\u00e4 syv\u00e4sti.<\/p>\n<p class=\"aw-1gybjub aw-1p7kakr kEtdKx cEmitX yle__article__paragraph\">Mik\u00e4li elokuva menestyy Suomessa ja kiinnostaa my\u00f6s ulkomailla, Kalevala: Kullervon tarina saattaa saada jatkoa.<\/p>\n<p class=\"aw-1gybjub aw-1p7kakr kEtdKx cEmitX yle__article__paragraph\">\u2013 Olen v\u00e4h\u00e4n Sammon ry\u00f6st\u00f6\u00e4 ajatellut, mutta siit\u00e4 on liian aikaista puhua. Katsotaan ensin ihan rauhassa, mink\u00e4laisen vastaanoton t\u00e4m\u00e4 saa.<\/p>\n<p>Kalevala: Kullervon tarina<\/p>\n<ul class=\"aw-1jjocuh iJTSwP yle__article__list yle__article__list--ul\">\n<li class=\"aw-1j7gwms gNYKfi\">Ohjaus: Antti J. Jokinen<\/li>\n<li class=\"aw-1j7gwms gNYKfi\">K\u00e4sikirjoitus: Antti J. Jokinen, Jorma Tommila<\/li>\n<li class=\"aw-1j7gwms gNYKfi\">Kuvaus: Rauno Ronkainen<\/li>\n<li class=\"aw-1j7gwms gNYKfi\">Leikkaus: Joona Louhivuori<\/li>\n<li class=\"aw-1j7gwms gNYKfi\">Rooleissa mm.: Elias Salonen, Eero Aho, Ilkka Koivula, Ronja Orasta, Olli Rahkonen, Krista Kosonen, Johannes Holopainen<\/li>\n<li class=\"aw-1j7gwms gNYKfi\">Ik\u00e4raja 16 vuotta<\/li>\n<li class=\"aw-1j7gwms gNYKfi\">Ensi-ilta 16.1.2026<\/li>\n<\/ul>\n","protected":false},"excerpt":{"rendered":"Ohjaaja Antti J. Jokinen nostaa asian itse esille heti haastattelun aluksi. H\u00e4n puhuu sairastumisestaan, joka vei ty\u00f6kyvyn pitk\u00e4ksi&hellip;\n","protected":false},"author":2,"featured_media":134110,"comment_status":"","ping_status":"","sticky":false,"template":"","format":"standard","meta":{"footnotes":""},"categories":[136],"tags":[12428,407,15322,11598,4211,155,137,33,31,30,408,1573,11599,4217,108,1137,32,109],"class_list":{"0":"post-134109","1":"post","2":"type-post","3":"status-publish","4":"format-standard","5":"has-post-thumbnail","7":"category-julkkikset","8":"tag-antti-jokinen","9":"tag-celebrities","10":"tag-eero-aho","11":"tag-elias-salonen","12":"tag-elokuvaohjaajat","13":"tag-elokuvat","14":"tag-entertainment","15":"tag-fi","16":"tag-finland","17":"tag-finnish","18":"tag-julkkikset","19":"tag-kaleva","20":"tag-kalevala-kullervon-tarina","21":"tag-kotimaiset-elokuvat","22":"tag-kulttuuri","23":"tag-pohjois-karjala","24":"tag-suomi","25":"tag-viihde"},"share_on_mastodon":{"url":"https:\/\/pubeurope.com\/@fi\/115842900555108819","error":""},"_links":{"self":[{"href":"https:\/\/www.europesays.com\/fi\/wp-json\/wp\/v2\/posts\/134109","targetHints":{"allow":["GET"]}}],"collection":[{"href":"https:\/\/www.europesays.com\/fi\/wp-json\/wp\/v2\/posts"}],"about":[{"href":"https:\/\/www.europesays.com\/fi\/wp-json\/wp\/v2\/types\/post"}],"author":[{"embeddable":true,"href":"https:\/\/www.europesays.com\/fi\/wp-json\/wp\/v2\/users\/2"}],"replies":[{"embeddable":true,"href":"https:\/\/www.europesays.com\/fi\/wp-json\/wp\/v2\/comments?post=134109"}],"version-history":[{"count":0,"href":"https:\/\/www.europesays.com\/fi\/wp-json\/wp\/v2\/posts\/134109\/revisions"}],"wp:featuredmedia":[{"embeddable":true,"href":"https:\/\/www.europesays.com\/fi\/wp-json\/wp\/v2\/media\/134110"}],"wp:attachment":[{"href":"https:\/\/www.europesays.com\/fi\/wp-json\/wp\/v2\/media?parent=134109"}],"wp:term":[{"taxonomy":"category","embeddable":true,"href":"https:\/\/www.europesays.com\/fi\/wp-json\/wp\/v2\/categories?post=134109"},{"taxonomy":"post_tag","embeddable":true,"href":"https:\/\/www.europesays.com\/fi\/wp-json\/wp\/v2\/tags?post=134109"}],"curies":[{"name":"wp","href":"https:\/\/api.w.org\/{rel}","templated":true}]}}