{"id":134130,"date":"2026-01-05T14:43:07","date_gmt":"2026-01-05T14:43:07","guid":{"rendered":"https:\/\/www.europesays.com\/fi\/134130\/"},"modified":"2026-01-05T14:43:07","modified_gmt":"2026-01-05T14:43:07","slug":"kakkostyypin-diabetes-muuttaa-sydanta-fyysisesti-tutkimus-paljastaa","status":"publish","type":"post","link":"https:\/\/www.europesays.com\/fi\/134130\/","title":{"rendered":"Kakkostyypin diabetes muuttaa syd\u00e4nt\u00e4 fyysisesti, tutkimus paljastaa"},"content":{"rendered":"<p class=\"is-style-dropcap\">Kakkostyypin diabetes ei ainoastaan lis\u00e4\u00e4 syd\u00e4nsairauksien riski\u00e4, vaan se my\u00f6s muuttaa fyysisesti syd\u00e4men rakennetta ja sen energian tuotantotapoja, kertoo Sydneyn yliopiston uusi tutkimus.<\/p>\n<p>N\u00e4m\u00e4 l\u00f6yd\u00f6kset auttavat selitt\u00e4m\u00e4\u00e4n, miksi diabeetikot ovat huomattavasti alttiimpia syd\u00e4men vajaatoiminnalle.<\/p>\n<p>EMBO Molecular Medicine -lehdess\u00e4 <a href=\"https:\/\/link.springer.com\/article\/10.1038\/s44321-025-00281-9\" rel=\"nofollow noopener\" target=\"_blank\">julkaistussa<\/a> raportissa tutkijat tutkivat syd\u00e4nsiirron saaneiden potilaiden luovuttajasyd\u00e4mi\u00e4 ja vertasivat niit\u00e4 terveiden luovuttajien syd\u00e4miin. Analyysi osoitti, ett\u00e4 diabetes aiheuttaa erityisi\u00e4 molekyylimuutoksia syd\u00e4nsoluissa ja muuttaa syd\u00e4nlihaksen fyysist\u00e4 rakennetta.<\/p>\n<p>\u201dOlemme pitk\u00e4\u00e4n n\u00e4hneet yhteyden syd\u00e4nsairauksien ja kakkostyypin diabeteksen v\u00e4lill\u00e4\u201d, sanoo <a href=\"https:\/\/www.sciencedaily.com\/releases\/2026\/01\/260103155034.htm\" rel=\"nofollow noopener\" target=\"_blank\">tiedotteessa<\/a> p\u00e4\u00e4tutkija <strong>Benjamin Hunter<\/strong>. <\/p>\n<p>\u201dT\u00e4m\u00e4 on kuitenkin ensimm\u00e4inen tutkimus, joka tarkastelee yhdess\u00e4 diabetesta ja iskeemist\u00e4 syd\u00e4nsairautta, ja paljastaa ainutlaatuisen molekyyliprofiilin ihmisill\u00e4, joilla on molemmat sairaudet.\u201d<\/p>\n<p>Terveiss\u00e4 syd\u00e4miss\u00e4 energia tuotetaan p\u00e4\u00e4asiassa rasvoista, mutta my\u00f6s glukoosi ja ketonit osallistuvat prosessiin. Aiemmat tutkimukset ovat osoittaneet, ett\u00e4 glukoosin k\u00e4ytt\u00f6 lis\u00e4\u00e4ntyy syd\u00e4men vajaatoiminnassa. Diabetes kuitenkin h\u00e4iritsee t\u00e4t\u00e4 prosessia v\u00e4hent\u00e4m\u00e4ll\u00e4 syd\u00e4nsolujen insuliiniherkkyytt\u00e4.<\/p>\n<p>Lis\u00e4ksi tutkimus osoitti, ett\u00e4 diabetes vaikuttaa proteiineihin, jotka vastaavat syd\u00e4nlihaksen supistumisesta ja kalsiumin s\u00e4\u00e4telyst\u00e4. Diabetesta ja iskeemist\u00e4 syd\u00e4nsairautta sairastavilla potilailla n\u00e4it\u00e4 proteiineja syntyi v\u00e4hemm\u00e4n, ja samalla syd\u00e4mess\u00e4 kertyi liiallista kuitukudosta, mik\u00e4 teki lihaksesta j\u00e4ykemm\u00e4n ja v\u00e4hemm\u00e4n tehokkaan pumppaamaan verta.<\/p>\n<p>\u201dRNA-sekvensointi vahvisti, ett\u00e4 monet n\u00e4ist\u00e4 proteiinimuutoksista heijastuivat my\u00f6s geenitranskription tasolla, erityisesti energiantuotantoon ja kudosrakenteeseen liittyviss\u00e4 reiteiss\u00e4\u201d, Hunter sanoo tiedotteessa.<\/p>\n","protected":false},"excerpt":{"rendered":"Kakkostyypin diabetes ei ainoastaan lis\u00e4\u00e4 syd\u00e4nsairauksien riski\u00e4, vaan se my\u00f6s muuttaa fyysisesti syd\u00e4men rakennetta ja sen energian tuotantotapoja,&hellip;\n","protected":false},"author":2,"featured_media":134131,"comment_status":"","ping_status":"","sticky":false,"template":"","format":"standard","meta":{"footnotes":""},"categories":[165],"tags":[13598,33,31,30,166,32,15658,167],"class_list":{"0":"post-134130","1":"post","2":"type-post","3":"status-publish","4":"format-standard","5":"has-post-thumbnail","7":"category-terveys","8":"tag-diabetes","9":"tag-fi","10":"tag-finland","11":"tag-finnish","12":"tag-health","13":"tag-suomi","14":"tag-sydan-ja-verisuonitaudit","15":"tag-terveys"},"share_on_mastodon":{"url":"https:\/\/pubeurope.com\/@fi\/115843026573355229","error":""},"_links":{"self":[{"href":"https:\/\/www.europesays.com\/fi\/wp-json\/wp\/v2\/posts\/134130","targetHints":{"allow":["GET"]}}],"collection":[{"href":"https:\/\/www.europesays.com\/fi\/wp-json\/wp\/v2\/posts"}],"about":[{"href":"https:\/\/www.europesays.com\/fi\/wp-json\/wp\/v2\/types\/post"}],"author":[{"embeddable":true,"href":"https:\/\/www.europesays.com\/fi\/wp-json\/wp\/v2\/users\/2"}],"replies":[{"embeddable":true,"href":"https:\/\/www.europesays.com\/fi\/wp-json\/wp\/v2\/comments?post=134130"}],"version-history":[{"count":0,"href":"https:\/\/www.europesays.com\/fi\/wp-json\/wp\/v2\/posts\/134130\/revisions"}],"wp:featuredmedia":[{"embeddable":true,"href":"https:\/\/www.europesays.com\/fi\/wp-json\/wp\/v2\/media\/134131"}],"wp:attachment":[{"href":"https:\/\/www.europesays.com\/fi\/wp-json\/wp\/v2\/media?parent=134130"}],"wp:term":[{"taxonomy":"category","embeddable":true,"href":"https:\/\/www.europesays.com\/fi\/wp-json\/wp\/v2\/categories?post=134130"},{"taxonomy":"post_tag","embeddable":true,"href":"https:\/\/www.europesays.com\/fi\/wp-json\/wp\/v2\/tags?post=134130"}],"curies":[{"name":"wp","href":"https:\/\/api.w.org\/{rel}","templated":true}]}}