{"id":134144,"date":"2026-01-05T15:03:08","date_gmt":"2026-01-05T15:03:08","guid":{"rendered":"https:\/\/www.europesays.com\/fi\/134144\/"},"modified":"2026-01-05T15:03:08","modified_gmt":"2026-01-05T15:03:08","slug":"salakuvat-petteri-orpo-heratti-huomiota-turistiluokassa","status":"publish","type":"post","link":"https:\/\/www.europesays.com\/fi\/134144\/","title":{"rendered":"Salakuvat: Petteri Orpo her\u00e4tti huomiota turistiluokassa"},"content":{"rendered":"<p>            Timo Korhonen\n        <\/p>\n<p class=\"subtitle \">Petteri on p\u00e4\u00e4ministeri, mutta my\u00f6s perusturkulainen, joka haluaa silloin t\u00e4ll\u00f6in vied\u00e4 perheens\u00e4 etel\u00e4\u00e4n.<\/p>\n<p class=\"article-content article-content-width !bg-background\">Suomen p\u00e4\u00e4ministeri on .<\/p>\n<p class=\"article-content article-content-width !bg-background\">Toisin kuin joku saattaa luulla, Petteri ei ole alkujaan Turusta, vaan K\u00f6yli\u00f6st\u00e4, joka tosin on kuulunut vuoden 2016 alusta l\u00e4htien S\u00e4kyl\u00e4\u00e4n.<\/p>\n<p class=\"article-content article-content-width !bg-background\">Kuuluisin k\u00f6yli\u00f6l\u00e4inen Petteri ei kuitenkaan ole, sill\u00e4 tuo mantteli kuuluu ikuisesti 1100-luvulla el\u00e4neelle -nimiselle talonpojalle.<\/p>\n<p>        <a itemprop=\"url\" href=\"https:\/\/www.seiska.fi\/vain-seiskassa\/jussi-halla-aho-salakuvattiin-lentokentalla-hammentava-kommentti-lomasta\/2032018\" rel=\"nofollow noopener\" target=\"_blank\"><\/p>\n<p>\nSalakuva Jussi Halla-ahosta lentokent\u00e4ll\u00e4\n<\/p>\n<p class=\"section-date\">\n        <strong class=\"article-section\" data-section=\"vain seiskassa\"><br \/>\n            vain seiskassa<br \/>\n        <\/strong><br \/>\n        30.12.2025 16:00\n    <\/p>\n<p>Jussi Halla-aho salakuvattiin lentokent\u00e4ll\u00e4 \u2013 h\u00e4mment\u00e4v\u00e4 kommentti lomasta\n    <\/p>\n<p itemprop=\"description\" class=\"subtitle \">\n    Seiska tavoitti Jussi Halla-ahon, joka vastaili kysymyksiin omaleimaiseen tapaansa.\n<\/p>\n<p>        <\/a><\/p>\n<p class=\"article-content article-content-width !bg-background\">Lalli puolestaan teki kansanperinteen mukaan selv\u00e4\u00e4 piispa .<\/p>\n<p>                <img decoding=\"async\" src=\"https:\/\/www.europesays.com\/fi\/wp-content\/uploads\/2026\/01\/1660293.webp.jpeg\" width=\"576\" height=\"360\" alt=\"Petteri Orpo on toiminut Suomen p\u00e4\u00e4ministerin\u00e4 vuodesta 2023.\" loading=\"lazy\" \/>            <\/p>\n<p>\n            Petteri Orpo on toiminut Suomen p\u00e4\u00e4ministerin\u00e4 vuodesta 2023.<br \/>\n            Joni Soila\n        <\/p>\n<p>Kanaria kutsui<\/p>\n<p class=\"article-content article-content-width !bg-background\">Takaisin t\u00e4h\u00e4n p\u00e4iv\u00e4\u00e4n \u2013 tai oikeastaan joulun v\u00e4lip\u00e4iviin.<\/p>\n<p class=\"article-content article-content-width !bg-background\">Seiskan lukija oli 29. joulukuuta maanantaiaamuna l\u00e4hd\u00f6ss\u00e4 lennolle etel\u00e4\u00e4n.<\/p>\n<p class=\"article-content article-content-width !bg-background\">Tarkemmin ottaen Finnairin siivet lenn\u00e4ttiv\u00e4t lukijan Kanariansaarille Las Palmasiin.<\/p>\n<p>        <a itemprop=\"url\" href=\"https:\/\/www.seiska.fi\/kotimaa\/oho-petteri-orpolta-yllattava-paljastus-seiskalle\/1969552\" rel=\"nofollow noopener\" target=\"_blank\"><\/p>\n<p>\nOho!\n<\/p>\n<p class=\"section-date\">\n        <strong class=\"article-section\" data-section=\"kotimaa\"><br \/>\n            kotimaa<br \/>\n        <\/strong><br \/>\n        24.10.2025 05:00\n    <\/p>\n<p>Oho! Petteri Orpolta yll\u00e4tt\u00e4v\u00e4 paljastus Seiskalle\n    <\/p>\n<p itemprop=\"description\" class=\"subtitle \">\n    Petteri paljastaa Seiskan haastattelussa itsest\u00e4\u00e4n aivan uuden puolen.\n<\/p>\n<p>        <\/a><\/p>\n<p class=\"article-content article-content-width !bg-background\">Eik\u00e4 lukija ollut yksin, sill\u00e4 paikalla oli tavanomaisia Tauno Tasalak\u00adkeja, mutta olipa koneessa my\u00f6s p\u00e4\u00e4ministeri perheineen.<\/p>\n<p class=\"article-content article-content-width !bg-background\">\u2013 Itse\u00e4ni hieman yll\u00e4tti, ett\u00e4 perhe matkusti t\u00e4ydess\u00e4 turistiluokassa bisnesluokan sijaan.<\/p>\n<p>                <img decoding=\"async\" src=\"https:\/\/www.europesays.com\/fi\/wp-content\/uploads\/2026\/01\/1907780.webp.jpeg\" width=\"576\" height=\"720\" alt=\"Eduskuntavaalien alla Petteri eksyi tuopin \u00e4\u00e4relle.\" loading=\"lazy\" \/>            <\/p>\n<p>\n            Eduskuntavaalien alla Petteri eksyi tuopin \u00e4\u00e4relle.<br \/>\n            Joni Soila\n        <\/p>\n<p>Vaimo veti hirsi\u00e4<\/p>\n<p class=\"article-content article-content-width !bg-background\">Lukija lampsi ohi ja nappasi kuvan perheest\u00e4, joka toi mieleen hyvinkin tavanomaiset Virtaset tai Korhoset.<\/p>\n<p class=\"article-content article-content-width !bg-background\">Petterin vaimo  lep\u00e4si penkill\u00e4 samalla kun Petteri h\u00f6rppi jotain juotavaa.<\/p>\n<p class=\"article-content article-content-width !bg-background\">Turistiluokassa ei Finskiss\u00e4 juoda ilmaiseksi veden lis\u00e4ksi kuin mustikkamehua.<\/p>\n<p>        <a itemprop=\"url\" href=\"https:\/\/www.seiska.fi\/vain-seiskassa\/paaministeri-otti-shotin-salakuva\/1861886\" rel=\"nofollow noopener\" target=\"_blank\"><\/p>\n<p>\nP\u00e4\u00e4ministeri Ruisrockissa\n<\/p>\n<p class=\"section-date\">\n        <strong class=\"article-section\" data-section=\"vain seiskassa\"><br \/>\n            vain seiskassa<br \/>\n        <\/strong><br \/>\n        8.7.2025 18:00\n    <\/p>\n<p>P\u00e4\u00e4ministeri otti shotin \u2013 salakuva!\n    <\/p>\n<p itemprop=\"description\" class=\"subtitle \">\n    P\u00e4\u00e4ministeri voi vaihtua, mutta p\u00e4\u00e4ministerin hilluminen Ruisrockissa on vakio.\n<\/p>\n<p>        <\/a><\/p>\n<p class=\"article-content article-content-width !bg-background\">Voi toki olla, ett\u00e4 p\u00e4\u00e4ministerill\u00e4 on varaa ostaa my\u00f6s kahvi tai vaikka vichy.<\/p>\n<p class=\"article-content article-content-width !bg-background\">\u2013 Perhe vaikutti v\u00e4syneelt\u00e4 ja alkulennon he n\u00e4yttiv\u00e4t nukkuvan. Matka tuntui heill\u00e4 sujuvan leppoisissa merkeiss\u00e4 elokuvia katsellen, naispuolinen lukija kertoo.<\/p>\n<p>                <img decoding=\"async\" src=\"https:\/\/www.europesays.com\/fi\/wp-content\/uploads\/2026\/01\/2036229.webp.jpeg\" width=\"576\" height=\"404\" alt=\"Petteri joi, Niina-vaimo nukkui.\" loading=\"lazy\" \/>            <\/p>\n<p>\n            Petteri joi, Niina-vaimo nukkui.<br \/>\n            Lukijan kuva\n        <\/p>\n<p>&#8221;Er\u00e4\u00e4n matkustajan kysyess\u00e4&#8230;&#8221;<\/p>\n<p class=\"article-content article-content-width !bg-background\">Lukijan mukaan p\u00e4\u00e4ministeri antoi itsest\u00e4\u00e4n hyv\u00e4ntuulisen kuva, sill\u00e4 h\u00e4n jutusteli muiden lomalaisten kanssa.\u00a0<\/p>\n<p class=\"article-content article-content-width !bg-background\">\u2013 Eritt\u00e4in miellytt\u00e4v\u00e4n ja hyv\u00e4n kuvan h\u00e4n antoi itsest\u00e4\u00e4n.<\/p>\n<p>        <a itemprop=\"url\" href=\"https:\/\/www.seiska.fi\/vain-seiskassa\/paaministeri-petteri-orpo-hammensi-itarajalla\/1648813\" rel=\"nofollow noopener\" target=\"_blank\"><\/p>\n<p>\nP\u00e4\u00e4ministeri Petteri Orpo\n<\/p>\n<p class=\"section-date\">\n        <strong class=\"article-section\" data-section=\"vain seiskassa\"><br \/>\n            vain seiskassa<br \/>\n        <\/strong><br \/>\n        19.3.2025 19:31\n    <\/p>\n<p>P\u00e4\u00e4ministeri Petteri Orpo h\u00e4mmensi it\u00e4rajalla\n    <\/p>\n<p itemprop=\"description\" class=\"subtitle \">\n    Petteri on kotoisin K\u00f6yli\u00f6st\u00e4, joka on tuttu my\u00f6s Lallistaan.\n<\/p>\n<p>        <\/a><\/p>\n<p class=\"article-content article-content-width !bg-background\">Petteri oli kertonut ihmisille lomailevansa viikon ja nauttivansa auringosta.<\/p>\n<p class=\"article-content article-content-width !bg-background\">\u2013 Koneesta poistuessaan Petteri toivotteli hyv\u00e4\u00e4 uutta vuotta muille matkustajille, ja er\u00e4\u00e4n matkustajan kysyess\u00e4 p\u00e4\u00e4ministerin uuden vuoden toivetta h\u00e4n vastasi toivovansa rauhaa ja sodan loppumista.<\/p>\n","protected":false},"excerpt":{"rendered":"Timo Korhonen Petteri on p\u00e4\u00e4ministeri, mutta my\u00f6s perusturkulainen, joka haluaa silloin t\u00e4ll\u00f6in vied\u00e4 perheens\u00e4 etel\u00e4\u00e4n. Suomen p\u00e4\u00e4ministeri on&hellip;\n","protected":false},"author":2,"featured_media":134145,"comment_status":"","ping_status":"","sticky":false,"template":"","format":"standard","meta":{"footnotes":""},"categories":[136],"tags":[407,137,33,31,30,408,16667,23564,23565,1570,637,11570,32,109],"class_list":{"0":"post-134144","1":"post","2":"type-post","3":"status-publish","4":"format-standard","5":"has-post-thumbnail","7":"category-julkkikset","8":"tag-celebrities","9":"tag-entertainment","10":"tag-fi","11":"tag-finland","12":"tag-finnish","13":"tag-julkkikset","14":"tag-kanariansaaret","15":"tag-lalli","16":"tag-niina-kanniainen","17":"tag-petteri-orpo","18":"tag-politiikka","19":"tag-suomen-paaministeri","20":"tag-suomi","21":"tag-viihde"},"share_on_mastodon":{"url":"https:\/\/pubeurope.com\/@fi\/115843104991540617","error":""},"_links":{"self":[{"href":"https:\/\/www.europesays.com\/fi\/wp-json\/wp\/v2\/posts\/134144","targetHints":{"allow":["GET"]}}],"collection":[{"href":"https:\/\/www.europesays.com\/fi\/wp-json\/wp\/v2\/posts"}],"about":[{"href":"https:\/\/www.europesays.com\/fi\/wp-json\/wp\/v2\/types\/post"}],"author":[{"embeddable":true,"href":"https:\/\/www.europesays.com\/fi\/wp-json\/wp\/v2\/users\/2"}],"replies":[{"embeddable":true,"href":"https:\/\/www.europesays.com\/fi\/wp-json\/wp\/v2\/comments?post=134144"}],"version-history":[{"count":0,"href":"https:\/\/www.europesays.com\/fi\/wp-json\/wp\/v2\/posts\/134144\/revisions"}],"wp:featuredmedia":[{"embeddable":true,"href":"https:\/\/www.europesays.com\/fi\/wp-json\/wp\/v2\/media\/134145"}],"wp:attachment":[{"href":"https:\/\/www.europesays.com\/fi\/wp-json\/wp\/v2\/media?parent=134144"}],"wp:term":[{"taxonomy":"category","embeddable":true,"href":"https:\/\/www.europesays.com\/fi\/wp-json\/wp\/v2\/categories?post=134144"},{"taxonomy":"post_tag","embeddable":true,"href":"https:\/\/www.europesays.com\/fi\/wp-json\/wp\/v2\/tags?post=134144"}],"curies":[{"name":"wp","href":"https:\/\/api.w.org\/{rel}","templated":true}]}}