{"id":13415,"date":"2025-08-22T19:08:08","date_gmt":"2025-08-22T19:08:08","guid":{"rendered":"https:\/\/www.europesays.com\/fi\/13415\/"},"modified":"2025-08-22T19:08:08","modified_gmt":"2025-08-22T19:08:08","slug":"yle-nato-joukot-ajavat-lapset-altaan-iltalehti","status":"publish","type":"post","link":"https:\/\/www.europesays.com\/fi\/13415\/","title":{"rendered":"Yle: Nato-joukot ajavat lapset altaan &#8211; Iltalehti"},"content":{"rendered":"<ol>\n<li><a href=\"https:\/\/news.google.com\/rss\/articles\/CBMie0FVX3lxTE9uRXcwV1dpTEdEbDhSbzREQ1dpd19QbVh1MU9NNGd1REQ3NmhnTXlsNzhtWlJoZE5uVHFRWWVnaUFiWnJZc0h1Y1VaZnZZNjI5NW9mSWI3UFVsOGFjTXhURXE5bEtlTUFGUi1xenlzV0c3amR0U3dTX0tLVQ?oc=5\" target=\"_blank\" rel=\"nofollow noopener\">Yle: Nato-joukot ajavat lapset altaan<\/a>&nbsp;&nbsp;Iltalehti<\/li>\n<li><a href=\"https:\/\/news.google.com\/rss\/articles\/CBMiQkFVX3lxTE42b2NrQzlSMUN2X2VDQ09yTUtDaURpdUtDSnA3U3duWUNaX250SEVUbzBuSjY5NHVNUmZQdjBmdzdodw?oc=5\" target=\"_blank\" rel=\"nofollow noopener\">Ylen tiedot: Erityislasten koulu ja Tammisaaren ainoa suomenkielinen p\u00e4iv\u00e4koti aiotaan siirt\u00e4\u00e4 Nato-joukkojen vuoksi<\/a>&nbsp;&nbsp;Yle<\/li>\n<li><a href=\"https:\/\/news.google.com\/rss\/articles\/CBMiXEFVX3lxTE1udVNHVXJBdXk2eXE1dWFGMG5KREpJaHhwbGp1NWxzM2tZei1relB6cWNzUU1fTlFnWnJVTU5JNHVPZVBnLVFTcEpva3ZiaE9rdGh4dHV1OXY2WkNz?oc=5\" target=\"_blank\" rel=\"nofollow noopener\">Yle: P\u00e4iv\u00e4koti siirret\u00e4\u00e4n Naton tielt\u00e4<\/a>&nbsp;&nbsp;Ilta-Sanomat<\/li>\n<li><a href=\"https:\/\/news.google.com\/rss\/articles\/CBMiVkFVX3lxTE9YWUNJVGJwd2VwbFdsU0xjTmhNcnRoei1jVlp6cEtrTVpoeGtVLWk3U3RoNk1XRDF1OE5OUWdDWVB6UVlNekl0RWtMNnFkekMyX3pvMWtB?oc=5\" target=\"_blank\" rel=\"nofollow noopener\">Yle: Tammi\u00adsaaren ainoa suomen\u00adkie\u00adlinen p\u00e4iv\u00e4koti aiotaan siirt\u00e4\u00e4 Nato-\u200bjoukkojen vuoksi<\/a>&nbsp;&nbsp;Etel\u00e4-Suomen Sanomat<\/li>\n<li><a href=\"https:\/\/news.google.com\/rss\/articles\/CBMi7AFBVV95cUxPZDV6WTFTdDFJUWIySlFRRW5TcXRHN2tERzBFeFVjalVxeGtlT3dNVE1fZTFBUG5Oa3RjNl9XU3pJWDNTdEV2SHlpSmRqWlNkeF9qcWlteTE3ak01REZ5ZVl3WlkwRzNPekpXVmo5MHg5aDcyVW5nOERTWFNUZVFVamc5WjYxbFppNDF0UXB1dTl0Q21ZTEhVUjYwY1JPbVpwNkxGU1N0TnB4UFBMS0xzOU9wdUNHTm0ta004cFRydmdBTHNsMWNsYzNXQjJZQ3ZYVnVQWVM2QzJOaGdLTnBuMmFpYXhEUXJqZFlBMg?oc=5\" target=\"_blank\" rel=\"nofollow noopener\">Yle: Tammisaaren ainoa suomenkielinen p\u00e4iv\u00e4koti aiotaan siirt\u00e4\u00e4 Nato-joukkojen vuoksi<\/a>&nbsp;&nbsp;MSN<\/li>\n<\/ol>\n","protected":false},"excerpt":{"rendered":"Yle: Nato-joukot ajavat lapset altaan&nbsp;&nbsp;Iltalehti Ylen tiedot: Erityislasten koulu ja Tammisaaren ainoa suomenkielinen p\u00e4iv\u00e4koti aiotaan siirt\u00e4\u00e4 Nato-joukkojen vuoksi&nbsp;&nbsp;Yle&hellip;\n","protected":false},"author":2,"featured_media":13416,"comment_status":"","ping_status":"","sticky":false,"template":"","format":"standard","meta":{"footnotes":""},"categories":[12],"tags":[35,802,22,23,26,27,33,31,30,17,615,96,757,24,25,803,28,29,15,18,21,32,19,20,16],"class_list":{"0":"post-13415","1":"post","2":"type-post","3":"status-publish","4":"format-standard","5":"has-post-thumbnail","7":"category-suomi","8":"tag-24h","9":"tag-armeijat-ja-aseelliset-joukot","10":"tag-breaking-news","11":"tag-breakingnews","12":"tag-featured-news","13":"tag-featurednews","14":"tag-fi","15":"tag-finland","16":"tag-finnish","17":"tag-headlines","18":"tag-koulut","19":"tag-koulutus","20":"tag-koulutus-ja-kasvatus","21":"tag-latest-news","22":"tag-latestnews","23":"tag-levottomuudet-ja-sodat","24":"tag-main-news","25":"tag-mainnews","26":"tag-news","27":"tag-otsikot","28":"tag-paauutiset","29":"tag-suomi","30":"tag-top-stories","31":"tag-topstories","32":"tag-uutiset"},"share_on_mastodon":{"url":"","error":""},"_links":{"self":[{"href":"https:\/\/www.europesays.com\/fi\/wp-json\/wp\/v2\/posts\/13415","targetHints":{"allow":["GET"]}}],"collection":[{"href":"https:\/\/www.europesays.com\/fi\/wp-json\/wp\/v2\/posts"}],"about":[{"href":"https:\/\/www.europesays.com\/fi\/wp-json\/wp\/v2\/types\/post"}],"author":[{"embeddable":true,"href":"https:\/\/www.europesays.com\/fi\/wp-json\/wp\/v2\/users\/2"}],"replies":[{"embeddable":true,"href":"https:\/\/www.europesays.com\/fi\/wp-json\/wp\/v2\/comments?post=13415"}],"version-history":[{"count":0,"href":"https:\/\/www.europesays.com\/fi\/wp-json\/wp\/v2\/posts\/13415\/revisions"}],"wp:featuredmedia":[{"embeddable":true,"href":"https:\/\/www.europesays.com\/fi\/wp-json\/wp\/v2\/media\/13416"}],"wp:attachment":[{"href":"https:\/\/www.europesays.com\/fi\/wp-json\/wp\/v2\/media?parent=13415"}],"wp:term":[{"taxonomy":"category","embeddable":true,"href":"https:\/\/www.europesays.com\/fi\/wp-json\/wp\/v2\/categories?post=13415"},{"taxonomy":"post_tag","embeddable":true,"href":"https:\/\/www.europesays.com\/fi\/wp-json\/wp\/v2\/tags?post=13415"}],"curies":[{"name":"wp","href":"https:\/\/api.w.org\/{rel}","templated":true}]}}