{"id":134164,"date":"2026-01-05T15:40:09","date_gmt":"2026-01-05T15:40:09","guid":{"rendered":"https:\/\/www.europesays.com\/fi\/134164\/"},"modified":"2026-01-05T15:40:09","modified_gmt":"2026-01-05T15:40:09","slug":"kolumni-jain-koukkuun-menojeni-seurantaan-ja-saastin-lopulta-yli-500-euroa-kuukaudessa-paikalliset","status":"publish","type":"post","link":"https:\/\/www.europesays.com\/fi\/134164\/","title":{"rendered":"Kolumni | J\u00e4in koukkuun menojeni seurantaan ja s\u00e4\u00e4stin lopulta yli 500 euroa kuukaudessa | Paikalliset"},"content":{"rendered":"<p>Jo pelkk\u00e4 menojen seuraaminen auttaa tutkitusti v\u00e4hent\u00e4m\u00e4\u00e4n kulutusta.<\/p>\n<p>Aloin pit\u00e4\u00e4 kirjaa menoistani vuosi sitten kokeilumieless\u00e4 ja j\u00e4in siihen koukkuun. Menojen seuraaminen oli kuitenkin vasta alkusoittoa turhien kulujen karsimiseen, ja vuotta my\u00f6hemmin tulokset olivat jo merkitt\u00e4vi\u00e4.<\/p>\n<p>Vuosi sitten kulutin syys-marraskuussa keskim\u00e4\u00e4rin yli 2\u2009700 euroa kuussa. Vuonna 2025 summa oli vastaavalla ajanjaksolla yli 560 euroa pienempi kuukautta kohden.<\/p>\n<p><strong class=\"diks-storyline__impact\">Tutkitusti jo pelkk\u00e4 <\/strong>menojen seuraaminen auttaa v\u00e4hent\u00e4m\u00e4\u00e4n kulutusta, mutta kerron muutaman hyv\u00e4ksi havaitsemani s\u00e4\u00e4st\u00f6vinkin.<\/p>\n<p>Sain pudotettua ruoka- ja p\u00e4ivitt\u00e4istavaraostoissa kuukausittaisia menojani noin 60 eurolla eli 15 prosentilla vaihtamalla p\u00e4\u00e4asiallisen ruokakauppani S-Marketista Prismaan. Lis\u00e4ksi hy\u00f6dynn\u00e4n tarjouksia eri kaupoista j\u00e4rkeviss\u00e4 m\u00e4\u00e4rin ja vertailen tuotteiden litra- ja kilohintoja s\u00e4\u00e4nn\u00f6llisesti. Isoin pakkaus ei ole l\u00e4hesk\u00e4\u00e4n joka tuotteessa n\u00e4ilt\u00e4 osin edullisin, ja kahden pienemm\u00e4n pakkauksen ostaminen voi tulla halvemmaksi.<\/p>\n","protected":false},"excerpt":{"rendered":"Jo pelkk\u00e4 menojen seuraaminen auttaa tutkitusti v\u00e4hent\u00e4m\u00e4\u00e4n kulutusta. Aloin pit\u00e4\u00e4 kirjaa menoistani vuosi sitten kokeilumieless\u00e4 ja j\u00e4in siihen&hellip;\n","protected":false},"author":2,"featured_media":134165,"comment_status":"","ping_status":"","sticky":false,"template":"","format":"standard","meta":{"footnotes":""},"categories":[76],"tags":[79,77,22584,33,31,30,778,4689,827,2646,900,32,78],"class_list":{"0":"post-134164","1":"post","2":"type-post","3":"status-publish","4":"format-standard","5":"has-post-thumbnail","7":"category-talous","8":"tag-business","9":"tag-economy","10":"tag-es-elama-ja-ihmiset","11":"tag-fi","12":"tag-finland","13":"tag-finnish","14":"tag-kolumnit","15":"tag-kotitaloudet","16":"tag-kuluttaja-asiat","17":"tag-kuluttajakayttaytyminen","18":"tag-ruoka","19":"tag-suomi","20":"tag-talous"},"share_on_mastodon":{"url":"https:\/\/pubeurope.com\/@fi\/115843250504038743","error":""},"_links":{"self":[{"href":"https:\/\/www.europesays.com\/fi\/wp-json\/wp\/v2\/posts\/134164","targetHints":{"allow":["GET"]}}],"collection":[{"href":"https:\/\/www.europesays.com\/fi\/wp-json\/wp\/v2\/posts"}],"about":[{"href":"https:\/\/www.europesays.com\/fi\/wp-json\/wp\/v2\/types\/post"}],"author":[{"embeddable":true,"href":"https:\/\/www.europesays.com\/fi\/wp-json\/wp\/v2\/users\/2"}],"replies":[{"embeddable":true,"href":"https:\/\/www.europesays.com\/fi\/wp-json\/wp\/v2\/comments?post=134164"}],"version-history":[{"count":0,"href":"https:\/\/www.europesays.com\/fi\/wp-json\/wp\/v2\/posts\/134164\/revisions"}],"wp:featuredmedia":[{"embeddable":true,"href":"https:\/\/www.europesays.com\/fi\/wp-json\/wp\/v2\/media\/134165"}],"wp:attachment":[{"href":"https:\/\/www.europesays.com\/fi\/wp-json\/wp\/v2\/media?parent=134164"}],"wp:term":[{"taxonomy":"category","embeddable":true,"href":"https:\/\/www.europesays.com\/fi\/wp-json\/wp\/v2\/categories?post=134164"},{"taxonomy":"post_tag","embeddable":true,"href":"https:\/\/www.europesays.com\/fi\/wp-json\/wp\/v2\/tags?post=134164"}],"curies":[{"name":"wp","href":"https:\/\/api.w.org\/{rel}","templated":true}]}}