{"id":134168,"date":"2026-01-05T15:42:08","date_gmt":"2026-01-05T15:42:08","guid":{"rendered":"https:\/\/www.europesays.com\/fi\/134168\/"},"modified":"2026-01-05T15:42:08","modified_gmt":"2026-01-05T15:42:08","slug":"iso-uffin-myymala-suljettiin-kaupan-eteen-tuotiin-hautakynttiloita-paikalliset","status":"publish","type":"post","link":"https:\/\/www.europesays.com\/fi\/134168\/","title":{"rendered":"Iso Uffin myym\u00e4l\u00e4 suljettiin \u2013\u2009kaupan eteen tuotiin hautakynttil\u00f6it\u00e4 | Paikalliset"},"content":{"rendered":"<p>Helsinginkadulla Kalliossa sijaitseva iso Uffin myym\u00e4l\u00e4 (Helsinginkatu 22 ) on yll\u00e4tt\u00e4en suljettu.<\/p>\n<p>Ravintola Roskapankin l\u00e4hell\u00e4 sijannut myym\u00e4l\u00e4 suljettiin sunnuntaina (4. tammikuuta).<\/p>\n<p>Liike ehti toimia Helsinginkadulla nelisen vuotta. Se avattiin vuonna 2021.<\/p>\n<p><strong class=\"diks-storyline__impact\">Myym\u00e4l\u00e4n kivijalkaan <\/strong>on tuotu muutama hautakynttil\u00e4, joihin on liimattu pienet valkoiset paperinpalat. Papereissa on lukee vuosiluvut 2021\u2013\u20092026 ja liikkeen logo, jonka yl\u00e4puolella lukee R.I.P. (Rest In Peace) ja KIERR\u00c4TETTY.<\/p>\n<p>Maanantaina myym\u00e4l\u00e4n numero ei ollut en\u00e4\u00e4 k\u00e4yt\u00f6ss\u00e4.<\/p>\n<p>\t\t<a class=\"diks-gallery__link\" href=\"https:\/\/i.media.fi\/incoming\/22ueki\/11227798.jpg\/alternates\/FREE_1440\/11227798.jpg\" data-thumbnail=\"\" data-sub-html=\"Liikkeen eteen oli tuotu hautakynttil\u00f6it\u00e4. Aapo Siippainen\" aria-label=\"Katso isompi kuva\" rel=\"nofollow noopener\" target=\"_blank\"><br \/>\n\t\t\t\t<img class=\"diks-figure__image\" src=\"https:\/\/www.europesays.com\/fi\/wp-content\/uploads\/2026\/01\/11227798.jpg\" loading=\"lazy\" decoding=\"sync\" alt=\"\"\/><\/p>\n<p>\t\t\t<\/a><br \/>\n\t\t\t\t\tLiikkeen eteen oli tuotu hautakynttil\u00f6it\u00e4. Aapo Siippainen<\/p>\n<p><strong class=\"diks-storyline__impact\">Viel\u00e4<\/strong> lauantaina (3. tammikuuta) liikkeen <a href=\"https:\/\/www.facebook.com\/search\/top\/?q=uff%20helsinginkatu\" rel=\"nofollow noopener\" target=\"_blank\">Facebook-sivuilla <\/a>julkaistiin teksti, jossa loppuunmyynnist\u00e4 kerrottiin.<\/p>\n<p>\u2013\u2009Viimeinen mahdollisuus! Kaikki tuotteet max. 1 \u20ac. Nyt on aika tehd\u00e4 huikeat l\u00f6yd\u00f6t ennen myym\u00e4l\u00e4n lopullista sulkeutumista sunnuntaina 4.1. klo 18.<\/p>\n<p>\u2013\u2009Suuret kiitokset kaikille myym\u00e4l\u00e4n asiakkaille.<\/p>\n<p><strong class=\"diks-storyline__impact\">Joulukuussa<\/strong> liikkeen lopettamisesta julkaistu postaus ker\u00e4si muutamia kommentteja.<\/p>\n<p>\u2013 Ei oo kiva. Kalliosta kaikki pois, kirjoittaa er\u00e4s.<\/p>\n<p>\u2013\u2009Siirtyyk\u00f6 uffi johonkin muualle? toteaa toinen.<\/p>\n<p><strong class=\"diks-storyline__impact\">Helsinginkatua <\/strong>l\u00e4himpin\u00e4 olevat Uff-myym\u00e4l\u00e4t sijaitsevat Pasilassa (Ratapihantie 3) ja Hakaniemess\u00e4 (H\u00e4meentie 4).<\/p>\n<p><strong class=\"diks-storyline__impact\">Viime kev\u00e4\u00e4n\u00e4<\/strong> Helsingin Uutiset kertoi, ett\u00e4 <a href=\"https:\/\/www.helsinginuutiset.fi\/paikalliset\/8452727\" rel=\"nofollow noopener\" target=\"_blank\">Malmin Novassa toiminut Uff lopetettiin<\/a>. Itiksen kauppakeskukseen puolestaan <a href=\"https:\/\/www.helsinginuutiset.fi\/paikalliset\/8315675\" rel=\"nofollow noopener\" target=\"_blank\">avattiin liike viime vuoden helmikuussa<\/a>.<\/p>\n","protected":false},"excerpt":{"rendered":"Helsinginkadulla Kalliossa sijaitseva iso Uffin myym\u00e4l\u00e4 (Helsinginkatu 22 ) on yll\u00e4tt\u00e4en suljettu. Ravintola Roskapankin l\u00e4hell\u00e4 sijannut myym\u00e4l\u00e4 suljettiin&hellip;\n","protected":false},"author":2,"featured_media":134169,"comment_status":"","ping_status":"","sticky":false,"template":"","format":"standard","meta":{"footnotes":""},"categories":[12],"tags":[22,23,26,27,33,31,30,17,104,898,24,25,28,29,15,18,21,32,19,20,16],"class_list":{"0":"post-134168","1":"post","2":"type-post","3":"status-publish","4":"format-standard","5":"has-post-thumbnail","7":"category-suomi","8":"tag-breaking-news","9":"tag-breakingnews","10":"tag-featured-news","11":"tag-featurednews","12":"tag-fi","13":"tag-finland","14":"tag-finnish","15":"tag-headlines","16":"tag-helsinki","17":"tag-kulutustavarat","18":"tag-latest-news","19":"tag-latestnews","20":"tag-main-news","21":"tag-mainnews","22":"tag-news","23":"tag-otsikot","24":"tag-paauutiset","25":"tag-suomi","26":"tag-top-stories","27":"tag-topstories","28":"tag-uutiset"},"share_on_mastodon":{"url":"https:\/\/pubeurope.com\/@fi\/115843258368648930","error":""},"_links":{"self":[{"href":"https:\/\/www.europesays.com\/fi\/wp-json\/wp\/v2\/posts\/134168","targetHints":{"allow":["GET"]}}],"collection":[{"href":"https:\/\/www.europesays.com\/fi\/wp-json\/wp\/v2\/posts"}],"about":[{"href":"https:\/\/www.europesays.com\/fi\/wp-json\/wp\/v2\/types\/post"}],"author":[{"embeddable":true,"href":"https:\/\/www.europesays.com\/fi\/wp-json\/wp\/v2\/users\/2"}],"replies":[{"embeddable":true,"href":"https:\/\/www.europesays.com\/fi\/wp-json\/wp\/v2\/comments?post=134168"}],"version-history":[{"count":0,"href":"https:\/\/www.europesays.com\/fi\/wp-json\/wp\/v2\/posts\/134168\/revisions"}],"wp:featuredmedia":[{"embeddable":true,"href":"https:\/\/www.europesays.com\/fi\/wp-json\/wp\/v2\/media\/134169"}],"wp:attachment":[{"href":"https:\/\/www.europesays.com\/fi\/wp-json\/wp\/v2\/media?parent=134168"}],"wp:term":[{"taxonomy":"category","embeddable":true,"href":"https:\/\/www.europesays.com\/fi\/wp-json\/wp\/v2\/categories?post=134168"},{"taxonomy":"post_tag","embeddable":true,"href":"https:\/\/www.europesays.com\/fi\/wp-json\/wp\/v2\/tags?post=134168"}],"curies":[{"name":"wp","href":"https:\/\/api.w.org\/{rel}","templated":true}]}}