{"id":134207,"date":"2026-01-05T16:51:08","date_gmt":"2026-01-05T16:51:08","guid":{"rendered":"https:\/\/www.europesays.com\/fi\/134207\/"},"modified":"2026-01-05T16:51:08","modified_gmt":"2026-01-05T16:51:08","slug":"doom-legenda-scott-wino-weinrich-motorheadista-lopetin-levyjen-ostamisen-no-sleep-til-hammersmithiin","status":"publish","type":"post","link":"https:\/\/www.europesays.com\/fi\/134207\/","title":{"rendered":"Doom-legenda Scott &#8221;Wino&#8221; Weinrich Mot\u00f6rheadist\u00e4: &#8221;Lopetin levyjen ostamisen No Sleep &#8217;Til Hammersmithiin&#8221;"},"content":{"rendered":"<p><strong>Mot\u00f6rhead <\/strong>on ikoni, jota arvostetaan suuresti niin rockin, punkin kuin metallimusiikin piiriss\u00e4. Veil of Soundin tuoreessa haastattelussa doom-legenda <strong>Scott \u201dWino\u201d Weinrich<\/strong> (<strong>The Obsessed<\/strong>, <strong>Saint Vitus<\/strong>, <strong>Spirit Caravan<\/strong>) kuitenkin my\u00f6nt\u00e4\u00e4 suhtautuvansa itse ristiriitaisesti edesmenneen <strong>Lemmy Kilmisterin<\/strong> johtamaan orkesteriin.<\/p>\n<p>\u201dNuorena, ennen kuin olin kuullutkaan Mot\u00f6rheadist\u00e4, selailin levykaupassa levyj\u00e4 ja k\u00e4siini osui On Parole, jonka amerikkalaisen painoksen kannessa oli vain Lemmy bassoineen, johon oli maalattu iso rautaristi. Ostin sen levyn pelk\u00e4st\u00e4\u00e4n sen kuvan vuoksi. Mutta en pit\u00e4nyt mist\u00e4\u00e4n muusta kuin Iron Horse\/Born to Lose -kappaleesta\u201d, <a href=\"https:\/\/blabbermouth.net\/news\/scott-wino-weinrich-says-he-never-bought-any-motorhead-albums-after-no-sleep-til-hammersmith-it-became-too-much-of-the-same-s\" target=\"_blank\" rel=\"noreferrer noopener nofollow\">Wino toteaa<\/a>.<\/p>\n<p>\u201dMot\u00f6rhead on kuin Saint Vitus siin\u00e4, ett\u00e4 kyse on tunteesta. Heid\u00e4n varhainen kamansa on mahtavaa, mutta rehellisesti puhuen lopetin levyjen ostamisen No Sleep \u2019Til Hammersmithiin (1981). Sen j\u00e4lkeen se alkoi olla liikaa sit\u00e4 samaa paskaa. Enk\u00e4 ollut suurin <strong>\u2019Fast\u2019 Eddie Clarken<\/strong> (Mot\u00f6rheadin kitaristi vuosina 1976\u20131982) tai h\u00e4nen tyylins\u00e4 fani. Ja Lemmykin tietyn pisteen j\u00e4lkeen\u2026 En pysty kuuntelemaan Hellraiseri\u00e4 ja muuta sellaista paskaa. Vaimoni pit\u00e4\u00e4 sellaisesta, mutta min\u00e4 en vain pysty.\u201d<\/p>\n<p>\u201dAinoa No Sleep\u2026 -levy\u00e4 uudempi biisi, josta pid\u00e4n, on Just \u2019Cos You Got the Power (1987), jossa on kaksi kitaristia. Ja rehellisesti puhuen mielest\u00e4ni <strong>W\u00fcrzel <\/strong>(<strong>Michael Burston<\/strong>, Mot\u00f6rhead-kitaristi vuosina 1984-1995) oli parempi kuin <strong>Phil Campbell<\/strong> (Mot\u00f6rhead-kitaristi vuodesta 1984 Lemmyn kuolemaan saakka). Olen viett\u00e4nyt aikaa Campbellin kanssa ja yritt\u00e4nyt l\u00f6yt\u00e4\u00e4 jostain h\u00e4nen kanssaan spiidi\u00e4. H\u00e4n oli kateellinen W\u00fcrzelista, mik\u00e4 oli huvittavaa.\u201d<\/p>\n<p><img loading=\"lazy\" decoding=\"async\" alt=\"YouTube video\" width=\"480\" height=\"360\" data-pin-nopin=\"true\" nopin=\"nopin\" class=\"perfmatters-lazy\" src=\"https:\/\/www.europesays.com\/fi\/wp-content\/uploads\/2026\/01\/1767631868_897_hqdefault.jpg\"\/><\/p>\n<p>Lue my\u00f6s: <a href=\"https:\/\/www.inferno.fi\/uutiskirje\/\" title=\"Tilaa Infernon uutiskirje\" class=\"underline-custom !font-montserrat !font-bold !underline-offset-4 !decoration-4 !decoration-red-600 !text-md\" rel=\"nofollow noopener\" target=\"_blank\">Tilaa Infernon uutiskirje ja tied\u00e4t mist\u00e4 kahvitauolla puhutaan! Nappaa raskaan musiikin uutiset ja puheenaiheet suoraan s\u00e4hk\u00f6postiin t\u00e4st\u00e4.<\/a><\/p>\n","protected":false},"excerpt":{"rendered":"Mot\u00f6rhead on ikoni, jota arvostetaan suuresti niin rockin, punkin kuin metallimusiikin piiriss\u00e4. Veil of Soundin tuoreessa haastattelussa doom-legenda&hellip;\n","protected":false},"author":2,"featured_media":134208,"comment_status":"","ping_status":"","sticky":false,"template":"","format":"standard","meta":{"footnotes":""},"categories":[132],"tags":[137,33,31,30,195,47,32,109],"class_list":{"0":"post-134207","1":"post","2":"type-post","3":"status-publish","4":"format-standard","5":"has-post-thumbnail","7":"category-musiikki","8":"tag-entertainment","9":"tag-fi","10":"tag-finland","11":"tag-finnish","12":"tag-music","13":"tag-musiikki","14":"tag-suomi","15":"tag-viihde"},"share_on_mastodon":{"url":"https:\/\/pubeurope.com\/@fi\/115843529825010596","error":""},"_links":{"self":[{"href":"https:\/\/www.europesays.com\/fi\/wp-json\/wp\/v2\/posts\/134207","targetHints":{"allow":["GET"]}}],"collection":[{"href":"https:\/\/www.europesays.com\/fi\/wp-json\/wp\/v2\/posts"}],"about":[{"href":"https:\/\/www.europesays.com\/fi\/wp-json\/wp\/v2\/types\/post"}],"author":[{"embeddable":true,"href":"https:\/\/www.europesays.com\/fi\/wp-json\/wp\/v2\/users\/2"}],"replies":[{"embeddable":true,"href":"https:\/\/www.europesays.com\/fi\/wp-json\/wp\/v2\/comments?post=134207"}],"version-history":[{"count":0,"href":"https:\/\/www.europesays.com\/fi\/wp-json\/wp\/v2\/posts\/134207\/revisions"}],"wp:featuredmedia":[{"embeddable":true,"href":"https:\/\/www.europesays.com\/fi\/wp-json\/wp\/v2\/media\/134208"}],"wp:attachment":[{"href":"https:\/\/www.europesays.com\/fi\/wp-json\/wp\/v2\/media?parent=134207"}],"wp:term":[{"taxonomy":"category","embeddable":true,"href":"https:\/\/www.europesays.com\/fi\/wp-json\/wp\/v2\/categories?post=134207"},{"taxonomy":"post_tag","embeddable":true,"href":"https:\/\/www.europesays.com\/fi\/wp-json\/wp\/v2\/tags?post=134207"}],"curies":[{"name":"wp","href":"https:\/\/api.w.org\/{rel}","templated":true}]}}