{"id":134214,"date":"2026-01-05T16:58:09","date_gmt":"2026-01-05T16:58:09","guid":{"rendered":"https:\/\/www.europesays.com\/fi\/134214\/"},"modified":"2026-01-05T16:58:09","modified_gmt":"2026-01-05T16:58:09","slug":"samsung-esitteli-maailman-ensimmaisen-130-tuumaisen-micro-rgb-television-tyyrista-televisiota-ei-osteta-ihan-joka-kotiin","status":"publish","type":"post","link":"https:\/\/www.europesays.com\/fi\/134214\/","title":{"rendered":"Samsung esitteli maailman ensimm\u00e4isen 130-tuumaisen Micro RGB -television \u2013 tyyrist\u00e4 televisiota ei osteta ihan joka kotiin"},"content":{"rendered":"<p>Samsung on julkistanut CES-messujen yhteydess\u00e4 maailman ensimm\u00e4isen 130-tuumaisen Micro RGB -television.<\/p>\n<p><a href=\"https:\/\/muropaketti.com\/avainsana\/samsung\/\" rel=\"nofollow noopener\" target=\"_blank\">Samsungin<\/a> uusi R95H-malli <a href=\"https:\/\/news.samsung.com\/global\/samsung-unveils-worlds-first-130-inch-micro-rgb-tv-featuring-next-generation-color-and-bold-new-design\" target=\"_blank\" rel=\"noreferrer noopener nofollow\">kasvattaa tiedotteen mukaan<\/a> viime kes\u00e4n\u00e4 n\u00e4hdyn 115-tuumaisen version kokoa ja edustaa Samsungin toistaiseksi kehittyneint\u00e4 n\u00e4ytt\u00f6teknologiaa. Televisio kattaa 100 % BT.2020-v\u00e4riavaruudesta ja on VDE-sertifioitu eritt\u00e4in tarkkaan v\u00e4rintoistoon. Micro RGB Color Booster Pro- ja HDR Pro -tekniikat sek\u00e4 teko\u00e4lypohjaiset kuvanparannusalgoritmit vastaavat kuvanlaadusta, ja Glare Free -pinnoite v\u00e4hent\u00e4\u00e4 heijastuksia kirkkaissakin tiloissa.<\/p>\n<p>Samsungin vuoden 2026 TV-mallisto on ensimm\u00e4inen, joka tukee uutta HDR10+ ADVANCED -standardia. Se mahdollistaa jopa 16-bittisen v\u00e4risyvyyden ja 10 000 nitin kirkkauden sek\u00e4 kehittyneet ominaisuudet, kuten kohtauskohtaisen s\u00e4vykartoituksen, \u00e4lykk\u00e4\u00e4n liikkeenpehmennyksen ja genrekohtaisen optimoinnin. R95H sis\u00e4lt\u00e4\u00e4 my\u00f6s Adaptive Cloud Gaming -tilan, joka reagoi reaaliaikaisesti huoneen valaistukseen, sek\u00e4 erilaisia teko\u00e4lytoimintoja. <\/p>\n<p>Samsung ei viel\u00e4 kertonut laitteen hintaa, mutta aiemman 115-tuumaisen Micro RGB -mallin hinta oli noin 30 000 dollaria. N\u00e4in joka kodissa tyyrist\u00e4 t\u00f6ll\u00f6tint\u00e4 ei tulla n\u00e4kem\u00e4\u00e4n.<\/p>\n","protected":false},"excerpt":{"rendered":"Samsung on julkistanut CES-messujen yhteydess\u00e4 maailman ensimm\u00e4isen 130-tuumaisen Micro RGB -television. Samsungin uusi R95H-malli kasvattaa tiedotteen mukaan viime&hellip;\n","protected":false},"author":2,"featured_media":134215,"comment_status":"","ping_status":"","sticky":false,"template":"","format":"standard","meta":{"footnotes":""},"categories":[76],"tags":[79,77,33,31,30,799,32,78,206],"class_list":{"0":"post-134214","1":"post","2":"type-post","3":"status-publish","4":"format-standard","5":"has-post-thumbnail","7":"category-talous","8":"tag-business","9":"tag-economy","10":"tag-fi","11":"tag-finland","12":"tag-finnish","13":"tag-samsung","14":"tag-suomi","15":"tag-talous","16":"tag-televisiot"},"share_on_mastodon":{"url":"https:\/\/pubeurope.com\/@fi\/115843557195236130","error":""},"_links":{"self":[{"href":"https:\/\/www.europesays.com\/fi\/wp-json\/wp\/v2\/posts\/134214","targetHints":{"allow":["GET"]}}],"collection":[{"href":"https:\/\/www.europesays.com\/fi\/wp-json\/wp\/v2\/posts"}],"about":[{"href":"https:\/\/www.europesays.com\/fi\/wp-json\/wp\/v2\/types\/post"}],"author":[{"embeddable":true,"href":"https:\/\/www.europesays.com\/fi\/wp-json\/wp\/v2\/users\/2"}],"replies":[{"embeddable":true,"href":"https:\/\/www.europesays.com\/fi\/wp-json\/wp\/v2\/comments?post=134214"}],"version-history":[{"count":0,"href":"https:\/\/www.europesays.com\/fi\/wp-json\/wp\/v2\/posts\/134214\/revisions"}],"wp:featuredmedia":[{"embeddable":true,"href":"https:\/\/www.europesays.com\/fi\/wp-json\/wp\/v2\/media\/134215"}],"wp:attachment":[{"href":"https:\/\/www.europesays.com\/fi\/wp-json\/wp\/v2\/media?parent=134214"}],"wp:term":[{"taxonomy":"category","embeddable":true,"href":"https:\/\/www.europesays.com\/fi\/wp-json\/wp\/v2\/categories?post=134214"},{"taxonomy":"post_tag","embeddable":true,"href":"https:\/\/www.europesays.com\/fi\/wp-json\/wp\/v2\/tags?post=134214"}],"curies":[{"name":"wp","href":"https:\/\/api.w.org\/{rel}","templated":true}]}}