{"id":134216,"date":"2026-01-05T16:59:10","date_gmt":"2026-01-05T16:59:10","guid":{"rendered":"https:\/\/www.europesays.com\/fi\/134216\/"},"modified":"2026-01-05T16:59:10","modified_gmt":"2026-01-05T16:59:10","slug":"puolustusministeri-hegsethilta-nuhteet-senaattori-kellylle-uutisia-lyhyesti","status":"publish","type":"post","link":"https:\/\/www.europesays.com\/fi\/134216\/","title":{"rendered":"Puolustusministeri Hegsethilt\u00e4 nuhteet senaattori Kellylle | Uutisia lyhyesti"},"content":{"rendered":"<p><img decoding=\"async\" alt=\"Mies katsoo eteenp\u00e4in tilaisuudessa. Takana on lippuja.\" src=\"https:\/\/www.europesays.com\/fi\/wp-content\/uploads\/2026\/01\/39-1577343695bdaf6eb907.jpeg\" class=\"aw-1l9m598 hKVVvP\"\/><\/p>\n<p>Avaa kuvien katselu<\/p>\n<p>Yhdysvaltain puolustusministeri Pete Hegseth kuvattuna joulukuussa 2025. Kuva: AOP<\/p>\n<p>17:13\u2022P\u00e4ivitetty 17:14<\/p>\n<p class=\"aw-1gybjub aw-1p7kakr kEtdKx cEmitX yle__article__paragraph\">Yhdysvaltain puolustusministeri <strong class=\"aw-ak79eh KyCXm yle__article__strong\">Pete Hegseth<\/strong> ilmoitti maanantaina antavansa nuhtelukirjeen demokraattisenaattorille <strong class=\"aw-ak79eh KyCXm yle__article__strong\">Mark Kellylle<\/strong>.<\/p>\n<p class=\"aw-1gybjub aw-1p7kakr kEtdKx cEmitX yle__article__paragraph\">Nuhteiden syyn\u00e4 on Kellyn ja viiden muun demokraattiedustajan marraskuussa julkaisema video, jossa kehotettiin Yhdysvaltain joukkoja noudattamaan perustuslakia ja vastustamaan laittomia k\u00e4skyj\u00e4.<\/p>\n<p class=\"aw-1gybjub aw-1p7kakr kEtdKx cEmitX yle__article__paragraph\">Video julkaistiin ensimm\u00e4isen\u00e4 senaattori <strong class=\"aw-ak79eh KyCXm yle__article__strong\">Elissa Slotkinin<\/strong> lyhytviestipalvelu X-tililt\u00e4. Videolla Kelly, Slotkin sek\u00e4 edustajat <strong class=\"aw-ak79eh KyCXm yle__article__strong\">Jason Crow<\/strong>, <strong class=\"aw-ak79eh KyCXm yle__article__strong\">Chris Deluzio<\/strong>, <strong class=\"aw-ak79eh KyCXm yle__article__strong\">Maggie Goodlander<\/strong> ja <strong class=\"aw-ak79eh KyCXm yle__article__strong\">Chrissy Houlahan<\/strong> puhuivat suoraan Yhdysvaltain sotilashenkil\u00f6st\u00f6lle.<\/p>\n<p class=\"aw-1gybjub aw-1p7kakr kEtdKx cEmitX yle__article__paragraph\">Presidentti <strong class=\"aw-ak79eh KyCXm yle__article__strong\">Donald Trump<\/strong> syytti demokraatteja valtiopetoksesta, josta rangaistuksena on KUOLEMA, ja julkaisi muiden viestej\u00e4 videosta sek\u00e4 vahvisti niit\u00e4 omilla kommenteillaan.<\/p>\n<p class=\"aw-1gybjub aw-1p7kakr kEtdKx cEmitX yle__article__paragraph\">L\u00e4hde: Reuters<\/p>\n","protected":false},"excerpt":{"rendered":"Avaa kuvien katselu Yhdysvaltain puolustusministeri Pete Hegseth kuvattuna joulukuussa 2025. Kuva: AOP 17:13\u2022P\u00e4ivitetty 17:14 Yhdysvaltain puolustusministeri Pete Hegseth&hellip;\n","protected":false},"author":2,"featured_media":134217,"comment_status":"","ping_status":"","sticky":false,"template":"","format":"standard","meta":{"footnotes":""},"categories":[14],"tags":[22,23,585,26,27,33,31,30,17,24,25,28,29,15,18,21,23579,32,19,20,546,56,16,59,60,61,619],"class_list":{"0":"post-134216","1":"post","2":"type-post","3":"status-publish","4":"format-standard","5":"has-post-thumbnail","7":"category-ulkomaat","8":"tag-breaking-news","9":"tag-breakingnews","10":"tag-donald-trump","11":"tag-featured-news","12":"tag-featurednews","13":"tag-fi","14":"tag-finland","15":"tag-finnish","16":"tag-headlines","17":"tag-latest-news","18":"tag-latestnews","19":"tag-main-news","20":"tag-mainnews","21":"tag-news","22":"tag-otsikot","23":"tag-paauutiset","24":"tag-senaattorit","25":"tag-suomi","26":"tag-top-stories","27":"tag-topstories","28":"tag-turvallisuus","29":"tag-ulkomaat","30":"tag-uutiset","31":"tag-world","32":"tag-world-news","33":"tag-worldnews","34":"tag-yhdysvallat"},"share_on_mastodon":{"url":"https:\/\/pubeurope.com\/@fi\/115843561184264800","error":""},"_links":{"self":[{"href":"https:\/\/www.europesays.com\/fi\/wp-json\/wp\/v2\/posts\/134216","targetHints":{"allow":["GET"]}}],"collection":[{"href":"https:\/\/www.europesays.com\/fi\/wp-json\/wp\/v2\/posts"}],"about":[{"href":"https:\/\/www.europesays.com\/fi\/wp-json\/wp\/v2\/types\/post"}],"author":[{"embeddable":true,"href":"https:\/\/www.europesays.com\/fi\/wp-json\/wp\/v2\/users\/2"}],"replies":[{"embeddable":true,"href":"https:\/\/www.europesays.com\/fi\/wp-json\/wp\/v2\/comments?post=134216"}],"version-history":[{"count":0,"href":"https:\/\/www.europesays.com\/fi\/wp-json\/wp\/v2\/posts\/134216\/revisions"}],"wp:featuredmedia":[{"embeddable":true,"href":"https:\/\/www.europesays.com\/fi\/wp-json\/wp\/v2\/media\/134217"}],"wp:attachment":[{"href":"https:\/\/www.europesays.com\/fi\/wp-json\/wp\/v2\/media?parent=134216"}],"wp:term":[{"taxonomy":"category","embeddable":true,"href":"https:\/\/www.europesays.com\/fi\/wp-json\/wp\/v2\/categories?post=134216"},{"taxonomy":"post_tag","embeddable":true,"href":"https:\/\/www.europesays.com\/fi\/wp-json\/wp\/v2\/tags?post=134216"}],"curies":[{"name":"wp","href":"https:\/\/api.w.org\/{rel}","templated":true}]}}