{"id":134218,"date":"2026-01-05T17:00:08","date_gmt":"2026-01-05T17:00:08","guid":{"rendered":"https:\/\/www.europesays.com\/fi\/134218\/"},"modified":"2026-01-05T17:00:08","modified_gmt":"2026-01-05T17:00:08","slug":"tukihenkiloa-etsivia-lapsia-ja-nuoria-on-paljon-mutta-vapaaehtoisia-on-liian-vahan","status":"publish","type":"post","link":"https:\/\/www.europesays.com\/fi\/134218\/","title":{"rendered":"Tukihenkil\u00f6\u00e4 etsivi\u00e4 lapsia ja nuoria on paljon, mutta vapaaehtoisia on liian v\u00e4h\u00e4n"},"content":{"rendered":"<p>Jonna J\u00e4rvenp\u00e4\u00e4 k\u00e4y 9-vuotiaan Senni Gran\u00f6n kanssa retkeilem\u00e4ss\u00e4 ja viett\u00e4\u00e4 h\u00e4nen kanssaan aikaa: kaksikolla on yhteinen vihko, johon kirjataan hauskoja muistoja.<\/p>\n<p class=\"article-body mb-nof-24 px-nof-16\">Pori<\/p>\n<p class=\"article-body mb-nof-24 px-nof-16\">Lumiukko, mehil\u00e4inen ja joulukuusi ovat p\u00e4\u00e4sseet upeiksi maalauksiksi kivien p\u00e4\u00e4lle ja nyt upeat lopputulokset pit\u00e4isi piilottaa. Porin Kirjurinluoto on joulukuun mustassa illassa pime\u00e4, mutta taskulamput valaisevat vauhdikkaan kaksikon menoa. <a class=\"font-bold underline-offset-[0.12em] [text-decoration:var(--person-link-text-decoration)] ![text-decoration-color:var(--person-link-text-decoration-color)]\" href=\"https:\/\/www.satakunnankansa.fi\/haku\/?query=Jonna%20J%C3%A4rvenp%C3%A4%C3%A4\" rel=\"nofollow noopener\" target=\"_blank\">Jonna J\u00e4rvenp\u00e4\u00e4<\/a> yritt\u00e4\u00e4 pysy\u00e4 9-vuotiaan <a class=\"font-bold underline-offset-[0.12em] [text-decoration:var(--person-link-text-decoration)] ![text-decoration-color:var(--person-link-text-decoration-color)]\" href=\"https:\/\/www.satakunnankansa.fi\/haku\/?query=Senni%20Gran%C3%B6n\" rel=\"nofollow noopener\" target=\"_blank\">Senni Gran\u00f6n<\/a> per\u00e4ss\u00e4 ja hyvin n\u00e4ytt\u00e4\u00e4 menev\u00e4n: J\u00e4rvenp\u00e4\u00e4 ja Gran\u00f6 tapasivat ensimm\u00e4ist\u00e4 kertaa kes\u00e4kuussa ja ovat siit\u00e4 l\u00e4htien n\u00e4hneet pari kertaa kuussa.<\/p>\n","protected":false},"excerpt":{"rendered":"Jonna J\u00e4rvenp\u00e4\u00e4 k\u00e4y 9-vuotiaan Senni Gran\u00f6n kanssa retkeilem\u00e4ss\u00e4 ja viett\u00e4\u00e4 h\u00e4nen kanssaan aikaa: kaksikolla on yhteinen vihko, johon&hellip;\n","protected":false},"author":2,"featured_media":134219,"comment_status":"","ping_status":"","sticky":false,"template":"","format":"standard","meta":{"footnotes":""},"categories":[12],"tags":[22,23,26,27,33,31,30,17,24,25,28,29,15,18,21,80,32,19,20,16],"class_list":{"0":"post-134218","1":"post","2":"type-post","3":"status-publish","4":"format-standard","5":"has-post-thumbnail","7":"category-suomi","8":"tag-breaking-news","9":"tag-breakingnews","10":"tag-featured-news","11":"tag-featurednews","12":"tag-fi","13":"tag-finland","14":"tag-finnish","15":"tag-headlines","16":"tag-latest-news","17":"tag-latestnews","18":"tag-main-news","19":"tag-mainnews","20":"tag-news","21":"tag-otsikot","22":"tag-paauutiset","23":"tag-satakunnan-kansa","24":"tag-suomi","25":"tag-top-stories","26":"tag-topstories","27":"tag-uutiset"},"share_on_mastodon":{"url":"https:\/\/pubeurope.com\/@fi\/115843565130980674","error":""},"_links":{"self":[{"href":"https:\/\/www.europesays.com\/fi\/wp-json\/wp\/v2\/posts\/134218","targetHints":{"allow":["GET"]}}],"collection":[{"href":"https:\/\/www.europesays.com\/fi\/wp-json\/wp\/v2\/posts"}],"about":[{"href":"https:\/\/www.europesays.com\/fi\/wp-json\/wp\/v2\/types\/post"}],"author":[{"embeddable":true,"href":"https:\/\/www.europesays.com\/fi\/wp-json\/wp\/v2\/users\/2"}],"replies":[{"embeddable":true,"href":"https:\/\/www.europesays.com\/fi\/wp-json\/wp\/v2\/comments?post=134218"}],"version-history":[{"count":0,"href":"https:\/\/www.europesays.com\/fi\/wp-json\/wp\/v2\/posts\/134218\/revisions"}],"wp:featuredmedia":[{"embeddable":true,"href":"https:\/\/www.europesays.com\/fi\/wp-json\/wp\/v2\/media\/134219"}],"wp:attachment":[{"href":"https:\/\/www.europesays.com\/fi\/wp-json\/wp\/v2\/media?parent=134218"}],"wp:term":[{"taxonomy":"category","embeddable":true,"href":"https:\/\/www.europesays.com\/fi\/wp-json\/wp\/v2\/categories?post=134218"},{"taxonomy":"post_tag","embeddable":true,"href":"https:\/\/www.europesays.com\/fi\/wp-json\/wp\/v2\/tags?post=134218"}],"curies":[{"name":"wp","href":"https:\/\/api.w.org\/{rel}","templated":true}]}}