{"id":134222,"date":"2026-01-05T17:05:08","date_gmt":"2026-01-05T17:05:08","guid":{"rendered":"https:\/\/www.europesays.com\/fi\/134222\/"},"modified":"2026-01-05T17:05:08","modified_gmt":"2026-01-05T17:05:08","slug":"aavemainen-naky-suomen-yotaivaalla-asiantuntija-kertoo-mista-on-kyse","status":"publish","type":"post","link":"https:\/\/www.europesays.com\/fi\/134222\/","title":{"rendered":"Aavemainen n\u00e4ky Suomen y\u00f6taivaalla \u2013 Asiantuntija kertoo, mist\u00e4 on kyse"},"content":{"rendered":"<p>Erikoinen n\u00e4ky ilmestyi y\u00f6taivaalle Hattulassa ja Oulussa. T\u00e4htitieteellisen yhdistyksen Ursan tiedottaja Anne Liljestr\u00f6m tiet\u00e4\u00e4 v\u00e4litt\u00f6m\u00e4sti, mist\u00e4 on kyse.<\/p>\n<p class=\"paragraph\">Valoilmi\u00f6 on mykist\u00e4v\u00e4 jo pelk\u00e4st\u00e4\u00e4n videolta katsottuna.<\/p>\n<p class=\"paragraph\">Hattulan taivaalla n\u00e4kyi sunnuntai-iltana kirkkaita valopilareita, jotka ik\u00e4\u00e4n kuin leijuivat ilmassa. Tunnelma oli aavemainen.<\/p>\n<p class=\"paragraph\">\u2013 Uskomaton valoilmi\u00f6! viestitt\u00e4\u00e4 Iltalehden lukija Hattulasta.<\/p>\n<p class=\"paragraph\">Samankaltainen n\u00e4ky ikuistettiin kuviin my\u00f6s Oulussa. Toimitukseen tuli my\u00f6s muita kuvia erikoisesta valoilmi\u00f6st\u00e4.<\/p>\n<p class=\"paragraph\">T\u00e4htitieteellisen yhdistyksen Ursan tiedottaja <strong>Anne Liljestr\u00f6m<\/strong> katsoo videoita ja kuvia Iltalehden pyynn\u00f6st\u00e4.<\/p>\n<p class=\"paragraph\">\u2013 Asia on aivan selv\u00e4, h\u00e4n toteaa heti.<\/p>\n<p><img decoding=\"async\" class=\"image image-show image-preview\" src=\"https:\/\/www.europesays.com\/fi\/wp-content\/uploads\/2026\/01\/81963a5cd507bad0c208f07129485f046556572d043012b0a77fa1a1ab276c2e.jpg\" alt=\"\"\/><img decoding=\"async\" class=\"image image-show\" src=\"https:\/\/www.europesays.com\/fi\/wp-content\/uploads\/2026\/01\/1767632708_212_81963a5cd507bad0c208f07129485f046556572d043012b0a77fa1a1ab276c2e.jpg\" alt=\"\"\/><\/p>\n<p>Erikoiset valot Oulun y\u00f6taivaalla sunnuntai-iltana. Lukijan kuva<\/p>\n<p class=\"paragraph\">Ilmi\u00f6 on mit\u00e4 luonnollisin, eik\u00e4 aiheessa ole mit\u00e4\u00e4n selitt\u00e4m\u00e4t\u00f6nt\u00e4. Kyseess\u00e4 on pilarimainen haloilmi\u00f6.<\/p>\n<p class=\"paragraph\">\u2013 Ne voivat muodostua auringon valosta tai y\u00f6ll\u00e4 esimerkiksi katulampun valosta.<\/p>\n<p class=\"paragraph\">J\u00e4\u00e4sumuhalot muodostuvat l\u00e4hell\u00e4 maanpintaa, jossa j\u00e4\u00e4kiteet taittavat ja heijastavat valoa.<\/p>\n<p class=\"paragraph\">Toisinaan sopivia j\u00e4\u00e4kiteit\u00e4 l\u00f6ytyy vasta v\u00e4h\u00e4n korkeammalta. Siksi monet t\u00e4ss\u00e4 jutussa kuvailluista pilareista vaikuttavat leijuvan paikoillaan. Keinovalopilareita muodostuu talvisaikaan silloin, kun ilma on riitt\u00e4v\u00e4n kylm\u00e4 ja ilmankosteus korkea.<\/p>\n<p class=\"paragraph\">S\u00e4\u00e4olosuhteet ovat mit\u00e4 parhaimmat erikoisemmille taivaanvaloille.<\/p>\n<p class=\"paragraph\">\u2013 Nyt on n\u00e4kynyt my\u00f6s muita halotyyppej\u00e4, kuten sivuaurinkoja.<\/p>\n<p class=\"paragraph\">Haloilmi\u00f6it\u00e4 voi n\u00e4hd\u00e4 my\u00f6s l\u00e4mpimin\u00e4 kuukausina, t\u00e4ll\u00f6in tarvittavat j\u00e4\u00e4kiteet l\u00f6ytyv\u00e4t yl\u00e4ilmakeh\u00e4st\u00e4. Siell\u00e4 voi olla kylm\u00e4\u00e4, vaikka maanpinnalla olisikin l\u00e4mmint\u00e4.<\/p>\n","protected":false},"excerpt":{"rendered":"Erikoinen n\u00e4ky ilmestyi y\u00f6taivaalle Hattulassa ja Oulussa. T\u00e4htitieteellisen yhdistyksen Ursan tiedottaja Anne Liljestr\u00f6m tiet\u00e4\u00e4 v\u00e4litt\u00f6m\u00e4sti, mist\u00e4 on kyse.&hellip;\n","protected":false},"author":2,"featured_media":134223,"comment_status":"","ping_status":"","sticky":false,"template":"","format":"standard","meta":{"footnotes":""},"categories":[114],"tags":[35,453,33,31,30,1511,1616,710,118,452,32,119,719,538],"class_list":{"0":"post-134222","1":"post","2":"type-post","3":"status-publish","4":"format-standard","5":"has-post-thumbnail","7":"category-avaruus","8":"tag-24h","9":"tag-avaruus","10":"tag-fi","11":"tag-finland","12":"tag-finnish","13":"tag-joukkoviestinta","14":"tag-media-viestinta","15":"tag-saa","16":"tag-science","17":"tag-space","18":"tag-suomi","19":"tag-tiede","20":"tag-tiede-yleista","21":"tag-tiede-ja-tekniikka"},"share_on_mastodon":{"url":"https:\/\/pubeurope.com\/@fi\/115843584690975883","error":""},"_links":{"self":[{"href":"https:\/\/www.europesays.com\/fi\/wp-json\/wp\/v2\/posts\/134222","targetHints":{"allow":["GET"]}}],"collection":[{"href":"https:\/\/www.europesays.com\/fi\/wp-json\/wp\/v2\/posts"}],"about":[{"href":"https:\/\/www.europesays.com\/fi\/wp-json\/wp\/v2\/types\/post"}],"author":[{"embeddable":true,"href":"https:\/\/www.europesays.com\/fi\/wp-json\/wp\/v2\/users\/2"}],"replies":[{"embeddable":true,"href":"https:\/\/www.europesays.com\/fi\/wp-json\/wp\/v2\/comments?post=134222"}],"version-history":[{"count":0,"href":"https:\/\/www.europesays.com\/fi\/wp-json\/wp\/v2\/posts\/134222\/revisions"}],"wp:featuredmedia":[{"embeddable":true,"href":"https:\/\/www.europesays.com\/fi\/wp-json\/wp\/v2\/media\/134223"}],"wp:attachment":[{"href":"https:\/\/www.europesays.com\/fi\/wp-json\/wp\/v2\/media?parent=134222"}],"wp:term":[{"taxonomy":"category","embeddable":true,"href":"https:\/\/www.europesays.com\/fi\/wp-json\/wp\/v2\/categories?post=134222"},{"taxonomy":"post_tag","embeddable":true,"href":"https:\/\/www.europesays.com\/fi\/wp-json\/wp\/v2\/tags?post=134222"}],"curies":[{"name":"wp","href":"https:\/\/api.w.org\/{rel}","templated":true}]}}