{"id":134228,"date":"2026-01-05T17:17:08","date_gmt":"2026-01-05T17:17:08","guid":{"rendered":"https:\/\/www.europesays.com\/fi\/134228\/"},"modified":"2026-01-05T17:17:08","modified_gmt":"2026-01-05T17:17:08","slug":"adrian-smith-pohtii-miten-iron-maiden-on-vaikuttanut-soittoonsa-ja-miten-sivuprojektissa-operoiminen-eroaa-paabandista","status":"publish","type":"post","link":"https:\/\/www.europesays.com\/fi\/134228\/","title":{"rendered":"Adrian Smith pohtii, miten Iron Maiden on vaikuttanut soittoonsa &#8211; ja miten sivuprojektissa operoiminen eroaa p\u00e4\u00e4b\u00e4ndist\u00e4"},"content":{"rendered":"<p>Iron Maidenin pitk\u00e4aikainen kitaristi liittyi hevij\u00e4ttil\u00e4isen riveihin vuonna 1980 pian yhtyeen debyyttialbumin ilmestymisen j\u00e4lkeen ja on siit\u00e4 asti ollut \u2013 vuosien 1990-1999 v\u00e4list\u00e4 poissaoloaan lukuun ottamatta \u2013 yksi b\u00e4ndin ahkerimmista biisintekij\u00f6ist\u00e4. Hiljattain Eonmusicille antamassaan haastattelussa Smithilt\u00e4 kysyttiin, millainen vaikutus Iron Maideniin liittymisell\u00e4 oli tuolloin parikymppisen kitaristin soittamiseen.<\/p>\n<p>\u201dKun liityin, aloin todella tehd\u00e4 t\u00f6it\u00e4 soolojeni eteen. Sielt\u00e4 melodinen puoleni kumpuaa\u201d, <a href=\"https:\/\/www.ultimate-guitar.com\/news\/general_music_news\/thats-where-the-melodic-side-comes-from-adrian-smith-on-how-joining-iron-maiden-affected-his-playing-and-how-his-playing-style-fits-into-smithkotzen\" target=\"_blank\" rel=\"noreferrer noopener nofollow\">Smith tuumaa<\/a>.<\/p>\n<p>Vuonna 2020 Smith laittoi toisen pitk\u00e4n linjan kepitt\u00e4j\u00e4n, The Winery Dogs -kitaristi Ritchie Kotzenin kanssa pystyyn Smith\/Kotzen-sivuprojektin, joka soittaa vahvasti bluesiin nojaavaa hard rockia. Smithin mukaan h\u00e4nen l\u00e4hestymistapansa sooloihin ei kuitenkaan eroa Smith\/Kotzenissa lopulta suuresti siit\u00e4, miten h\u00e4n soittaa Maideniss\u00e4.<\/p>\n<p>\u201dTietenkin se, mink\u00e4 p\u00e4\u00e4lle soitetaan, on erilaista. Varsinkin nopeudeltaan, joka on Maideniss\u00e4 hieman rivakampaa. Soundi on kuitenkin sama, koska se l\u00e4htee k\u00e4sist\u00e4. Mutta ehk\u00e4 [Smith\/Kotzenissa] bluesimpi puoleni tulee hieman enemm\u00e4n esille\u201d, Smith sanoo.<\/p>\n<p>Lue my\u00f6s: <a href=\"https:\/\/www.soundi.fi\/uutiset\/adrian-smith-kertoo-iron-maidenin-savellysprosessista-ja-miten-inspiraatio-voi-loytya-yllattavista-asioista\/\" title=\"Adrian Smith kertoo Iron Maidenin s\u00e4vellysprosessista ja miten inspiraatio voi l\u00f6yty\u00e4 yll\u00e4tt\u00e4vist\u00e4 asioista\" class=\"underline-custom !font-montserrat !font-bold !underline-offset-4 !decoration-4 !decoration-tilt-light\" rel=\"nofollow noopener\" target=\"_blank\">Adrian Smith kertoo Iron Maidenin s\u00e4vellysprosessista ja miten inspiraatio voi l\u00f6yty\u00e4 yll\u00e4tt\u00e4vist\u00e4 asioista<\/a><\/p>\n<p>Suurin ero Maidenin ja Smith\/Kotzenin v\u00e4lill\u00e4 on Adrianin mukaan siin\u00e4, miten biisej\u00e4 tehd\u00e4\u00e4n.<\/p>\n<p>\u201dT\u00e4n\u00e4 p\u00e4iv\u00e4n\u00e4 Maiden \u00e4\u00e4nitt\u00e4\u00e4 studiossa liven\u00e4. Emme edes treenaa \u2013 joku tuo biisin, soitamme sen muutaman kerran ja sitten tuottaja toteaa: \u2019Se oli siin\u00e4.\u2019 Richien kanssa me istumme alas kaksistaan ilman tuottajia tai ket\u00e4\u00e4n muuta ja rakennamme biisin valmiiksi yleens\u00e4 demon pohjalta. Rakennamme, rakennamme ja rakennamme, kunnes siit\u00e4 tulee se lopullinen tuotos, jonka kuulet. Mutta sen el\u00e4m\u00e4 sai alkunsa jomman kumman kovalevylt\u00e4.\u201d<\/p>\n<p><img loading=\"lazy\" decoding=\"async\" alt=\"YouTube video\" width=\"480\" height=\"360\" data-pin-nopin=\"true\" nopin=\"nopin\" class=\"perfmatters-lazy\" src=\"https:\/\/www.europesays.com\/fi\/wp-content\/uploads\/2026\/01\/1767633428_453_hqdefault.jpg\"\/><\/p>\n<p>Lue my\u00f6s: <a href=\"https:\/\/www.soundi.fi\/uutiset\/iron-maiden-kitaristi-muisteli-koesoittoaan-toisen-brittilegendan-riveihin-kuulostimme-hyvalta\/\" title=\"Iron Maiden -kitaristi muisteli koesoittoaan toisen brittilegendan riveihin \u2013 \u201dKuulostimme hyv\u00e4lt\u00e4\u201d\" class=\"underline-custom !font-montserrat !font-bold !underline-offset-4 !decoration-4 !decoration-tilt-light\" rel=\"nofollow noopener\" target=\"_blank\">Iron Maiden -kitaristi muisteli koesoittoaan toisen brittilegendan riveihin \u2013 \u201dKuulostimme hyv\u00e4lt\u00e4\u201d<\/a><\/p>\n<p>Lue my\u00f6s: <a href=\"https:\/\/www.soundi.fi\/uutiset\/adrian-smith-nimeaa-yhden-suosikkibiisinsa-iron-maidenin-tuotannosta-valinta-voi-yllattaa\/\" title=\"Adrian Smith nime\u00e4\u00e4 yhden suosikkibiisins\u00e4 Iron Maidenin tuotannosta \u2013 valinta voi yll\u00e4tt\u00e4\u00e4\" class=\"underline-custom !font-montserrat !font-bold !underline-offset-4 !decoration-4 !decoration-tilt-light\" rel=\"nofollow noopener\" target=\"_blank\">Adrian Smith nime\u00e4\u00e4 yhden suosikkibiisins\u00e4 Iron Maidenin tuotannosta \u2013 valinta voi yll\u00e4tt\u00e4\u00e4<\/a><\/p>\n<p>Lue my\u00f6s: <a href=\"https:\/\/www.soundi.fi\/uutiskirje\/\" title=\"Tilaa Soundin uutiskirje\" class=\"underline-custom !font-montserrat !font-bold !underline-offset-4 !decoration-4 !decoration-red-600 !text-md\" rel=\"nofollow noopener\" target=\"_blank\">Tilaa Soundin uutiskirje ja tied\u00e4t mist\u00e4 kahvitauolla puhutaan! Nappaa ajankohtaiset musiikin uutiset ja puheenaiheet suoraan s\u00e4hk\u00f6postiin t\u00e4st\u00e4.<\/a><\/p>\n","protected":false},"excerpt":{"rendered":"Iron Maidenin pitk\u00e4aikainen kitaristi liittyi hevij\u00e4ttil\u00e4isen riveihin vuonna 1980 pian yhtyeen debyyttialbumin ilmestymisen j\u00e4lkeen ja on siit\u00e4 asti&hellip;\n","protected":false},"author":2,"featured_media":35943,"comment_status":"","ping_status":"","sticky":false,"template":"","format":"standard","meta":{"footnotes":""},"categories":[132],"tags":[137,33,31,30,195,47,32,109],"class_list":{"0":"post-134228","1":"post","2":"type-post","3":"status-publish","4":"format-standard","5":"has-post-thumbnail","7":"category-musiikki","8":"tag-entertainment","9":"tag-fi","10":"tag-finland","11":"tag-finnish","12":"tag-music","13":"tag-musiikki","14":"tag-suomi","15":"tag-viihde"},"share_on_mastodon":{"url":"https:\/\/pubeurope.com\/@fi\/115843631935494035","error":""},"_links":{"self":[{"href":"https:\/\/www.europesays.com\/fi\/wp-json\/wp\/v2\/posts\/134228","targetHints":{"allow":["GET"]}}],"collection":[{"href":"https:\/\/www.europesays.com\/fi\/wp-json\/wp\/v2\/posts"}],"about":[{"href":"https:\/\/www.europesays.com\/fi\/wp-json\/wp\/v2\/types\/post"}],"author":[{"embeddable":true,"href":"https:\/\/www.europesays.com\/fi\/wp-json\/wp\/v2\/users\/2"}],"replies":[{"embeddable":true,"href":"https:\/\/www.europesays.com\/fi\/wp-json\/wp\/v2\/comments?post=134228"}],"version-history":[{"count":0,"href":"https:\/\/www.europesays.com\/fi\/wp-json\/wp\/v2\/posts\/134228\/revisions"}],"wp:featuredmedia":[{"embeddable":true,"href":"https:\/\/www.europesays.com\/fi\/wp-json\/wp\/v2\/media\/35943"}],"wp:attachment":[{"href":"https:\/\/www.europesays.com\/fi\/wp-json\/wp\/v2\/media?parent=134228"}],"wp:term":[{"taxonomy":"category","embeddable":true,"href":"https:\/\/www.europesays.com\/fi\/wp-json\/wp\/v2\/categories?post=134228"},{"taxonomy":"post_tag","embeddable":true,"href":"https:\/\/www.europesays.com\/fi\/wp-json\/wp\/v2\/tags?post=134228"}],"curies":[{"name":"wp","href":"https:\/\/api.w.org\/{rel}","templated":true}]}}