{"id":13424,"date":"2025-08-22T19:29:10","date_gmt":"2025-08-22T19:29:10","guid":{"rendered":"https:\/\/www.europesays.com\/fi\/13424\/"},"modified":"2025-08-22T19:29:10","modified_gmt":"2025-08-22T19:29:10","slug":"hs-mira-luoti-rikkoo-hiljaisuuden","status":"publish","type":"post","link":"https:\/\/www.europesays.com\/fi\/13424\/","title":{"rendered":"HS: Mira Luoti rikkoo hiljaisuuden"},"content":{"rendered":"<p>Helsingin Sanomat on saanut haltuunsa Mira Luodille l\u00e4hetetyn s\u00e4hk\u00f6postiviestin, jossa h\u00e4nelle ehdotetaan maksua vaikenemisesta.<\/p>\n<p><img decoding=\"async\" class=\"image image-show image-preview\" src=\"https:\/\/www.europesays.com\/fi\/wp-content\/uploads\/2025\/08\/7aa8fb0e0aa98f6e1040243a468642b6621f6e5d894b5a72773e3c8bf256f4dd.jpg\" alt=\"\"\/><img decoding=\"async\" class=\"image image-show\" src=\"https:\/\/www.europesays.com\/fi\/wp-content\/uploads\/2025\/08\/1755777428_264_7aa8fb0e0aa98f6e1040243a468642b6621f6e5d894b5a72773e3c8bf256f4dd.jpg\" alt=\"\"\/><\/p>\n<p>Mira Luoti kommentoi Helsingin Sanomille viimeaikaista kohua. Yle<\/p>\n<p class=\"paragraph\">Artisti <strong>Mira Luoti<\/strong> kommentoi ensimm\u00e4ist\u00e4 kertaa julkisesti Julkkisselviytyj\u00e4t-ohjelman ymp\u00e4rill\u00e4 vellovaa kohua.<\/p>\n<p class=\"paragraph\">Luoti vahvistaa <a href=\"https:\/\/www.hs.fi\/kulttuuri\/art-2000011443225.html\" target=\"_blank\" rel=\"noopener nofollow\">Helsingin Sanomille<\/a>, ett\u00e4 ohjelmaa tuottanut Warner Bros. ehdotti h\u00e4nelle 1 500 euron korvausta ohjelman kuvauksissa sattuneista \u201dik\u00e4vist\u00e4 tilanteista\u201d.<\/p>\n<p class=\"paragraph\">\u2013 Olin siin\u00e4 vaiheessa jo tienannut sen verran, ett\u00e4 1\u202f500 euroa ei olisi ollut siihen riitt\u00e4v\u00e4 raha. El\u00e4m\u00e4ss\u00e4 oli silloin kaikenlaista, en jaksanut riidell\u00e4, h\u00e4n sanoo lehdelle.<\/p>\n<p class=\"paragraph\">Luoti kertoo lehdelle, ett\u00e4 tuotantoyhti\u00f6 oli pahoitellut h\u00e4nelle keskiviikkona, kuinka laulaja j\u00e4tettiin aikoinaan yksin. Luodin mukaan Warnerin toimitusjohtaja v\u00e4litti kuitenkin anteeksipyynn\u00f6n kanssa ristiriitaista viesti\u00e4.<\/p>\n<p>Mira Luoti kertoi avoimesti kokemastaan seksuaalisesta v\u00e4kivallasta ohjelmassa, jonka nime\u00e4 h\u00e4n ei paljastanut. Yle<\/p>\n<p class=\"paragraph\">HS sai haltuunsa 12. syyskuuta 2016 l\u00e4hetetyn s\u00e4hk\u00f6postin, jossa summaa ehdotetaan Luodille. HS:n mukaan viestiss\u00e4 kerrotaan, ett\u00e4 Luodin ja h\u00e4nen kilpailijaparinsa vapaaottelija <strong>Makwan Amirkhanin<\/strong> v\u00e4lill\u00e4 on tapahtunut \u201djokin v\u00e4likohtaus\u201d.<\/p>\n<p class=\"paragraph\">\u2013 Olemme valmiita triplaamaan Miran palkkion t\u00e4st\u00e4 ohjelmasta ja h\u00e4n voisi laskuttaa 1500 \u20ac. Toivon, ett\u00e4 menettely ja ehdotus tyydytt\u00e4\u00e4 sek\u00e4 poistaa asian p\u00e4iv\u00e4j\u00e4rjestyksest\u00e4. Olemme edelleen pahoillamme ett\u00e4 h\u00e4n joutui ik\u00e4viin tilanteisiin Makwanin taholta, viestiss\u00e4 lukee HS:n mukaan.<\/p>\n<p>Mist\u00e4 on kyse?<\/p>\n<p class=\"paragraph\">Aiemmin t\u00e4ll\u00e4 viikolla Luoti kertoi Ylen viel\u00e4 julkaisua odottavassa PMMP keikalla: Ei en\u00e4\u00e4 ikin\u00e4 -dokumentissa kokeneensa seksuaalista v\u00e4kivaltaa viihdeohjelman kuvauksissa.<\/p>\n<p class=\"paragraph\"><a href=\"https:\/\/www.hs.fi\/kulttuuri\/art-2000011435766.html\" target=\"_blank\" rel=\"noopener nofollow\">Helsingin Sanomat<\/a> uutisoi my\u00f6hemmin, ett\u00e4 kyseinen ohjelma on Julkkisselviytyj\u00e4t, jossa osallistujat vietiin kahdeksi y\u00f6ksi ja kolmeksi p\u00e4iv\u00e4ksi selviytym\u00e4\u00e4n Nuuksion mets\u00e4\u00e4n syksyll\u00e4 2016.<\/p>\n<p class=\"paragraph\">Ohjelmaa on esitt\u00e4nyt Nelonen ja sen on tuottanut Warner Bros. International Television Production Finland.<\/p>\n","protected":false},"excerpt":{"rendered":"Helsingin Sanomat on saanut haltuunsa Mira Luodille l\u00e4hetetyn s\u00e4hk\u00f6postiviestin, jossa h\u00e4nelle ehdotetaan maksua vaikenemisesta. Mira Luoti kommentoi Helsingin&hellip;\n","protected":false},"author":2,"featured_media":12095,"comment_status":"","ping_status":"","sticky":false,"template":"","format":"standard","meta":{"footnotes":""},"categories":[130],"tags":[35,138,137,33,31,30,47,979,32,140,139,109],"class_list":{"0":"post-13424","1":"post","2":"type-post","3":"status-publish","4":"format-standard","5":"has-post-thumbnail","7":"category-viihde","8":"tag-24h","9":"tag-audio","10":"tag-entertainment","11":"tag-fi","12":"tag-finland","13":"tag-finnish","14":"tag-musiikki","15":"tag-sahkoinen-media","16":"tag-suomi","17":"tag-tv-ja-elokuvat","18":"tag-tv-ohjelmat","19":"tag-viihde"},"share_on_mastodon":{"url":"","error":""},"_links":{"self":[{"href":"https:\/\/www.europesays.com\/fi\/wp-json\/wp\/v2\/posts\/13424","targetHints":{"allow":["GET"]}}],"collection":[{"href":"https:\/\/www.europesays.com\/fi\/wp-json\/wp\/v2\/posts"}],"about":[{"href":"https:\/\/www.europesays.com\/fi\/wp-json\/wp\/v2\/types\/post"}],"author":[{"embeddable":true,"href":"https:\/\/www.europesays.com\/fi\/wp-json\/wp\/v2\/users\/2"}],"replies":[{"embeddable":true,"href":"https:\/\/www.europesays.com\/fi\/wp-json\/wp\/v2\/comments?post=13424"}],"version-history":[{"count":0,"href":"https:\/\/www.europesays.com\/fi\/wp-json\/wp\/v2\/posts\/13424\/revisions"}],"wp:featuredmedia":[{"embeddable":true,"href":"https:\/\/www.europesays.com\/fi\/wp-json\/wp\/v2\/media\/12095"}],"wp:attachment":[{"href":"https:\/\/www.europesays.com\/fi\/wp-json\/wp\/v2\/media?parent=13424"}],"wp:term":[{"taxonomy":"category","embeddable":true,"href":"https:\/\/www.europesays.com\/fi\/wp-json\/wp\/v2\/categories?post=13424"},{"taxonomy":"post_tag","embeddable":true,"href":"https:\/\/www.europesays.com\/fi\/wp-json\/wp\/v2\/tags?post=13424"}],"curies":[{"name":"wp","href":"https:\/\/api.w.org\/{rel}","templated":true}]}}