{"id":134246,"date":"2026-01-05T17:40:09","date_gmt":"2026-01-05T17:40:09","guid":{"rendered":"https:\/\/www.europesays.com\/fi\/134246\/"},"modified":"2026-01-05T17:40:09","modified_gmt":"2026-01-05T17:40:09","slug":"bim-tietomalli-on-rakennuksen-digitaalinen-kaksonen-centria-kokoaa-rakennusalan-yritykset-ulkomaita-myoten-ylivieskaan","status":"publish","type":"post","link":"https:\/\/www.europesays.com\/fi\/134246\/","title":{"rendered":"BIM-tietomalli on rakennuksen digitaalinen kaksonen \u2013 Centria kokoaa rakennusalan yritykset ulkomaita my\u00f6ten Ylivieskaan"},"content":{"rendered":"<p>                                  Paikallisuutiset<\/p>\n<dl class=\"authorbox__creator--dl authorbox__creator--dl--top\">\n<dt class=\"authorbox__creator--name\">\n      Kalajokilaakso\n    <\/dt>\n<dd class=\"authorbox__creator--description\">Kalajokilaakso<\/dd>\n<\/dl>\n<p>      MAINOS &#8211; juttu jatkuu mainoksen j\u00e4lkeen<\/p>\n<p>      MAINOS &#8211; mainos p\u00e4\u00e4ttyy<\/p>\n<p class=\"ew-body\">Centria-ammattikorkeakoulu kokoaa rakennusalan kansainv\u00e4liset yritykset 4. helmikuuta BIM-demonstraatiop\u00e4iv\u00e4\u00e4n Ylivieskan kampukselle.<\/p>\n<p class=\"ew-body\">Rakennusala on tunnetusti keskell\u00e4 voimakasta murrosta. Digitaaliset tietomallit, robotiikka, automaatio ja lis\u00e4tty todellisuus eiv\u00e4t ole en\u00e4\u00e4 kokeiluja tai visioita <\/p>\n<p>  <a class=\"btn btn-secondary btn-icon-left\" href=\"#coral_thread\"><br \/>\n    <img decoding=\"async\" src=\"https:\/\/www.kalajokilaakso.fi\/wp-content\/themes\/hilla-theme\/assets\/img\/icon_comments.svg\" alt=\"\"\/><br \/>\n    Kommentoi<br \/>\n    \u00a0(0)<br \/>\n  <\/a><\/p>\n<p>  <a class=\"btn btn-secondary btn-icon-left mailto_web\" href=\"mailto:toimitus@kalajokilaakso.fi?subject=Ilmoita%20asiavirheest%C3%A4&amp;body=Otsikko%3A%20BIM-tietomalli%20on%20rakennuksen%20digitaalinen%20kaksonen%20%E2%80%93%20Centria%20kokoaa%20rakennusalan%20yritykset%20ulkomaita%20my%C3%B6ten%20Ylivieskaan%20%0AUuid%3A%20feb02cc2-136b-49c8-a837-3d3eb66fbfc5%0AUrl%3A%20https%3A%2F%2Fwww.kalajokilaakso.fi%2Fartikkeli%2Fbim-tietomalli-on-rakennuksen-digitaalinen-kaksonen-centria-kokoaa-rakennusalan-yritykset-ulkomait\"><br \/>\n    <img decoding=\"async\" src=\"https:\/\/www.kalajokilaakso.fi\/wp-content\/themes\/hilla-theme\/assets\/img\/icon_feedback.svg\" alt=\"\"\/><br \/>\n    Ilmoita asiavirheest\u00e4<br \/>\n  <\/a><\/p>\n","protected":false},"excerpt":{"rendered":"Paikallisuutiset Kalajokilaakso Kalajokilaakso MAINOS &#8211; juttu jatkuu mainoksen j\u00e4lkeen MAINOS &#8211; mainos p\u00e4\u00e4ttyy Centria-ammattikorkeakoulu kokoaa rakennusalan kansainv\u00e4liset yritykset&hellip;\n","protected":false},"author":2,"featured_media":134247,"comment_status":"","ping_status":"","sticky":false,"template":"","format":"standard","meta":{"footnotes":""},"categories":[135],"tags":[389,387,388,390,137,33,31,30,32,394,393,391,392,109],"class_list":{"0":"post-134246","1":"post","2":"type-post","3":"status-publish","4":"format-standard","5":"has-post-thumbnail","7":"category-taiteet-ja-suunnittelu","8":"tag-arts","9":"tag-arts-and-design","10":"tag-artsanddesign","11":"tag-design","12":"tag-entertainment","13":"tag-fi","14":"tag-finland","15":"tag-finnish","16":"tag-suomi","17":"tag-suunnittelu","18":"tag-taiteet","19":"tag-taiteet-ja-suunnittelu","20":"tag-taiteetsuunnittelu","21":"tag-viihde"},"share_on_mastodon":{"url":"https:\/\/pubeurope.com\/@fi\/115843722298098141","error":""},"_links":{"self":[{"href":"https:\/\/www.europesays.com\/fi\/wp-json\/wp\/v2\/posts\/134246","targetHints":{"allow":["GET"]}}],"collection":[{"href":"https:\/\/www.europesays.com\/fi\/wp-json\/wp\/v2\/posts"}],"about":[{"href":"https:\/\/www.europesays.com\/fi\/wp-json\/wp\/v2\/types\/post"}],"author":[{"embeddable":true,"href":"https:\/\/www.europesays.com\/fi\/wp-json\/wp\/v2\/users\/2"}],"replies":[{"embeddable":true,"href":"https:\/\/www.europesays.com\/fi\/wp-json\/wp\/v2\/comments?post=134246"}],"version-history":[{"count":0,"href":"https:\/\/www.europesays.com\/fi\/wp-json\/wp\/v2\/posts\/134246\/revisions"}],"wp:featuredmedia":[{"embeddable":true,"href":"https:\/\/www.europesays.com\/fi\/wp-json\/wp\/v2\/media\/134247"}],"wp:attachment":[{"href":"https:\/\/www.europesays.com\/fi\/wp-json\/wp\/v2\/media?parent=134246"}],"wp:term":[{"taxonomy":"category","embeddable":true,"href":"https:\/\/www.europesays.com\/fi\/wp-json\/wp\/v2\/categories?post=134246"},{"taxonomy":"post_tag","embeddable":true,"href":"https:\/\/www.europesays.com\/fi\/wp-json\/wp\/v2\/tags?post=134246"}],"curies":[{"name":"wp","href":"https:\/\/api.w.org\/{rel}","templated":true}]}}