{"id":134260,"date":"2026-01-05T17:53:09","date_gmt":"2026-01-05T17:53:09","guid":{"rendered":"https:\/\/www.europesays.com\/fi\/134260\/"},"modified":"2026-01-05T17:53:09","modified_gmt":"2026-01-05T17:53:09","slug":"venezuelan-todellinen-valta-on-tiedustelupalveluiden-paallikolla-vakivaltaisin-ja-arvaamattomin","status":"publish","type":"post","link":"https:\/\/www.europesays.com\/fi\/134260\/","title":{"rendered":"Venezuelan todellinen valta on tiedustelupalveluiden p\u00e4\u00e4llik\u00f6ll\u00e4 \u2013 \u201dV\u00e4kivaltaisin ja arvaamattomin\u201d"},"content":{"rendered":"<p>Sis\u00e4ministeri Diosdado Cabello kontrolloi tiedustelupalveluita, jotka YK:n mukaan ovat syyllistyneet rikoksiin ihmisyytt\u00e4 vastaan.<\/p>\n<p>Venezuelan presidentti Nicolas Maduro kuljetettiin maanantaina oikeuteen New Yorkissa.<\/p>\n<p>Lue tiivistelm\u00e4<\/p>\n<p class=\"article-body mb-nof-24 px-nof-16 sndp-summary-bullet-point-font\">Venezuelan todellinen valta on sis\u00e4ministeri Diosdado Cabellolla, joka kontrolloi tiedustelupalveluita, kertoo sotilasasiantuntija Reutersille.<\/p>\n<p class=\"article-body mb-nof-24 px-nof-16 sndp-summary-bullet-point-font\">YK:n mukaan Venezuelan tiedustelupalvelut ovat syyllistyneet rikoksiin ihmisyytt\u00e4 vastaan, mukaan lukien kidutukseen ja seksuaaliseen v\u00e4kivaltaan.<\/p>\n<p class=\"article-body mb-nof-24 px-nof-16 sndp-summary-bullet-point-font\">Presidentti Nicolas Maduron pid\u00e4tyksen j\u00e4lkeen valtapiiri vaikuttaa pysyv\u00e4n yhten\u00e4isen\u00e4, vaikka jotkut upseerit saattavat harkita puolen vaihtamista, Reuters kertoo.<\/p>\n<p class=\"article-body mb-nof-24 px-nof-16\">Venezuelan todellinen valta on yli vuosikymmenen ajan ollut pienen ja h\u00e4ik\u00e4ilem\u00e4tt\u00f6m\u00e4n piirin k\u00e4siss\u00e4. Toistaiseksi t\u00e4m\u00e4 sama valtapiiri vaikuttaisi pit\u00e4v\u00e4n yht\u00e4 valtatyhji\u00f6n yltyv\u00e4ss\u00e4 py\u00f6rteess\u00e4.<\/p>\n<p class=\"article-body mb-nof-24 px-nof-16\">Presidentti <a class=\"font-bold underline-offset-[0.12em] [text-decoration:var(--person-link-text-decoration)] ![text-decoration-color:var(--person-link-text-decoration-color)]\" href=\"https:\/\/www.is.fi\/haku\/?query=Nicolas%20Maduron\" rel=\"nofollow noopener\" target=\"_blank\">Nicolas Maduron<\/a> pid\u00e4tyksen j\u00e4lkeen katseiden kannattaisi kohdistua erityisesti maan sis\u00e4ministeri <a class=\"font-bold underline-offset-[0.12em] [text-decoration:var(--person-link-text-decoration)] ![text-decoration-color:var(--person-link-text-decoration-color)]\" href=\"https:\/\/www.is.fi\/haku\/?query=Diosdado%20Cabelloon\" rel=\"nofollow noopener\" target=\"_blank\">Diosdado Cabelloon<\/a>. N\u00e4in sanoo venezuelalainen sotilasasiantuntija <a class=\"font-bold underline-offset-[0.12em] [text-decoration:var(--person-link-text-decoration)] ![text-decoration-color:var(--person-link-text-decoration-color)]\" href=\"https:\/\/www.is.fi\/haku\/?query=Jose%20Garcia\" rel=\"nofollow noopener\" target=\"_blank\">Jose Garcia<\/a> uutistoimisto Reutersille.<\/p>\n<p class=\"article-body mb-nof-24 px-nof-16\">\u2013 H\u00e4n on Venezuelan hallinnon ideologisin, v\u00e4kivaltaisin ja arvaamattomin elementti.<\/p>\n<p><img decoding=\"async\" src=\"https:\/\/www.europesays.com\/fi\/wp-content\/uploads\/2026\/01\/1767635588_62_468.jpg\" alt=\"\" class=\"_Img_1rerz_1\" style=\"aspect-ratio:1.5035238841033673\" loading=\"eager\"\/><\/p>\n<p class=\"article-picture-caption\">Kuva:\u00a0Gaby Oraa \/ Reuters<\/p>\n<p class=\"article-body mb-nof-24 px-nof-16\">Cabello k\u00e4ytt\u00e4\u00e4 tunnetusti vaikutusvaltaansa maan armeijaan ja siviili- ja sotilastiedusteluvirastoihin. Virastot harjoittavat laajasti kotimaista vakoilua.<\/p>\n<p class=\"article-body mb-nof-24 px-nof-16\">YK:n mukaan molemmat virastot ovat syyllistyneet rikoksiin ihmisyytt\u00e4 vastaan, sill\u00e4 Venezuelassa on valtiojohtoisesti tukahdutettu toisinajattelijoita. Yksitoista entist\u00e4 poliittista vankia on raportoinut Reutersille s\u00e4hk\u00f6iskuista, vesikidutuksesta ja seksuaalisesta v\u00e4kivallasta jouduttuaan sotilastiedustelun k\u00e4sittelyyn.<\/p>\n<p class=\"article-body mb-nof-24 px-nof-16\">\u2013 He haluavat sinun tuntevan olevasi torakka norsujen h\u00e4kiss\u00e4 \u2013 ett\u00e4 he ovat sinua suurempia, sanoo entinen sotilastiedustelun agentti, joka pid\u00e4tettiin ja jota syytettiin maanpetoksesta vuonna 2020.<\/p>\n<p><img decoding=\"async\" src=\"https:\/\/www.europesays.com\/fi\/wp-content\/uploads\/2026\/01\/1767635589_725_468.jpg\" alt=\"Maduron varapresidentti Delcy Rodriguez on julistanut pid\u00e4tetyn presidentin olevan yh\u00e4 Venezuelan laillillinen johtaja.\" class=\"_Img_1rerz_1\" style=\"aspect-ratio:1.5011727912431587\" loading=\"eager\"\/><\/p>\n<p class=\"article-picture-caption\">Maduron varapresidentti Delcy Rodriguez on julistanut pid\u00e4tetyn presidentin olevan yh\u00e4 Venezuelan laillillinen johtaja. Kuva:\u00a0Leonardo Fernandez Viloria \/ Reuters<\/p>\n<p class=\"article-body mb-nof-24 px-nof-16\">Venezuelan valtapiiriss\u00e4 vallitsee siviili- ja sotilaspuolen tasapaino. Jokaisella j\u00e4senell\u00e4 on omat etunsa ja suojeluksensa.<\/p>\n<p class=\"article-body mb-nof-24 px-nof-16\">T\u00e4ll\u00e4 hetkell\u00e4 varapresidentti <a class=\"font-bold underline-offset-[0.12em] [text-decoration:var(--person-link-text-decoration)] ![text-decoration-color:var(--person-link-text-decoration-color)]\" href=\"https:\/\/www.is.fi\/haku\/?query=Delcy%20Rodriguez\" rel=\"nofollow noopener\" target=\"_blank\">Delcy Rodriguez<\/a> ja h\u00e4nen veljens\u00e4, Venezuelan parlamentin eli kansalliskokouksen johtaja <a class=\"font-bold underline-offset-[0.12em] [text-decoration:var(--person-link-text-decoration)] ![text-decoration-color:var(--person-link-text-decoration-color)]\" href=\"https:\/\/www.is.fi\/haku\/?query=Jorge%20Rodriguez\" rel=\"nofollow noopener\" target=\"_blank\">Jorge Rodriguez <\/a>edustavat niin kutsuttua siviilipuolta. Puolustusministeri <a class=\"font-bold underline-offset-[0.12em] [text-decoration:var(--person-link-text-decoration)] ![text-decoration-color:var(--person-link-text-decoration-color)]\" href=\"https:\/\/www.is.fi\/haku\/?query=Vladimir%20Padrino\" rel=\"nofollow noopener\" target=\"_blank\">Vladimir Padrino <\/a>ja Cabello edustavat sotilaspuolta.<\/p>\n<p class=\"article-body mb-nof-24 px-nof-16\">Perustuslain mukaan Rodriguez nousee v\u00e4liaikaiseksi presidentiksi Maduron poissa ollessa. Maan korkein oikeus m\u00e4\u00e4r\u00e4si h\u00e4net teht\u00e4v\u00e4\u00e4n lauantai-iltana. Trump on sanonut <a class=\"underline underline-offset-[0.12em] [text-decoration-thickness:var(--generic-link-underline-thickness)] [text-decoration-color:var(--generic-link-underline-color)] [text-decoration-skip-ink:var(--generic-link-underline-skip-ink)] break-words\" href=\"https:\/\/nypost.com\/2026\/01\/03\/us-news\/trump-says-us-troops-wont-be-in-venezuela-if-nicolas-maduro-vp-delcy-rodriguez-does-what-we-want\/\" rel=\"nofollow noopener\" target=\"_blank\">New York Postille<\/a>, ett\u00e4 niin kauan, kun Rodriguez tekee mit\u00e4 k\u00e4sket\u00e4\u00e4n, Yhdysvallat ei l\u00e4het\u00e4 joukkojaan maahan. Samalla h\u00e4n kuitenkin v\u00e4l\u00e4ytteli jo iskujen \u201dtoista aaltoa\u201d.<\/p>\n<p class=\"article-body mb-nof-24 px-nof-16\">Pian sen j\u00e4lkeen Rodriguez ilmestyi valtion televisioon veljens\u00e4, Cabellon ja Padrinon ymp\u00e4r\u00f6im\u00e4n\u00e4. H\u00e4n sanoi, ett\u00e4 Maduro on edelleen Venezuelan ainoa presidentti.<\/p>\n<p class=\"article-body mb-nof-24 px-nof-16\">Yhteinen esiintyminen osoitti, ett\u00e4 Maduron kanssa valtaa jakanut ryhm\u00e4 pysyy yhten\u00e4isen\u00e4 \u2013 ainakin toistaiseksi.<\/p>\n<p><img decoding=\"async\" src=\"https:\/\/www.europesays.com\/fi\/wp-content\/uploads\/2026\/01\/1767635589_977_468.jpg\" alt=\"Venezuelan parlamentin eli kansalliskokouksen johtaja Jorge Rodriguez kuvattuna joulukuussa.\" class=\"_Img_1rerz_1\" style=\"aspect-ratio:1.5\" loading=\"eager\"\/><\/p>\n<p class=\"article-picture-caption\">Venezuelan parlamentin eli kansalliskokouksen johtaja Jorge Rodriguez kuvattuna joulukuussa. Kuva:\u00a0Leonardo Fernandez Viloria \/ Reuters<\/p>\n<p class=\"article-body mb-nof-24 px-nof-16\">Cabello on entinen sotilasupseeri ja sosialistipuolueen merkitt\u00e4v\u00e4 toimija. H\u00e4nell\u00e4 on merkitt\u00e4v\u00e4sti valtaa my\u00f6s asevoimissa. Venezuelan armeijaa on kuitenkin virallisesti johtanut puolustusministeri Padrino yli kymmenen vuoden ajan.<\/p>\n<p class=\"article-body mb-nof-24 px-nof-16\">Venezuelassa on jopa 2\u202f000 kenraalia ja amiraalia. M\u00e4\u00e4r\u00e4 on yli kaksinkertainen Yhdysvaltoihin verrattuna. Korkea-arvoiset ja el\u00e4kkeell\u00e4 olevat upseerit kontrolloivat ruoanjakelua, raaka-aineita ja valtion \u00f6ljy-yhti\u00f6 PDVSA:ta.<\/p>\n<p class=\"article-body mb-nof-24 px-nof-16\">Kymmenet kenraalit istuvat yksityisten yritysten hallituksissa. Venezuelasta paenneiden sek\u00e4 nykyisten ett\u00e4 entisten yhdysvaltalaisten tutkijoiden mukaan sotilasviranomaiset hy\u00f6tyv\u00e4t lis\u00e4ksi laittomasta kaupasta.<\/p>\n<p class=\"article-body mb-nof-24 px-nof-16\">Oppositiol\u00e4hteiden mukaan Cabellolle ja Padrinolle l\u00e4heiset komentajat on sijoitettu keskeisiin prikaateihin Venezuelan rajoilla ja teollisuus\u00adkeskittymiss\u00e4. Prikaatit sijaitsevat taktisesti t\u00e4rkeiden paikkojen lis\u00e4ksi merkitt\u00e4vien salakuljetusreittien varrella.<\/p>\n<p class=\"article-body mb-nof-24 px-nof-16\">\u2013 Venezuelan armeijassa on noin 20\u201350 upseeria, jotka pit\u00e4\u00e4 poistaa \u2013 todenn\u00e4k\u00f6isesti viel\u00e4 enemm\u00e4n, jotta t\u00e4m\u00e4 hallinto saadaan t\u00e4ysin kaadettua, sanoo Reutersille nimet\u00f6n asianajaja, joka on aiemmin edustanut Venezuelan korkea-arvoista virkamiest\u00e4.<\/p>\n<p><img decoding=\"async\" src=\"https:\/\/www.europesays.com\/fi\/wp-content\/uploads\/2026\/01\/1767635589_149_468.jpg\" alt=\"Puolustusministeri Vladimir Padrino on virallisesti johtanut Venezuelan armeijaa yli kymmenen vuoden ajan.\" class=\"_Img_1rerz_1\" style=\"aspect-ratio:1.5011727912431587\" loading=\"eager\"\/><\/p>\n<p class=\"article-picture-caption\">Puolustusministeri Vladimir Padrino on virallisesti johtanut Venezuelan armeijaa yli kymmenen vuoden ajan. Kuva:\u00a0Leonardo Fernandez Viloria \/ Reuters<\/p>\n<p class=\"article-body mb-nof-24 px-nof-16\">Jotkut saattavat harkita puolen vaihtamista. Asianajajan mukaan noin tusina entist\u00e4 virkamiest\u00e4 ja nykyist\u00e4 kenraalia oli h\u00e4neen yhteydess\u00e4 Maduron pid\u00e4tyksen j\u00e4lkeen.<\/p>\n<p class=\"article-body mb-nof-24 px-nof-16\">He mahdollisesti toivovat, ett\u00e4 lavertelemalla tiedustelutietoja he saavat Yhdysvalloilta turvallisemman kulkuv\u00e4yl\u00e4n tai oikeudellisen koskemattomuuden.<\/p>\n<p class=\"article-body mb-nof-24 px-nof-16\">Cabellon l\u00e4hipiirin mukaan h\u00e4n ei kuitenkaan ole t\u00e4ll\u00e4 hetkell\u00e4 kiinnostunut sopimuksen tekemisest\u00e4, asianajaja sanoi.<\/p>\n<p class=\"article-body mb-nof-24 px-nof-16\">\u2013 Voit poistaa niin monta Venezuelan hallinnon palasta kuin haluat, mutta sen pit\u00e4isi olla useita toimijoita eri tasoilla, jotta pakka liikkuisi, sanoo entinen yhdysvaltalainen virkamies, joka on ollut mukana Venezuelan rikostutkimuksissa.<\/p>\n<p><img decoding=\"async\" src=\"https:\/\/www.europesays.com\/fi\/wp-content\/uploads\/2026\/01\/1767635589_809_468.jpg\" alt=\"Vuoden 2025 Nobelin rauhanpalkinnon saanut Maria Corina Machado vaikuttaisin Trumpin puheiden perusteella j\u00e4\u00e4v\u00e4n valtapelin ulkopuolelle.\" class=\"_Img_1rerz_1\" style=\"aspect-ratio:1.37240886347391\" loading=\"eager\"\/><\/p>\n<p class=\"article-picture-caption\">Vuoden 2025 Nobelin rauhanpalkinnon saanut Maria Corina Machado vaikuttaisin Trumpin puheiden perusteella j\u00e4\u00e4v\u00e4n valtapelin ulkopuolelle. Kuva:\u00a0Leonhard Foeger \/ Reuters<\/p>\n<p class=\"article-body mb-nof-24 px-nof-16\">Ent\u00e4p\u00e4 sitten Nobel-palkittu oppositiojohtaja <a class=\"font-bold underline-offset-[0.12em] [text-decoration:var(--person-link-text-decoration)] ![text-decoration-color:var(--person-link-text-decoration-color)]\" href=\"https:\/\/www.is.fi\/haku\/?query=Maria%20Corina%20Machado\" rel=\"nofollow noopener\" target=\"_blank\">Maria Corina Machado<\/a>, joka on mielletty toivonkipin\u00e4ksi diktatuurin runtelemaan maahan?<\/p>\n<p class=\"article-body mb-nof-24 px-nof-16\">Yhdysvaltain presidentti Donald Trump vaikutti lauantaina julkisesti poissulkevan yhteisty\u00f6n Machadon kanssa. H\u00e4n v\u00e4itti ettei naisella ole riitt\u00e4v\u00e4sti tukea Venezuelan sis\u00e4ll\u00e4.<\/p>\n<p class=\"article-body mb-nof-24 px-nof-16\">Machado estettiin asettumasta ehdolle Venezuelan vuoden 2024 vaaleissa. Kansainv\u00e4listen tarkkailijoiden mukaan h\u00e4nen tilalleen asetettu ehdokas voitti vaalit ylivoimaisesti, vaikka Maduron hallinto julisti itse itsens\u00e4 voittajaksi.<\/p>\n","protected":false},"excerpt":{"rendered":"Sis\u00e4ministeri Diosdado Cabello kontrolloi tiedustelupalveluita, jotka YK:n mukaan ovat syyllistyneet rikoksiin ihmisyytt\u00e4 vastaan. Venezuelan presidentti Nicolas Maduro kuljetettiin&hellip;\n","protected":false},"author":2,"featured_media":134261,"comment_status":"","ping_status":"","sticky":false,"template":"","format":"standard","meta":{"footnotes":""},"categories":[5],"tags":[22,23,26,27,33,31,30,17,34,24,25,28,29,15,18,21,32,19,20,16],"class_list":{"0":"post-134260","1":"post","2":"type-post","3":"status-publish","4":"format-standard","5":"has-post-thumbnail","7":"category-otsikot","8":"tag-breaking-news","9":"tag-breakingnews","10":"tag-featured-news","11":"tag-featurednews","12":"tag-fi","13":"tag-finland","14":"tag-finnish","15":"tag-headlines","16":"tag-ilta-sanomat","17":"tag-latest-news","18":"tag-latestnews","19":"tag-main-news","20":"tag-mainnews","21":"tag-news","22":"tag-otsikot","23":"tag-paauutiset","24":"tag-suomi","25":"tag-top-stories","26":"tag-topstories","27":"tag-uutiset"},"share_on_mastodon":{"url":"https:\/\/pubeurope.com\/@fi\/115843773496800028","error":""},"_links":{"self":[{"href":"https:\/\/www.europesays.com\/fi\/wp-json\/wp\/v2\/posts\/134260","targetHints":{"allow":["GET"]}}],"collection":[{"href":"https:\/\/www.europesays.com\/fi\/wp-json\/wp\/v2\/posts"}],"about":[{"href":"https:\/\/www.europesays.com\/fi\/wp-json\/wp\/v2\/types\/post"}],"author":[{"embeddable":true,"href":"https:\/\/www.europesays.com\/fi\/wp-json\/wp\/v2\/users\/2"}],"replies":[{"embeddable":true,"href":"https:\/\/www.europesays.com\/fi\/wp-json\/wp\/v2\/comments?post=134260"}],"version-history":[{"count":0,"href":"https:\/\/www.europesays.com\/fi\/wp-json\/wp\/v2\/posts\/134260\/revisions"}],"wp:featuredmedia":[{"embeddable":true,"href":"https:\/\/www.europesays.com\/fi\/wp-json\/wp\/v2\/media\/134261"}],"wp:attachment":[{"href":"https:\/\/www.europesays.com\/fi\/wp-json\/wp\/v2\/media?parent=134260"}],"wp:term":[{"taxonomy":"category","embeddable":true,"href":"https:\/\/www.europesays.com\/fi\/wp-json\/wp\/v2\/categories?post=134260"},{"taxonomy":"post_tag","embeddable":true,"href":"https:\/\/www.europesays.com\/fi\/wp-json\/wp\/v2\/tags?post=134260"}],"curies":[{"name":"wp","href":"https:\/\/api.w.org\/{rel}","templated":true}]}}