{"id":134270,"date":"2026-01-05T18:13:07","date_gmt":"2026-01-05T18:13:07","guid":{"rendered":"https:\/\/www.europesays.com\/fi\/134270\/"},"modified":"2026-01-05T18:13:07","modified_gmt":"2026-01-05T18:13:07","slug":"lukas-dostalista-on-tulossa-nhlssa-supertahti-luottomies-tampereelta-kertoo-miksi","status":"publish","type":"post","link":"https:\/\/www.europesays.com\/fi\/134270\/","title":{"rendered":"Luk\u00e1\u0161 Dost\u00e1lista on tulossa NHL:ss\u00e4 supert\u00e4hti \u2013 luotto\u00admies Tampereelta kertoo, miksi"},"content":{"rendered":"<p>Ilveksest\u00e4 tuttu Luk\u00e1\u0161 Dost\u00e1l on rakentanut nousuaan NHL:n ter\u00e4vimm\u00e4lle huipulle Markus Korhosen kanssa.<\/p>\n<p class=\"article-body mb-nof-24 px-nof-16\">Aamulehti<\/p>\n<p class=\"article-body mb-nof-24 px-nof-16\">Vezina-palkinto kuuluu j\u00e4\u00e4kiekon maineikkaimpiin tunnustuksiin. Se on jaettu jo kaudesta 1926\u20131927 l\u00e4htien NHL:n kauden parhaalle maalivahdille.<\/p>\n<p class=\"article-body mb-nof-24 px-nof-16\">Syksyll\u00e4 Vezina-kisaan ilmaantui yll\u00e4tt\u00e4en Tampereelta tuttu kasvo.<\/p>\n<p class=\"article-body mb-nof-24 px-nof-16\"><a class=\"font-bold underline-offset-[0.12em] [text-decoration:var(--person-link-text-decoration)] ![text-decoration-color:var(--person-link-text-decoration-color)]\" href=\"https:\/\/www.aamulehti.fi\/haku\/?query=Luk%C3%A1%C5%A1%20Dost%C3%A1l\" rel=\"nofollow noopener\" target=\"_blank\">Luk\u00e1\u0161 Dost\u00e1l<\/a> on vartioinut Anaheim Ducksin maalia loistavin ottein. 25-vuotias Ilveksen entinen torjuja on ollut keskeisi\u00e4 palasia Ankkojen kaikki odotukset ylitt\u00e4neess\u00e4 alkukaudessa.<\/p>\n","protected":false},"excerpt":{"rendered":"Ilveksest\u00e4 tuttu Luk\u00e1\u0161 Dost\u00e1l on rakentanut nousuaan NHL:n ter\u00e4vimm\u00e4lle huipulle Markus Korhosen kanssa. Aamulehti Vezina-palkinto kuuluu j\u00e4\u00e4kiekon maineikkaimpiin&hellip;\n","protected":false},"author":2,"featured_media":134271,"comment_status":"","ping_status":"","sticky":false,"template":"","format":"standard","meta":{"footnotes":""},"categories":[130],"tags":[157,137,33,31,30,32,109],"class_list":{"0":"post-134270","1":"post","2":"type-post","3":"status-publish","4":"format-standard","5":"has-post-thumbnail","7":"category-viihde","8":"tag-aamulehti","9":"tag-entertainment","10":"tag-fi","11":"tag-finland","12":"tag-finnish","13":"tag-suomi","14":"tag-viihde"},"share_on_mastodon":{"url":"https:\/\/pubeurope.com\/@fi\/115843851974456164","error":""},"_links":{"self":[{"href":"https:\/\/www.europesays.com\/fi\/wp-json\/wp\/v2\/posts\/134270","targetHints":{"allow":["GET"]}}],"collection":[{"href":"https:\/\/www.europesays.com\/fi\/wp-json\/wp\/v2\/posts"}],"about":[{"href":"https:\/\/www.europesays.com\/fi\/wp-json\/wp\/v2\/types\/post"}],"author":[{"embeddable":true,"href":"https:\/\/www.europesays.com\/fi\/wp-json\/wp\/v2\/users\/2"}],"replies":[{"embeddable":true,"href":"https:\/\/www.europesays.com\/fi\/wp-json\/wp\/v2\/comments?post=134270"}],"version-history":[{"count":0,"href":"https:\/\/www.europesays.com\/fi\/wp-json\/wp\/v2\/posts\/134270\/revisions"}],"wp:featuredmedia":[{"embeddable":true,"href":"https:\/\/www.europesays.com\/fi\/wp-json\/wp\/v2\/media\/134271"}],"wp:attachment":[{"href":"https:\/\/www.europesays.com\/fi\/wp-json\/wp\/v2\/media?parent=134270"}],"wp:term":[{"taxonomy":"category","embeddable":true,"href":"https:\/\/www.europesays.com\/fi\/wp-json\/wp\/v2\/categories?post=134270"},{"taxonomy":"post_tag","embeddable":true,"href":"https:\/\/www.europesays.com\/fi\/wp-json\/wp\/v2\/tags?post=134270"}],"curies":[{"name":"wp","href":"https:\/\/api.w.org\/{rel}","templated":true}]}}