{"id":134278,"date":"2026-01-05T18:19:09","date_gmt":"2026-01-05T18:19:09","guid":{"rendered":"https:\/\/www.europesays.com\/fi\/134278\/"},"modified":"2026-01-05T18:19:09","modified_gmt":"2026-01-05T18:19:09","slug":"lidlin-euron-kahvi-ja-k-menun-28-sentin-margariini-naita-edullisia-elintarvikkeita-suomalaiset-suosittelevat","status":"publish","type":"post","link":"https:\/\/www.europesays.com\/fi\/134278\/","title":{"rendered":"Lidlin euron kahvi ja K-menun 28 sentin margariini \u2013 n\u00e4it\u00e4 edullisia elintarvikkeita suomalaiset suosittelevat"},"content":{"rendered":"<p>IS:n lukijat jakavat suosituksiaan halvoista ruokatuotteista, jotka jopa peittoavat hintavammat verrokkinsa.<\/p>\n<p class=\"article-body mb-nof-24 px-nof-16\">Kahvi, margariini, suklaa ja ketsuppi.<\/p>\n<p class=\"article-body mb-nof-24 px-nof-16\">Muun muassa n\u00e4iss\u00e4 elintarvikkeissa moni suomalainen ajattelee korkeamman hinnan olevan tae paremmasta mausta ja laadusta eik\u00e4 siksi suostu kitsastelemaan kaupassa, paljastui <a class=\"underline underline-offset-[0.12em] [text-decoration-thickness:var(--generic-link-underline-thickness)] [text-decoration-color:var(--generic-link-underline-color)] [text-decoration-skip-ink:var(--generic-link-underline-skip-ink)] break-words\" href=\"https:\/\/www.is.fi\/ruokala\/ajankohtaista\/art-2000011702168.html\" rel=\"nofollow noopener\" target=\"_blank\">IS:n kyselyst\u00e4<\/a>.<\/p>\n<p class=\"article-body mb-nof-24 px-nof-16\">Aina hinta ja laatu eiv\u00e4t kulje tiiviisti k\u00e4si k\u00e4dess\u00e4. Kyselyss\u00e4 IS:n lukijat saivat jakaa suosituksiaan edullisista tuotteista, jotka ovat heid\u00e4n mukaansa per\u00e4ti parempia kuin kilpailijoiden kalliimmat vastineet.<\/p>\n<p class=\"article-body mb-nof-24 px-nof-16\">Suositusten joukosta erottui muutama arjen luottotuote, joiden kohdalla pennin venytt\u00e4minen on lukijoiden mukaan todellakin kannattanut.<\/p>\n<p class=\"article-body mb-nof-24 px-nof-16\">Listasimme kolme eniten mainintoja saanutta tuotetta.<\/p>\n<p>1. Kahvi<img decoding=\"async\" src=\"https:\/\/www.europesays.com\/fi\/wp-content\/uploads\/2026\/01\/1767637147_602_468.jpg\" alt=\"Kahvin hinnan kipuraja jakoi runsaasti mielipiteit\u00e4.\" class=\"_Img_1rerz_1\" style=\"aspect-ratio:1.3333333333333333\" loading=\"eager\"\/><\/p>\n<p class=\"article-picture-caption\">Kahvin hinnan kipuraja jakoi runsaasti mielipiteit\u00e4. Kuva:\u00a0Aleksi Jalava<\/p>\n<p class=\"article-body mb-nof-24 px-nof-16\">Kahvin hinta kauhistuttaa suomalaisia jopa <a class=\"underline underline-offset-[0.12em] [text-decoration-thickness:var(--generic-link-underline-thickness)] [text-decoration-color:var(--generic-link-underline-color)] [text-decoration-skip-ink:var(--generic-link-underline-skip-ink)] break-words\" href=\"https:\/\/www.is.fi\/politiikka\/art-2000011520798.html\" rel=\"nofollow noopener\" target=\"_blank\">p\u00e4\u00e4ministeri Petteri Orpoa my\u00f6ten<\/a>.<\/p>\n<p class=\"article-body mb-nof-24 px-nof-16\">Vaikka osa n\u00e4ytt\u00e4\u00e4kin pysyneen uskollisena suosikki\u00adsumpilleen hinnannoususta huolimatta, moni IS:n kyselyyn vastannut kertoi tehneens\u00e4 ilahduttavia l\u00f6yt\u00f6j\u00e4 halpakahvien saralla.<\/p>\n<p class=\"article-body mb-nof-24 px-nof-16\">Erityismaininnan kyselyss\u00e4 sai Lidlin valikoimasta l\u00f6ytyv\u00e4 Emilia Classic, jonka hinta on 2,59 euroa. Joissakin Lidl-myym\u00e4l\u00f6iss\u00e4 paketin saa jopa 1,15 eurolla.<\/p>\n<p class=\"article-body mb-nof-24 px-nof-16\">Emilia-kahvin poikkeuksellisen halpa hinta on puhuttanut monia. My\u00f6s tuotteen vastuullisuus on her\u00e4tt\u00e4nyt kysymyksi\u00e4 sen j\u00e4lkeen, kun yritystoiminnan vastuullisuutta tutkiva Finnwatch <a class=\"underline underline-offset-[0.12em] [text-decoration-thickness:var(--generic-link-underline-thickness)] [text-decoration-color:var(--generic-link-underline-color)] [text-decoration-skip-ink:var(--generic-link-underline-skip-ink)] break-words\" href=\"https:\/\/www.is.fi\/taloussanomat\/art-2000011692712.html\" rel=\"nofollow noopener\" target=\"_blank\">moitti tuoreessa selvityksess\u00e4\u00e4n<\/a> Emilia-kahvin vastuullisuus\u00advalvontaa olemattomaksi. My\u00f6s kahvin alkuper\u00e4maa j\u00e4i selvityksess\u00e4 ep\u00e4selv\u00e4ksi.<\/p>\n<p class=\"article-body mb-nof-24 px-nof-16\">Lue lis\u00e4\u00e4: <a class=\"underline underline-offset-[0.12em] [text-decoration-thickness:var(--generic-link-underline-thickness)] [text-decoration-color:var(--generic-link-underline-color)] [text-decoration-skip-ink:var(--generic-link-underline-skip-ink)] break-words\" href=\"https:\/\/www.is.fi\/taloussanomat\/art-2000011692712.html\" rel=\"nofollow noopener\" target=\"_blank\">Lidlin kahville tyrm\u00e4ys \u2013 j\u00e4rjest\u00f6: \u201dKehotamme kuluttajia j\u00e4tt\u00e4m\u00e4\u00e4n kauppaan\u201d<\/a><\/p>\n<p class=\"article-body mb-nof-24 px-nof-16\"><a class=\"underline underline-offset-[0.12em] [text-decoration-thickness:var(--generic-link-underline-thickness)] [text-decoration-color:var(--generic-link-underline-color)] [text-decoration-skip-ink:var(--generic-link-underline-skip-ink)] break-words\" href=\"https:\/\/www.is.fi\/taloussanomat\/art-2000011700589.html\" rel=\"nofollow noopener\" target=\"_blank\">Lidl vastasi syyt\u00f6ksiin<\/a> kertomalla, ett\u00e4 Emilia-kahvin alhainen hinta johtuu kilpailu\u00adtilanteesta eik\u00e4 tuotteen laatuun tai vastuullisuuteen liity mit\u00e4\u00e4n poikkeavaa.<\/p>\n<p class=\"article-body mb-nof-24 px-nof-16\">IS:n lukijoilta kohun keskelle noussut kahvi sai joka tapauksessa huomattavan paljon kehuja.<\/p>\n<blockquote class=\"[font-style:var(--blockquote-font-style,italic)] m-[var(--blockquote-margin)] pl-[calc(var(--nof-core-dimension-200)+var(--blockquote-border-width))] relative before:absolute before:left-0 before:h-full before:w-[var(--blockquote-border-width)] before:border-l-[length:var(--blockquote-border-width)] before:border-l-[color:var(--blockquote-border-color)] before:-skew-y-[var(--blockquote-border-skew,0deg)]\">\n<p class=\"article-body mb-nof-8\">Emilia-kahvi on meill\u00e4 k\u00e4yt\u00f6ss\u00e4 joka p\u00e4iv\u00e4. Hakkaa mennen tullen Juhla Mokan ja S- ja K-ryhm\u00e4n halpakahvit. Raija, 67<\/p>\n<\/blockquote>\n<blockquote class=\"[font-style:var(--blockquote-font-style,italic)] m-[var(--blockquote-margin)] pl-[calc(var(--nof-core-dimension-200)+var(--blockquote-border-width))] relative before:absolute before:left-0 before:h-full before:w-[var(--blockquote-border-width)] before:border-l-[length:var(--blockquote-border-width)] before:border-l-[color:var(--blockquote-border-color)] before:-skew-y-[var(--blockquote-border-skew,0deg)]\">\n<p class=\"article-body mb-nof-8\">Parjattu Lidlin halpiskahvi on hyv\u00e4 tummapaahto. En tosiaankaan tule maksamaan 10 euroa, kun olen saanut kaapin t\u00e4yteen halvemmalla. Jaana, 57<\/p>\n<\/blockquote>\n<blockquote class=\"p-[var(--citation-padding)] m-[var(--citation-margin)] border-y-[length:var(--citation-border-width)] border-y-[color:var(--citation-border-color)]\">\n<p>En en\u00e4\u00e4 koskaan maksa kymppi\u00e4 kahvipaketista.<\/p>\n<\/blockquote>\n<blockquote class=\"[font-style:var(--blockquote-font-style,italic)] m-[var(--blockquote-margin)] pl-[calc(var(--nof-core-dimension-200)+var(--blockquote-border-width))] relative before:absolute before:left-0 before:h-full before:w-[var(--blockquote-border-width)] before:border-l-[length:var(--blockquote-border-width)] before:border-l-[color:var(--blockquote-border-color)] before:-skew-y-[var(--blockquote-border-skew,0deg)]\">\n<p class=\"article-body mb-nof-8\">Kahvin hinta on karannut t\u00e4ysin k\u00e4sist\u00e4. Onneksi l\u00f6ysin Lidlin 1,15 euron kahvin, joka on viel\u00e4 uskomattoman hyv\u00e4\u00e4. En en\u00e4\u00e4 koskaan maksa kymppi\u00e4 kahvipaketista. Heidi, 42<\/p>\n<\/blockquote>\n<blockquote class=\"[font-style:var(--blockquote-font-style,italic)] m-[var(--blockquote-margin)] pl-[calc(var(--nof-core-dimension-200)+var(--blockquote-border-width))] relative before:absolute before:left-0 before:h-full before:w-[var(--blockquote-border-width)] before:border-l-[length:var(--blockquote-border-width)] before:border-l-[color:var(--blockquote-border-color)] before:-skew-y-[var(--blockquote-border-skew,0deg)]\">\n<p class=\"article-body mb-nof-8\">Lidl Emilia kahvi on noussut omaksi \u201dykk\u00f6shalpistuotteekseni\u201d. Hinta on moninkertaisesti halvempi, ja vaikka olen kahvin suurkuluttaja, en n\u00e4e niin suurta eroa, ettenk\u00f6 voisi t\u00e4t\u00e4 k\u00e4ytt\u00e4\u00e4. Jesse, 33<\/p>\n<\/blockquote>\n<p><img decoding=\"async\" src=\"https:\/\/www.europesays.com\/fi\/wp-content\/uploads\/2026\/01\/1767637148_727_468.jpg\" alt=\"\" class=\"_Img_1rerz_1\" style=\"aspect-ratio:0.6098958333333333\" loading=\"eager\"\/><\/p>\n<p class=\"article-body mb-nof-24 px-nof-16\">Suosituksia sai my\u00f6s S-ryhm\u00e4n valikoiman halvin kahvi, Xtran keskipaahtoinen suodatinkahvi. Puolen kilon keskipaahtoinen kahvipaketti maksoi jutun tekohetkell\u00e4 2,95 euroa (5,90 e\/kg).<\/p>\n<blockquote class=\"[font-style:var(--blockquote-font-style,italic)] m-[var(--blockquote-margin)] pl-[calc(var(--nof-core-dimension-200)+var(--blockquote-border-width))] relative before:absolute before:left-0 before:h-full before:w-[var(--blockquote-border-width)] before:border-l-[length:var(--blockquote-border-width)] before:border-l-[color:var(--blockquote-border-color)] before:-skew-y-[var(--blockquote-border-skew,0deg)]\">\n<p class=\"article-body mb-nof-8\">Xtran kahvi on yht\u00e4 hyv\u00e4 \u2013 ellei jopa parempi \u2013 kuin Juhla Mokka. Jani, 49<\/p>\n<\/blockquote>\n<blockquote class=\"[font-style:var(--blockquote-font-style,italic)] m-[var(--blockquote-margin)] pl-[calc(var(--nof-core-dimension-200)+var(--blockquote-border-width))] relative before:absolute before:left-0 before:h-full before:w-[var(--blockquote-border-width)] before:border-l-[length:var(--blockquote-border-width)] before:border-l-[color:var(--blockquote-border-color)] before:-skew-y-[var(--blockquote-border-skew,0deg)]\">\n<p class=\"article-body mb-nof-8\">Xtra-kahvi on juuri nyt melkein ilmaista ja meid\u00e4n suihin aivan riitt\u00e4v\u00e4n hyv\u00e4\u00e4. Ei sit\u00e4 helposti erota kalliimmasta, ellei tied\u00e4. Timo, 71<\/p>\n<\/blockquote>\n<p>2. Juusto<img decoding=\"async\" src=\"https:\/\/www.europesays.com\/fi\/wp-content\/uploads\/2026\/01\/1767637148_689_468.jpg\" alt=\"IS:n kyselyyn vastanneista puolet tunnustautui nuukailijoiksi juuston saralla.\" class=\"_Img_1rerz_1\" style=\"aspect-ratio:1.5035238841033673\" loading=\"eager\"\/><\/p>\n<p class=\"article-picture-caption\">IS:n kyselyyn vastanneista puolet tunnustautui nuukailijoiksi juuston saralla. Kuva:\u00a0Eriika Ahopelto<\/p>\n<p class=\"article-body mb-nof-24 px-nof-16\">Mit\u00e4 tulee suomalaisten suosikkijuustoon, on Valion Oltermanni <a class=\"underline underline-offset-[0.12em] [text-decoration-thickness:var(--generic-link-underline-thickness)] [text-decoration-color:var(--generic-link-underline-color)] [text-decoration-skip-ink:var(--generic-link-underline-skip-ink)] break-words\" href=\"https:\/\/www.is.fi\/ruokala\/ajankohtaista\/art-2000011185878.html\" rel=\"nofollow noopener\" target=\"_blank\">IS:n taannoisen lukija\u00e4\u00e4nestyksen perusteella<\/a> kiistaton voittaja.<\/p>\n<p class=\"article-body mb-nof-24 px-nof-16\">Juustohyllylt\u00e4 l\u00f6ytyy kuitenkin vahvoja haastajia ikiklassikolle. Tuoreessa kyselyss\u00e4 kehuja niittiv\u00e4t sek\u00e4 Pirkan kermajuusto (6,29 e\/kg) ett\u00e4 Coopin kermajuusto (7,95 e\/kg).<\/p>\n<p class=\"article-body mb-nof-24 px-nof-16\">Kermajuusto Oltermanni puolestaan maksaa myyntipaikasta riippuen 6,85\u20138,69 euroa kilolta. Parhaimmillaan kaupan omaan merkkiin vaihtamalla s\u00e4\u00e4st\u00f6\u00e4 voi siis kerty\u00e4 jopa pari euroa.<\/p>\n<blockquote class=\"[font-style:var(--blockquote-font-style,italic)] m-[var(--blockquote-margin)] pl-[calc(var(--nof-core-dimension-200)+var(--blockquote-border-width))] relative before:absolute before:left-0 before:h-full before:w-[var(--blockquote-border-width)] before:border-l-[length:var(--blockquote-border-width)] before:border-l-[color:var(--blockquote-border-color)] before:-skew-y-[var(--blockquote-border-skew,0deg)]\">\n<p class=\"article-body mb-nof-8\">Pirkan kermajuusto on tosi hyv\u00e4, sek\u00e4 yleens\u00e4kin Pirkka-tuotteet, kuten pastakastikkeet. Siru, 69<\/p>\n<\/blockquote>\n<blockquote class=\"[font-style:var(--blockquote-font-style,italic)] m-[var(--blockquote-margin)] pl-[calc(var(--nof-core-dimension-200)+var(--blockquote-border-width))] relative before:absolute before:left-0 before:h-full before:w-[var(--blockquote-border-width)] before:border-l-[length:var(--blockquote-border-width)] before:border-l-[color:var(--blockquote-border-color)] before:-skew-y-[var(--blockquote-border-skew,0deg)]\">\n<p class=\"article-body mb-nof-8\">Coopin kermajuusto on parempaa kuin Oltermanni. Maija, 56<\/p>\n<\/blockquote>\n<blockquote class=\"[font-style:var(--blockquote-font-style,italic)] m-[var(--blockquote-margin)] pl-[calc(var(--nof-core-dimension-200)+var(--blockquote-border-width))] relative before:absolute before:left-0 before:h-full before:w-[var(--blockquote-border-width)] before:border-l-[length:var(--blockquote-border-width)] before:border-l-[color:var(--blockquote-border-color)] before:-skew-y-[var(--blockquote-border-skew,0deg)]\">\n<p class=\"article-body mb-nof-8\">Coopin kermajuusto ei h\u00e4vi\u00e4 kalliimmalle maultaan. Johanna, 56<\/p>\n<\/blockquote>\n<blockquote class=\"[font-style:var(--blockquote-font-style,italic)] m-[var(--blockquote-margin)] pl-[calc(var(--nof-core-dimension-200)+var(--blockquote-border-width))] relative before:absolute before:left-0 before:h-full before:w-[var(--blockquote-border-width)] before:border-l-[length:var(--blockquote-border-width)] before:border-l-[color:var(--blockquote-border-color)] before:-skew-y-[var(--blockquote-border-skew,0deg)]\">\n<p class=\"article-body mb-nof-8\">Pirkan kilon kermajuusto ajaa saman asian kuin Oltermanni. Igor, 71<\/p>\n<\/blockquote>\n<blockquote class=\"[font-style:var(--blockquote-font-style,italic)] m-[var(--blockquote-margin)] pl-[calc(var(--nof-core-dimension-200)+var(--blockquote-border-width))] relative before:absolute before:left-0 before:h-full before:w-[var(--blockquote-border-width)] before:border-l-[length:var(--blockquote-border-width)] before:border-l-[color:var(--blockquote-border-color)] before:-skew-y-[var(--blockquote-border-skew,0deg)]\">\n<p class=\"article-body mb-nof-8\">Kermajuustoissa ei mielest\u00e4ni ole juurikaan eroa Oltermannin ja halpisversion v\u00e4lill\u00e4. Eik\u00e4 niiss\u00e4 taida kovin suurta eroa hinnassa edes olla. Sari, 45<\/p>\n<\/blockquote>\n<p><img decoding=\"async\" src=\"https:\/\/www.europesays.com\/fi\/wp-content\/uploads\/2026\/01\/1767637148_738_468.jpg\" alt=\"\" class=\"_Img_1rerz_1\" style=\"aspect-ratio:0.9213541666666667\" loading=\"eager\"\/>3. Margariini<img decoding=\"async\" src=\"https:\/\/www.europesays.com\/fi\/wp-content\/uploads\/2026\/01\/1767637148_460_468.jpg\" alt=\"Joka viides kyselyyn vastannut kelpuuttaisi j\u00e4\u00e4kaappiinsa kaikkein halvinta margariinia.\" class=\"_Img_1rerz_1\" style=\"aspect-ratio:1.5986677768526227\" loading=\"eager\"\/><\/p>\n<p class=\"article-picture-caption\">Joka viides kyselyyn vastannut kelpuuttaisi j\u00e4\u00e4kaappiinsa kaikkein halvinta margariinia. Kuva:\u00a0Juha Salminen \/ HS<\/p>\n<p class=\"article-body mb-nof-24 px-nof-16\">Kahvin tavoin my\u00f6s margariini erottui selv\u00e4sti elintarvikkeena, josta suinkaan kaikki eiv\u00e4t olisi valmiita tinkim\u00e4\u00e4n. Vastaajista viidesosa kuitenkin liputti \u00e4\u00e4nekk\u00e4\u00e4sti halpamargariinien puolesta.<\/p>\n<p class=\"article-body mb-nof-24 px-nof-16\">Kehuja sai muun muassa <a class=\"underline underline-offset-[0.12em] [text-decoration-thickness:var(--generic-link-underline-thickness)] [text-decoration-color:var(--generic-link-underline-color)] [text-decoration-skip-ink:var(--generic-link-underline-skip-ink)] break-words\" href=\"https:\/\/www.is.fi\/ruokala\/ajankohtaista\/art-2000010596274.html\" rel=\"nofollow noopener\" target=\"_blank\">IS:n makutestiss\u00e4<\/a> suitsutusta saanut Pohjolan Meijerin Vilmariini. Lidlin valikoimasta l\u00f6ytyv\u00e4 reilu kolmen euron margariini peittosi Oivariinin ja kipusi n\u00e4in makutestin voittajaksi.<\/p>\n<p class=\"article-body mb-nof-24 px-nof-16\">Lue lis\u00e4\u00e4: <a class=\"underline underline-offset-[0.12em] [text-decoration-thickness:var(--generic-link-underline-thickness)] [text-decoration-color:var(--generic-link-underline-color)] [text-decoration-skip-ink:var(--generic-link-underline-skip-ink)] break-words\" href=\"https:\/\/www.is.fi\/ruokala\/ajankohtaista\/art-2000010596274.html\" rel=\"nofollow noopener\" target=\"_blank\">Yll\u00e4tt\u00e4v\u00e4 tuote vei voiton klassikolta \u2013 testasimme kauppojen margariinit ja voit<\/a><\/p>\n<p class=\"article-body mb-nof-24 px-nof-16\">My\u00f6s K-menun 28 sentti\u00e4 maksava margariini erottui lukijoiden suosituksissa.<\/p>\n<blockquote class=\"[font-style:var(--blockquote-font-style,italic)] m-[var(--blockquote-margin)] pl-[calc(var(--nof-core-dimension-200)+var(--blockquote-border-width))] relative before:absolute before:left-0 before:h-full before:w-[var(--blockquote-border-width)] before:border-l-[length:var(--blockquote-border-width)] before:border-l-[color:var(--blockquote-border-color)] before:-skew-y-[var(--blockquote-border-skew,0deg)]\">\n<p class=\"article-body mb-nof-8\">Olen vaihtanut Keijun sinisen margariinin K-ketjun margariiniin, joka maistuu enemm\u00e4n, sis\u00e4lt\u00e4\u00e4 saman tuoteselosteen ja maksaa vain 28 sentti\u00e4. Emilia, 36<\/p>\n<\/blockquote>\n<blockquote class=\"[font-style:var(--blockquote-font-style,italic)] m-[var(--blockquote-margin)] pl-[calc(var(--nof-core-dimension-200)+var(--blockquote-border-width))] relative before:absolute before:left-0 before:h-full before:w-[var(--blockquote-border-width)] before:border-l-[length:var(--blockquote-border-width)] before:border-l-[color:var(--blockquote-border-color)] before:-skew-y-[var(--blockquote-border-skew,0deg)]\">\n<p class=\"article-body mb-nof-8\">K\u00e4yt\u00e4n Oivariinin tilalla Vilmariinia. On viel\u00e4p\u00e4 parempaa, mutta halvempaa. Mara, 71<\/p>\n<\/blockquote>\n<blockquote class=\"[font-style:var(--blockquote-font-style,italic)] m-[var(--blockquote-margin)] pl-[calc(var(--nof-core-dimension-200)+var(--blockquote-border-width))] relative before:absolute before:left-0 before:h-full before:w-[var(--blockquote-border-width)] before:border-l-[length:var(--blockquote-border-width)] before:border-l-[color:var(--blockquote-border-color)] before:-skew-y-[var(--blockquote-border-skew,0deg)]\">\n<p class=\"article-body mb-nof-8\">Lidlin Maiju-margariini maultaan parempaa kuin muiden kauppojen Keiju-margariini, joka on yli puolet kalliimpaa. Outi, 55<\/p>\n<\/blockquote>\n<blockquote class=\"[font-style:var(--blockquote-font-style,italic)] m-[var(--blockquote-margin)] pl-[calc(var(--nof-core-dimension-200)+var(--blockquote-border-width))] relative before:absolute before:left-0 before:h-full before:w-[var(--blockquote-border-width)] before:border-l-[length:var(--blockquote-border-width)] before:border-l-[color:var(--blockquote-border-color)] before:-skew-y-[var(--blockquote-border-skew,0deg)]\">\n<p class=\"article-body mb-nof-8\">K-menun margariini on pehme\u00e4\u00e4, levittyy hyvin leiv\u00e4lle eik\u00e4 muutu lopussa kokkareeksi. Irene, 60<\/p>\n<\/blockquote>\n<p><img decoding=\"async\" src=\"https:\/\/www.europesays.com\/fi\/wp-content\/uploads\/2026\/01\/1767637149_62_468.jpg\" alt=\"Lidlin Vilmariini kiilasi voittoon IS:n makutestiss\u00e4.\" class=\"_Img_1rerz_1\" style=\"aspect-ratio:1.415929203539823\" loading=\"eager\"\/><\/p>\n<p class=\"article-picture-caption\">Lidlin Vilmariini kiilasi voittoon IS:n makutestiss\u00e4. Kuva:\u00a0Jade Ollikainen<\/p>\n<p>My\u00f6s n\u00e4m\u00e4 edulliset tuotteet saivat mainintoja<\/p>\n<ul class=\"mb-nof-16 px-nof-16 article-unordered-list unordered-list\">\n<li class=\"unordered-list-item\">\n<p class=\"article-body\">Kolajuomat: \u201dKolajuomissa en huomaa mit\u00e4\u00e4n mainittavaa eroa kalliiden merkkituotteiden ja Xtran tai K-menun v\u00e4lill\u00e4.\u201d Timo, 71<\/p>\n<\/li>\n<li class=\"unordered-list-item\">\n<p class=\"article-body\">Jauheliha ja makkara: \u201dK-menu jauheliha sopii makaronilaatikkoon. K-menu uunilenkki k\u00e4y makkaraperunoihin eik\u00e4 ole liian rasvaista.\u201d Eija, 65<\/p>\n<\/li>\n<li class=\"unordered-list-item\">\n<p class=\"article-body\">Ketsuppi: \u201dXtra-ketsuppi on minusta yksi parhaimmista ketsupeista niin hinnaltaan kuin maultaankin.\u201d Julli, 50<\/p>\n<\/li>\n<li class=\"unordered-list-item\">\n<p class=\"article-body\">Mehut: \u201dUseimmat Coop-mehut ovat paremman makuisia kuin kalliimmat vaihtoehdot.\u201d Anna, 65<\/p>\n<\/li>\n<li class=\"unordered-list-item\">\n<p class=\"article-body\">Olut: \u201dHarvoin halpa tuote on minusta kalliimpaa parempi, mutta Kotimaista lager olut on poikkeus \u2013 se on perushyv\u00e4 tuote ja samalla viivalla merkkituotteiden kanssa.\u201d Outi, 71<\/p>\n<\/li>\n<li class=\"unordered-list-item\">\n<p class=\"article-body\">Sinihomejuusto: \u201dCoopin Sinihomejuusto on mielest\u00e4ni parempaa kuin Aura.\u201d P\u00e4ivi, 57<\/p>\n<\/li>\n<\/ul>\n","protected":false},"excerpt":{"rendered":"IS:n lukijat jakavat suosituksiaan halvoista ruokatuotteista, jotka jopa peittoavat hintavammat verrokkinsa. Kahvi, margariini, suklaa ja ketsuppi. Muun muassa&hellip;\n","protected":false},"author":2,"featured_media":134279,"comment_status":"","ping_status":"","sticky":false,"template":"","format":"standard","meta":{"footnotes":""},"categories":[5],"tags":[22,23,26,27,33,31,30,17,34,24,25,28,29,15,18,21,32,19,20,16],"class_list":{"0":"post-134278","1":"post","2":"type-post","3":"status-publish","4":"format-standard","5":"has-post-thumbnail","7":"category-otsikot","8":"tag-breaking-news","9":"tag-breakingnews","10":"tag-featured-news","11":"tag-featurednews","12":"tag-fi","13":"tag-finland","14":"tag-finnish","15":"tag-headlines","16":"tag-ilta-sanomat","17":"tag-latest-news","18":"tag-latestnews","19":"tag-main-news","20":"tag-mainnews","21":"tag-news","22":"tag-otsikot","23":"tag-paauutiset","24":"tag-suomi","25":"tag-top-stories","26":"tag-topstories","27":"tag-uutiset"},"share_on_mastodon":{"url":"https:\/\/pubeurope.com\/@fi\/115843875684255353","error":""},"_links":{"self":[{"href":"https:\/\/www.europesays.com\/fi\/wp-json\/wp\/v2\/posts\/134278","targetHints":{"allow":["GET"]}}],"collection":[{"href":"https:\/\/www.europesays.com\/fi\/wp-json\/wp\/v2\/posts"}],"about":[{"href":"https:\/\/www.europesays.com\/fi\/wp-json\/wp\/v2\/types\/post"}],"author":[{"embeddable":true,"href":"https:\/\/www.europesays.com\/fi\/wp-json\/wp\/v2\/users\/2"}],"replies":[{"embeddable":true,"href":"https:\/\/www.europesays.com\/fi\/wp-json\/wp\/v2\/comments?post=134278"}],"version-history":[{"count":0,"href":"https:\/\/www.europesays.com\/fi\/wp-json\/wp\/v2\/posts\/134278\/revisions"}],"wp:featuredmedia":[{"embeddable":true,"href":"https:\/\/www.europesays.com\/fi\/wp-json\/wp\/v2\/media\/134279"}],"wp:attachment":[{"href":"https:\/\/www.europesays.com\/fi\/wp-json\/wp\/v2\/media?parent=134278"}],"wp:term":[{"taxonomy":"category","embeddable":true,"href":"https:\/\/www.europesays.com\/fi\/wp-json\/wp\/v2\/categories?post=134278"},{"taxonomy":"post_tag","embeddable":true,"href":"https:\/\/www.europesays.com\/fi\/wp-json\/wp\/v2\/tags?post=134278"}],"curies":[{"name":"wp","href":"https:\/\/api.w.org\/{rel}","templated":true}]}}