{"id":134299,"date":"2026-01-05T19:05:08","date_gmt":"2026-01-05T19:05:08","guid":{"rendered":"https:\/\/www.europesays.com\/fi\/134299\/"},"modified":"2026-01-05T19:05:08","modified_gmt":"2026-01-05T19:05:08","slug":"beata-leppilampi-muutti-rajusti-ulkonakoaan","status":"publish","type":"post","link":"https:\/\/www.europesays.com\/fi\/134299\/","title":{"rendered":"Beata Leppilampi muutti rajusti ulkon\u00e4k\u00f6\u00e4\u00e4n"},"content":{"rendered":"<p>\n            (040725) &#8212; Savonlinna, July 4, 2025 \u2013 Beata Leppilampi poses for the camera during Savonlinna Opera Festival &#8211; red carpet in Savonlinna, Finland, 4. July 2025. (Matti Matikainen\/Aller Media)<br \/>\n            Matti Matikainen\n        <\/p>\n<p class=\"subtitle \">Beata l\u00e4hti uuteen t\u00e4ysin uudistuneella tyylill\u00e4.<\/p>\n<p class=\"article-content article-content-width !bg-background\">Taitoluisteluvalmentaja  (o.s. ), 30, tuli suurelle yleis\u00f6lle tutuksi\u00a0vuoden 2018 Miss Suomi -finalistina.<\/p>\n<p>        <a itemprop=\"url\" href=\"https:\/\/www.seiska.fi\/kotimaa\/beata-ja-mikko-leppilampi-avointa-hempeilya\/2031798\" rel=\"nofollow noopener\" target=\"_blank\"><\/p>\n<p>\nBeata ja Mikko Leppilampi\n<\/p>\n<p class=\"section-date\">\n        <strong class=\"article-section\" data-section=\"kotimaa\"><br \/>\n            kotimaa<br \/>\n        <\/strong><br \/>\n        28.12.2025 12:00\n    <\/p>\n<p>Beata ja Mikko Leppilampi: Avointa hempeily\u00e4\n    <\/p>\n<p itemprop=\"description\" class=\"subtitle \">\n    Leppilammet hempeilev\u00e4t avoimesti.\n<\/p>\n<p>        <\/a><\/p>\n<p class=\"font-weight-bold m-font-weight-bold article-content article-content-width !bg-background\">Katso video \u2013 Mikko ja Beata meniv\u00e4t naimisiin:<\/p>\n<p>Ura nousukiidossa<\/p>\n<p class=\"article-content article-content-width !bg-background\">Sittemmin l\u00e4hes jokainen suomalainen tuntee Beatan n\u00e4yttelij\u00e4juontaja , 47, puolisona. Pariskunta avioitui vuonna 2022, ja heill\u00e4 on kaksi alle kouluik\u00e4ist\u00e4 poikaa.<\/p>\n<p class=\"article-content article-content-width !bg-background\">Mikolla on lis\u00e4ksi t\u00e4ysi-ik\u00e4inen tyt\u00e4r  aiemmasta avioliitostaan  kanssa.<\/p>\n<p>        <a itemprop=\"url\" href=\"https:\/\/www.seiska.fi\/kotimaa\/josses-mika-paidaton-konsikas-talta-chachi-hildenin-salarakas-nayttaa-nyt\/2019889\" rel=\"nofollow noopener\" target=\"_blank\"><\/p>\n<p>\nT\u00e4lt\u00e4 Chachi Hild\u00e9nin salarakas n\u00e4ytt\u00e4\u00e4 nyt\n<\/p>\n<p class=\"section-date\">\n        <strong class=\"article-section\" data-section=\"kotimaa\"><br \/>\n            kotimaa<br \/>\n        <\/strong><br \/>\n        25.12.2025 11:00\n    <\/p>\n<p>J\u00f6sses, mik\u00e4 paidaton k\u00f6nsik\u00e4s! T\u00e4lt\u00e4 Chachi Hildenin salarakas n\u00e4ytt\u00e4\u00e4 nyt\n    <\/p>\n<p itemprop=\"description\" class=\"subtitle \">\n    Chachi Hild\u00e9nin salasuhde parhaan yst\u00e4v\u00e4ns\u00e4 pikkuveljeen aiheutti kohun syksyll\u00e4 2023.\n<\/p>\n<p>        <\/a><\/p>\n<p class=\"article-content article-content-width !bg-background\">Somevaikuttajana ja yritt\u00e4j\u00e4n\u00e4 uraa luova Beata jakaa Instagram-tilill\u00e4\u00e4n aktiivisesti erityisesti lapsiperhearkeen keskittyv\u00e4\u00e4 sis\u00e4lt\u00f6\u00e4.<\/p>\n<p class=\"article-content article-content-width !bg-background\">Marraskuussa Beata kertoi lanseeranneensa uuden sovelluksen, joka luo satuja teko\u00e4lyn avulla.<\/p>\n<p>                <img decoding=\"async\" src=\"https:\/\/www.europesays.com\/fi\/wp-content\/uploads\/2026\/01\/1841604.webp.jpeg\" width=\"576\" height=\"322\" alt=\"Viel\u00e4 toukokuussa Beatan hiukset olivat vaaleat ja puolipitk\u00e4t, kun h\u00e4n toimi mallina MLL:n muotin\u00e4yt\u00f6ksess\u00e4.\" loading=\"lazy\" \/>            <\/p>\n<p>\n            Viel\u00e4 toukokuussa Beatan hiukset olivat vaaleat ja puolipitk\u00e4t, kun h\u00e4n toimi mallina MLL:n muotin\u00e4yt\u00f6ksess\u00e4.<br \/>\n            Matti Matikainen\n        <\/p>\n<p>Vau, mik\u00e4 muutos!<\/p>\n<p class=\"article-content article-content-width !bg-background\">Uusi vuosi on monille suurten muutosten aikaa. Aktiivista el\u00e4m\u00e4\u00e4 el\u00e4v\u00e4ll\u00e4 kahden lapsen \u00e4idill\u00e4 muutokset liittyiv\u00e4t radikaaliin ulkon\u00e4k\u00f6muutokseen. Beata julkaisi uudesta tyylist\u00e4\u00e4n kolme otosta Instagram-tilill\u00e4\u00e4n.<\/p>\n<p class=\"article-content article-content-width !bg-background\">\u2013 Nips naps, Beata kirjoittaa julkaisunsa kuvatekstiss\u00e4 vapaasti\u00a0suomennettuna. H\u00e4n lis\u00e4si tekstins\u00e4 per\u00e4\u00e4n saksiemojin.<\/p>\n<p>        <a itemprop=\"url\" href=\"https:\/\/www.seiska.fi\/kotimaa\/mikko-leppilampi-tempaisi-beata-vaimo-paljastaa-perheen-jouluperinteen\/2030347\" rel=\"nofollow noopener\" target=\"_blank\"><\/p>\n<p>\nBeata ja Mikko Leppilampi\n<\/p>\n<p class=\"section-date\">\n        <strong class=\"article-section\" data-section=\"kotimaa\"><br \/>\n            kotimaa<br \/>\n        <\/strong><br \/>\n        23.12.2025 20:30\n    <\/p>\n<p>Mikko Leppilampi tempaisi \u2013 Beata-vaimo paljastaa perheen jouluperinteen\n    <\/p>\n<p itemprop=\"description\" class=\"subtitle \">\n    Leppilammet koettavat v\u00e4ltty\u00e4 joulustressilt\u00e4.\n<\/p>\n<p>        <\/a><\/p>\n<p class=\"article-content article-content-width !bg-background\">Ex-missikaunotar on leikannut hiuksensa trendikk\u00e4\u00e4ksi polkkatukaksi, joka ulottuu hieman leukalinjan alapuolelle. Hiusten p\u00e4\u00e4s\u00e4vy on ruskea, ja\u00a0niiss\u00e4 on vaaleita, paksuja raitoja.<\/p>\n<p class=\"article-content article-content-width !bg-background\">Beatan uusi tyyli on ker\u00e4nnyt runsaasti ihastelua julkaisun kommenttikent\u00e4ss\u00e4.<\/p>\n<p class=\"article-content article-content-width !bg-background\">\u2013\u00a0Upea!! Sopii sulle tosi hyvin! Suitsuttaa yksi.<\/p>\n<p class=\"article-content article-content-width !bg-background\">\u2013\u00a0Ihanat! Ylist\u00e4\u00e4 toinen.<\/p>\n","protected":false},"excerpt":{"rendered":"(040725) &#8212; Savonlinna, July 4, 2025 \u2013 Beata Leppilampi poses for the camera during Savonlinna Opera Festival &#8211;&hellip;\n","protected":false},"author":2,"featured_media":134300,"comment_status":"","ping_status":"","sticky":false,"template":"","format":"standard","meta":{"footnotes":""},"categories":[130],"tags":[3369,137,33,31,30,4424,3458,32,6101,15994,109],"class_list":{"0":"post-134299","1":"post","2":"type-post","3":"status-publish","4":"format-standard","5":"has-post-thumbnail","7":"category-viihde","8":"tag-beata-leppilampi","9":"tag-entertainment","10":"tag-fi","11":"tag-finland","12":"tag-finnish","13":"tag-mikko-leppilampi","14":"tag-miss-suomi","15":"tag-suomi","16":"tag-tyylimuutos","17":"tag-ulkonakomuutos","18":"tag-viihde"},"share_on_mastodon":{"url":"https:\/\/pubeurope.com\/@fi\/115844056570253259","error":""},"_links":{"self":[{"href":"https:\/\/www.europesays.com\/fi\/wp-json\/wp\/v2\/posts\/134299","targetHints":{"allow":["GET"]}}],"collection":[{"href":"https:\/\/www.europesays.com\/fi\/wp-json\/wp\/v2\/posts"}],"about":[{"href":"https:\/\/www.europesays.com\/fi\/wp-json\/wp\/v2\/types\/post"}],"author":[{"embeddable":true,"href":"https:\/\/www.europesays.com\/fi\/wp-json\/wp\/v2\/users\/2"}],"replies":[{"embeddable":true,"href":"https:\/\/www.europesays.com\/fi\/wp-json\/wp\/v2\/comments?post=134299"}],"version-history":[{"count":0,"href":"https:\/\/www.europesays.com\/fi\/wp-json\/wp\/v2\/posts\/134299\/revisions"}],"wp:featuredmedia":[{"embeddable":true,"href":"https:\/\/www.europesays.com\/fi\/wp-json\/wp\/v2\/media\/134300"}],"wp:attachment":[{"href":"https:\/\/www.europesays.com\/fi\/wp-json\/wp\/v2\/media?parent=134299"}],"wp:term":[{"taxonomy":"category","embeddable":true,"href":"https:\/\/www.europesays.com\/fi\/wp-json\/wp\/v2\/categories?post=134299"},{"taxonomy":"post_tag","embeddable":true,"href":"https:\/\/www.europesays.com\/fi\/wp-json\/wp\/v2\/tags?post=134299"}],"curies":[{"name":"wp","href":"https:\/\/api.w.org\/{rel}","templated":true}]}}