{"id":134303,"date":"2026-01-05T19:09:06","date_gmt":"2026-01-05T19:09:06","guid":{"rendered":"https:\/\/www.europesays.com\/fi\/134303\/"},"modified":"2026-01-05T19:09:06","modified_gmt":"2026-01-05T19:09:06","slug":"trumpin-laakkeista-paljastui-karmea-tieto-voi-lisata-verenvuotoa-sukuelimesta-iltalehti","status":"publish","type":"post","link":"https:\/\/www.europesays.com\/fi\/134303\/","title":{"rendered":"Trumpin l\u00e4\u00e4kkeist\u00e4 paljastui karmea tieto \u2013 Voi lis\u00e4t\u00e4 verenvuotoa sukuelimest\u00e4 &#8211; Iltalehti"},"content":{"rendered":"<ol>\n<li><a href=\"https:\/\/news.google.com\/rss\/articles\/CBMihAFBVV95cUxOS1Z1XzJrSF9uSC1WLUlCTHBJS2FnVXE1NzdYNXRHdXRqekhmVndVTkk0aDNfTmYzZXVFaDBKMmxSZm9QcTFSYWRPSlJ0Nll1UndLSGIwRHZNY1V2bEVla0VHSTRmZjBCdzlsN3dDRkVQRVJhdUdqalkydUJTMlVDZFZxQUo?oc=5\" target=\"_blank\" rel=\"nofollow noopener\">Trumpin l\u00e4\u00e4kkeist\u00e4 paljastui karmea tieto \u2013 Voi lis\u00e4t\u00e4 verenvuotoa sukuelimest\u00e4<\/a>&nbsp;&nbsp;Iltalehti<\/li>\n<li><a href=\"https:\/\/news.google.com\/rss\/articles\/CBMiXkFVX3lxTE5yWVdDdnF4NW1oN0FrVy1FSzBzdm84UU9JekIzY0tBMDF3RnhSb05zcjN5XzJhSkRrbDdiODE1TWQzLTdreTZlVldsaVpPSUx5Umstb0JtWjJvU05ZMlE?oc=5\" target=\"_blank\" rel=\"nofollow noopener\">WSJ: Trump sy\u00f6 h\u00e4mment\u00e4v\u00e4n paljon aspiriinia<\/a>&nbsp;&nbsp;Ilta-Sanomat<\/li>\n<li><a href=\"https:\/\/news.google.com\/rss\/articles\/CBMimwFBVV95cUxNTWhHQjlyZG5saDc0Q0tOMFpUT0RiMXA1c2FZNlc1U2FIamlHZ2tZNkd3WFlsNy16UjZTUG5MOW9pY3U3ckpWY2N0V3ZVM29TOUZFWXRBb2RTU0ZXZXFCanRtQU5TQjVHTFl3YWt3ZEtwczlubjhKQkxGSmttRXpDRndqNUZnS04teDd6eEcwVEh4RjZWZUxDX0wxZw?oc=5\" target=\"_blank\" rel=\"nofollow noopener\">Donald Trump tyrm\u00e4\u00e4 v\u00e4itteet ik\u00e4\u00e4ntymisest\u00e4: Olen huippukunnossa<\/a>&nbsp;&nbsp;Verkkouutiset<\/li>\n<li><a href=\"https:\/\/news.google.com\/rss\/articles\/CBMiqwFBVV95cUxQczlqYVY2bEtJYW8yb1FVNFRpZVJ3ZmhpMThLX0piSV9Qd3BoMnNfcUk4NUxzNWVYLVdQNUNRbEhGYnpfYUlpelVRT0lLa09iU3pBT2x3anVRaEJDYnVGUEFsNnNmQkt5bmhRMDAxdE5JSWxvWWw1Sm56YThqMUdaT1FfUkRMcUlmblFqc0JPV0pTYmR0VkFES0w4UHBpQ3Blc0ZCYk5sWmItazQ?oc=5\" target=\"_blank\" rel=\"nofollow noopener\">Trump sy\u00f6 aspiriinia yli suositusten \u2013 antoi erikoisen selityksen<\/a>&nbsp;&nbsp;mtvuutiset.fi<\/li>\n<li><a href=\"https:\/\/news.google.com\/rss\/articles\/CBMifEFVX3lxTE11ZWU3TTBHYWRndnkzSDBESUw2aW45Q2tRNzVQaVhVMGxQMnBVMS1kQXppUkFERHEyS3lYTmtwd25JR0ZRSnZWVm1BVkd5b0J3M1BSMG1DWUV5VnB1clJDb3p1dzJub1lrNjdrYW9vREtHcVhmQURhV3R4SEU?oc=5\" target=\"_blank\" rel=\"nofollow noopener\">Donald Trump teki paljastuksen terveydest\u00e4\u00e4n \u2013 Suomalainen asiantuntija puhuu suoraan: \u201dHurjalta kuulostaa\u201d<\/a>&nbsp;&nbsp;Iltalehti<\/li>\n<\/ol>\n","protected":false},"excerpt":{"rendered":"Trumpin l\u00e4\u00e4kkeist\u00e4 paljastui karmea tieto \u2013 Voi lis\u00e4t\u00e4 verenvuotoa sukuelimest\u00e4&nbsp;&nbsp;Iltalehti WSJ: Trump sy\u00f6 h\u00e4mment\u00e4v\u00e4n paljon aspiriinia&nbsp;&nbsp;Ilta-Sanomat Donald Trump&hellip;\n","protected":false},"author":2,"featured_media":134304,"comment_status":"","ping_status":"","sticky":false,"template":"","format":"standard","meta":{"footnotes":""},"categories":[14],"tags":[35,22,23,26,27,33,31,30,17,24,25,28,29,15,18,21,32,19,20,56,16,59,60,61],"class_list":{"0":"post-134303","1":"post","2":"type-post","3":"status-publish","4":"format-standard","5":"has-post-thumbnail","7":"category-ulkomaat","8":"tag-24h","9":"tag-breaking-news","10":"tag-breakingnews","11":"tag-featured-news","12":"tag-featurednews","13":"tag-fi","14":"tag-finland","15":"tag-finnish","16":"tag-headlines","17":"tag-latest-news","18":"tag-latestnews","19":"tag-main-news","20":"tag-mainnews","21":"tag-news","22":"tag-otsikot","23":"tag-paauutiset","24":"tag-suomi","25":"tag-top-stories","26":"tag-topstories","27":"tag-ulkomaat","28":"tag-uutiset","29":"tag-world","30":"tag-world-news","31":"tag-worldnews"},"share_on_mastodon":{"url":"https:\/\/pubeurope.com\/@fi\/115844072322483573","error":""},"_links":{"self":[{"href":"https:\/\/www.europesays.com\/fi\/wp-json\/wp\/v2\/posts\/134303","targetHints":{"allow":["GET"]}}],"collection":[{"href":"https:\/\/www.europesays.com\/fi\/wp-json\/wp\/v2\/posts"}],"about":[{"href":"https:\/\/www.europesays.com\/fi\/wp-json\/wp\/v2\/types\/post"}],"author":[{"embeddable":true,"href":"https:\/\/www.europesays.com\/fi\/wp-json\/wp\/v2\/users\/2"}],"replies":[{"embeddable":true,"href":"https:\/\/www.europesays.com\/fi\/wp-json\/wp\/v2\/comments?post=134303"}],"version-history":[{"count":0,"href":"https:\/\/www.europesays.com\/fi\/wp-json\/wp\/v2\/posts\/134303\/revisions"}],"wp:featuredmedia":[{"embeddable":true,"href":"https:\/\/www.europesays.com\/fi\/wp-json\/wp\/v2\/media\/134304"}],"wp:attachment":[{"href":"https:\/\/www.europesays.com\/fi\/wp-json\/wp\/v2\/media?parent=134303"}],"wp:term":[{"taxonomy":"category","embeddable":true,"href":"https:\/\/www.europesays.com\/fi\/wp-json\/wp\/v2\/categories?post=134303"},{"taxonomy":"post_tag","embeddable":true,"href":"https:\/\/www.europesays.com\/fi\/wp-json\/wp\/v2\/tags?post=134303"}],"curies":[{"name":"wp","href":"https:\/\/api.w.org\/{rel}","templated":true}]}}