{"id":134307,"date":"2026-01-05T19:11:13","date_gmt":"2026-01-05T19:11:13","guid":{"rendered":"https:\/\/www.europesays.com\/fi\/134307\/"},"modified":"2026-01-05T19:11:13","modified_gmt":"2026-01-05T19:11:13","slug":"yleisurheilupomo-arahti-apurahamallista-katso-tasta-mitka-lajit-kuuluvat-uudistuksen-voittajiin-ja-haviajiin-urheilu","status":"publish","type":"post","link":"https:\/\/www.europesays.com\/fi\/134307\/","title":{"rendered":"Yleisurheilu\u00adpomo \u00e4r\u00e4hti apurahamallista \u2013 katso t\u00e4st\u00e4, mitk\u00e4 lajit kuuluvat uudistuksen voittajiin ja h\u00e4vi\u00e4jiin | Urheilu"},"content":{"rendered":"<p class=\"aw-1gybjub aw-1p7kakr kEtdKx cEmitX yle__article__paragraph\">Opetus- ja kulttuuriministeri\u00f6 jakoi viime viikolla ensimm\u00e4ist\u00e4 kertaa urheilija-apurahat uusitulla j\u00e4rjestelm\u00e4ll\u00e4, jonka tarkoituksena on priorisoida Suomen kansainv\u00e4list\u00e4 urheilumenestyst\u00e4.<\/p>\n<p class=\"aw-1gybjub aw-1p7kakr kEtdKx cEmitX yle__article__paragraph\">K\u00e4yt\u00e4nn\u00f6ss\u00e4 rahaa jaetaan nyt entiseen verrattuna harvemmalle joukolle urheilijoita tiukemmilla kriteereill\u00e4. Apurahojen summia my\u00f6s korotettiin.<\/p>\n<p class=\"aw-1gybjub aw-1p7kakr kEtdKx cEmitX yle__article__paragraph\">Maanantaina yleisurheilijoita edustavan Suomen Urheiluliiton (SUL) puheenjohtaja <strong class=\"aw-ak79eh KyCXm yle__article__strong\">Riikka Pakarinen<\/strong> julkaisi <a class=\"aw-iao6s4 iHOxEa yle__article__link\" href=\"https:\/\/www.yleisurheilu.fi\/uutinen\/apurahapaatokset-herattivat-yleisurheilun-osalta-ihmetysta\/\" role=\"link\" rel=\"nofollow noopener\" target=\"_blank\">tekstin<\/a>, jossa h\u00e4n nosti esiin kriittisi\u00e4 n\u00e4k\u00f6kantoja apurahojen jakautumisesta uusilla kriteereill\u00e4.<\/p>\n<p class=\"aw-1gybjub aw-1p7kakr kEtdKx cEmitX yle__article__paragraph\">Pakarinen nostaa esiin, ett\u00e4 yleisurheilijoiden saamien apurahojen kokonaissumma putosi noin kolmanneksella viime vuoteen verrattuna. My\u00f6s tukea saaneiden yleisurheilijoiden m\u00e4\u00e4r\u00e4 tippui radikaalisti 41:st\u00e4 16:een.<\/p>\n<p class=\"aw-1gybjub aw-1p7kakr kEtdKx cEmitX yle__article__paragraph\">Yle Urheilu vertasi kaikkien kes\u00e4lajien edustajien saamia apurahoja vuosilta 2025 ja 2026. Luvuista selvi\u00e4\u00e4, ett\u00e4 yleisurheilu tosiaan on uudistuksessa selv\u00e4sti eniten rahaa menett\u00e4nyt laji. Toisaalta se saa edelleen ylivoimaisesti eniten tukea.<\/p>\n<p class=\"aw-1gybjub aw-1p7kakr kEtdKx cEmitX yle__article__paragraph\">Yleisurheilun j\u00e4lkeen eniten apurahaa menettiv\u00e4t lentopallo, jalkapallo ja koripallo, mutta t\u00e4lle on selk\u00e4 syy. Uudistuksessa p\u00e4\u00e4tettiin, ett\u00e4 jatkossa joukkuelajeissa yksitt\u00e4isille urheilijoille ei jaeta apurahaa, vaan tuki ohjataan maajoukkuetoiminnan kehitt\u00e4miseen.<\/p>\n<p class=\"aw-1gybjub aw-1p7kakr kEtdKx cEmitX yle__article__paragraph\">Kokonaissummiltaan uudistuksen voittajiin kuuluvat keilailu, uinti ja paini. Erityisesti keilailu sai paljon lis\u00e4\u00e4 tukea, sill\u00e4 lajin tukisumma kolminkertaistui viime vuodesta. Suomi nappasikin loppuvuodesta Hongkongissa k\u00e4ydyist\u00e4 keilailun <a class=\"aw-iao6s4 iHOxEa yle__article__link\" href=\"https:\/\/yle.fi\/a\/74-20197768\" role=\"link\" rel=\"nofollow noopener\" target=\"_blank\">MM-kisoista<\/a> kuusi mitalia, joista per\u00e4ti viisi oli kultaisia.<\/p>\n<p><img decoding=\"async\" alt=\"Kolme keilaajaa poseeraa keilahallissa Suomen maajoukkueasuissa.\" src=\"https:\/\/www.europesays.com\/fi\/wp-content\/uploads\/2026\/01\/39-1564040693129ab738a9.jpeg\" loading=\"lazy\" class=\"aw-1l9m598 hKVVvP\"\/><\/p>\n<p>Avaa kuvien katselu<\/p>\n<p>Suomi oli jopa dominoiva keilailun MM-kisoissa marras-joulukuussa 2025. Naisten trio-kilpailussa kultaa juhlivat Essi Pakarinen (vas.), Ani Juntunen (oik.) ja Peppi Konsteri (edes.). Heist\u00e4 urheilija-apurahan saivat Konsteri ja Pakarinen. Kuva: Tiina Viljakka \/ Suomen keilailuliittoVain olympialaisiin sopivat n\u00e4yt\u00f6t<\/p>\n<p class=\"aw-1gybjub aw-1p7kakr kEtdKx cEmitX yle__article__paragraph\">Yle Urheilun tavoittama SUL:n puheenjohtaja Riikka Pakarinen korostaa, ett\u00e4 h\u00e4nest\u00e4 urheilijoiden apurahaj\u00e4rjestelm\u00e4 on ehdottomasti ollut uudistuksen tarpeessa ja nyt tehdyt p\u00e4\u00e4t\u00f6kset ovat oikeansuuntaisia.<\/p>\n<p class=\"aw-1gybjub aw-1p7kakr kEtdKx cEmitX yle__article__paragraph\">H\u00e4n kuitenkin sanoo suoraan, ett\u00e4 SUL:ssa ollaan pettyneit\u00e4 eik\u00e4 apurahojen jako mennyt heid\u00e4n n\u00e4k\u00f6kulmastaan oikeudenmukaisesti.<\/p>\n<p class=\"aw-1gybjub aw-1p7kakr kEtdKx cEmitX yle__article__paragraph\">\u2013 Jos halutaan menestyst\u00e4, pit\u00e4\u00e4 tehd\u00e4 valintoja my\u00f6s tukilajien m\u00e4\u00e4r\u00e4ss\u00e4 ja merkitt\u00e4vyydess\u00e4. Lajikattausta menestyksen tavoitteluun on pit\u00e4nyt karsia, kun nyt sit\u00e4 lis\u00e4t\u00e4\u00e4n.<\/p>\n<p class=\"aw-1gybjub aw-1p7kakr kEtdKx cEmitX yle__article__paragraph\">Pakarinen nostaa esiin, ett\u00e4 apurahauudistusta edelt\u00e4v\u00e4ss\u00e4 keskustelussa isossa roolissa oli Suomen olympiamenestyksen parantaminen. Kes\u00e4olympialaisissa Suomen joukkueesta valtaosa on perinteisesti yleisurheilijoita.<\/p>\n<p class=\"aw-1gybjub aw-1p7kakr kEtdKx cEmitX yle__article__paragraph\">\u2013 Nyt apurahoja on jaettu varsin avok\u00e4tisesti ei-olympialajien edustajille. Totta kai my\u00f6s n\u00e4iden lajien urheilu on eritt\u00e4in arvokasta, mutta siin\u00e4 kohtaa my\u00f6s yleisurheilusta voisi tarkastella niit\u00e4 lajeja, jotka eiv\u00e4t ole olympialaisissa.<\/p>\n<p><img decoding=\"async\" alt=\"Uimari Laura Lahtinen harjoittelee M\u00e4kel\u00e4nrinteen uimahallissa.\" src=\"https:\/\/www.europesays.com\/fi\/wp-content\/uploads\/2026\/01\/39-1376988672dc9d12d059.jpeg\" loading=\"lazy\" class=\"aw-1l9m598 hKVVvP\"\/><\/p>\n<p>Avaa kuvien katselu<\/p>\n<p>Laura Lahtinen ei saanut urheilija-apurahaa, sill\u00e4 h\u00e4nen parhaat n\u00e4ytt\u00f6ns\u00e4 uinnista ovat lyhyen radan kilpailuista. Olympialaisissa kisataan pitk\u00e4ll\u00e4 radalla. Kuva: Ilkka Loikkanen \/ Yle<\/p>\n<p class=\"aw-1gybjub aw-1p7kakr kEtdKx cEmitX yle__article__paragraph\">Tarkemmin sanottuna jos laji kokonaisuutena on mukana olympialaisissa, hyv\u00e4ksyt\u00e4\u00e4n apurahahaussa n\u00e4yt\u00f6iksi vain ne kilpailumuodot, joilla my\u00f6s olympiamitalit jaetaan. Sen sijaan jos lajikokonaisuus ei ole mukana olympialaisissa, rajoituksia alalajeittain annetuista n\u00e4yt\u00f6ist\u00e4 ei ole.<\/p>\n<p class=\"aw-1gybjub aw-1p7kakr kEtdKx cEmitX yle__article__paragraph\">Esimerkiksi moni yleisurheilun hallikisojen kilpailumuodoista ei ole sellaisenaan mukana olympialaisissa. Siksi vaikkapa 60 metrin aidoissa vuonna 2023 EM-kultamitalin Istanbulista voittaneen <strong class=\"aw-ak79eh KyCXm yle__article__strong\">Reetta Hurskeen<\/strong> n\u00e4ytt\u00f6j\u00e4 hallista ei laskettu mukaan apuraha-arviointiin.<\/p>\n<p class=\"aw-1gybjub aw-1p7kakr kEtdKx cEmitX yle__article__paragraph\">Samasta syyst\u00e4 my\u00f6s uimari <strong class=\"aw-ak79eh KyCXm yle__article__strong\">Laura Lahtinen<\/strong> j\u00e4i ilman apurahaa, vaikka h\u00e4n oli joulukuussa lyhyen 25 metrin radan EM-kisoissa 200 metrin perhosuinnissa nelj\u00e4s ja 100 metrin perhosfinaalissa seitsem\u00e4s. Olympialaisissa matkoja uidaan ainoastaan pitk\u00e4ss\u00e4 50 metrin altaassa.<\/p>\n<p class=\"aw-1gybjub aw-1p7kakr kEtdKx cEmitX yle__article__paragraph\">T\u00e4ss\u00e4 mieless\u00e4 uudistus on otettu harmistuneina vastaan my\u00f6s Uimaliitossa.<\/p>\n<p class=\"aw-1gybjub aw-1p7kakr kEtdKx cEmitX yle__article__paragraph\">\u2013 Olympiamatkoja kuitenkin uidaan sek\u00e4 lyhyess\u00e4 ett\u00e4 pitk\u00e4ss\u00e4 altaassa. Ne ovat ihan yht\u00e4 kovia urheilijoita, jotka p\u00e4rj\u00e4\u00e4v\u00e4t pitk\u00e4ll\u00e4 ja lyhyell\u00e4 radalla. Lyhyen radan kilpailut ovat nykyp\u00e4iv\u00e4n\u00e4 kovatasoisia ja kest\u00e4v\u00e4t vertailua, Uimaliiton toiminnanjohtaja <strong class=\"aw-ak79eh KyCXm yle__article__strong\">Pasi Salonen<\/strong> sanoo.<\/p>\n<p>Subjektiivinen tarkastelu<\/p>\n<p class=\"aw-1gybjub aw-1p7kakr kEtdKx cEmitX yle__article__paragraph\">Toinen Pakarisen huomio liittyy siihen, miten menestysodotuksia voidaan m\u00e4\u00e4ritell\u00e4.<\/p>\n<p class=\"aw-1gybjub aw-1p7kakr kEtdKx cEmitX yle__article__paragraph\">Pienemm\u00e4n eli 12\u00a0000 euron apurahan kriteeri on n\u00e4kym\u00e4 top 8 -sijoituksiin globaaleissa arvokilpailuissa. SUL-pomo on sit\u00e4 mielt\u00e4, ett\u00e4 yleisurheilijoiden mahdollisuuksia on nyt jaetuissa apurahoissa ylenkatsottu.<\/p>\n<p class=\"aw-1gybjub aw-1p7kakr kEtdKx cEmitX yle__article__paragraph\">\u2013 Sielt\u00e4 puuttuu hyvin monta nuorempaa ja kokeneempaa urheilijaa, joilla taatusti tulee olemaan mahdollisuudet kahdeksan parhaan joukkoon sijoittumiseen. T\u00e4llaisen arvioiminen ja ennustaminen erityisesti nuorten urheilijoiden osalta on hyvin hankalaa.<\/p>\n<p><img decoding=\"async\" alt=\"Topi Raitanen juhli Euroopan mestaruutta.\" src=\"https:\/\/www.europesays.com\/fi\/wp-content\/uploads\/2026\/01\/39-997013630077a1f3fcd.jpeg\" loading=\"lazy\" class=\"aw-1l9m598 hKVVvP\"\/><\/p>\n<p>Avaa kuvien katselu<\/p>\n<p>Topi Raitasen nappaama 3\u00a0000 metrin estejuoksun EM-kulta oli vuoden 2022 syk\u00e4hdytt\u00e4vimpi\u00e4 urheiluhetki\u00e4. Kuva: IMAGO\/Eibner\/ All Over Press<\/p>\n<p class=\"aw-1gybjub aw-1p7kakr kEtdKx cEmitX yle__article__paragraph\">Pakarisen mukaan perusteet apurahojen my\u00f6nt\u00e4miselle eiv\u00e4t siis ole olleet selkeit\u00e4 ja kiistattomia, vaan arviointia on tehty subjektiivisella otteella.<\/p>\n<p class=\"aw-1gybjub aw-1p7kakr kEtdKx cEmitX yle__article__paragraph\">My\u00f6s Uimaliiton Salonen katsoo, ett\u00e4 apurahoilta tippui muutamia potentiaalisia globaalisti top 8 -sijoille pystyvi\u00e4 uimareita.<\/p>\n<p class=\"aw-1gybjub aw-1p7kakr kEtdKx cEmitX yle__article__paragraph\">SUL:n Pakarinen nostaa my\u00f6s esiin sen, onko vain globaalien menestysodotusten tarkastelu kaikissa lajeissa j\u00e4rkev\u00e4\u00e4. Esimerkiksi yleisurheilussa suomalaisia ovat syk\u00e4hdytt\u00e4neet usein EM-tasolta tulleet arvokisamitalit, kuten <strong class=\"aw-ak79eh KyCXm yle__article__strong\">Topi Raitasen<\/strong> 3\u00a0000 metrin estejuoksun kulta vuodelta 2022.<\/p>\n<p class=\"aw-1gybjub aw-1p7kakr kEtdKx cEmitX yle__article__paragraph\">Nyt ilman apurahaa j\u00e4iv\u00e4t muun muassa aituri <strong class=\"aw-ak79eh KyCXm yle__article__strong\">Lotta Harala<\/strong>, k\u00e4velij\u00e4 <strong class=\"aw-ak79eh KyCXm yle__article__strong\">Aku Partanen<\/strong> ja kolmiloikkaaja <strong class=\"aw-ak79eh KyCXm yle__article__strong\">Senni Salminen<\/strong>, jotka Pakarisen mielest\u00e4 ovat kaikki potentiaalisia mitalisteja elokuussa Birminghamissa k\u00e4yt\u00e4viss\u00e4 yleisurheilun EM-kisoissa.<\/p>\n<p>Nuorten asema vaikeutui<\/p>\n<p class=\"aw-1gybjub aw-1p7kakr kEtdKx cEmitX yle__article__paragraph\">Pakarisen suurin huolenaihe on se, mik\u00e4 on nuorten ja lupaavien urheilijoiden asema nykymallissa. Uudistuksessa poistettiin kokonaan 16\u201325-vuotiaille suunnattu 6\u00a0000 euron apuraha, jonka viel\u00e4 viime vuonna sai 101 urheilijaa.<\/p>\n<p class=\"aw-1gybjub aw-1p7kakr kEtdKx cEmitX yle__article__paragraph\">Jatkossa kynnys apurahan saajien joukkoon p\u00e4\u00e4semisest\u00e4 on korkealla. Yleisurheilussa on n\u00e4hty viime vuosina paljon nuorten arvokilpailuissa menestyst\u00e4 niitt\u00e4neit\u00e4 urheilijoita, jotka Pakarisen mukaan on nyt melko lailla unohdettu.<\/p>\n<p class=\"aw-1gybjub aw-1p7kakr kEtdKx cEmitX yle__article__paragraph\">\u2013 Siell\u00e4 on paljon esimerkkej\u00e4, kuten <strong class=\"aw-ak79eh KyCXm yle__article__strong\">Emilia Kangas<\/strong>, <strong class=\"aw-ak79eh KyCXm yle__article__strong\">Emil Porvari<\/strong> ja <strong class=\"aw-ak79eh KyCXm yle__article__strong\">Kasperi Vehmaa<\/strong>, jotka ovat j\u00e4\u00e4neet nyt t\u00e4ysin ilman tukea.<\/p>\n<p><img decoding=\"async\" alt=\"Suomen alle 23-vuotiaiden yleisurheilumaajoukkueen mitalinelikko kukat k\u00e4dess\u00e4\u00e4n ja mitalit kaulassaan.\" src=\"https:\/\/www.europesays.com\/fi\/wp-content\/uploads\/2026\/01\/39-1496569687e5f4050985.jpeg\" loading=\"lazy\" class=\"aw-1l9m598 hKVVvP\"\/><\/p>\n<p>Avaa kuvien katselu<\/p>\n<p>Suomen alle 23-vuotiaiden yleisurheilumaajoukkue voitti viime kes\u00e4n\u00e4 Bergenin EM-kisoista nelj\u00e4 mitalia. Pronssia napanneet Emil Porvari (vas.) ja Kasperi Vehmaa (oik.) j\u00e4iv\u00e4t nyt ilman urheilija-apurahaa. Kultaa vuolleet Saga Vanninen (toinen vas.) ja Ilona Mononen sellaisen saivat. Kuva: Petteri B\u00fclow \/ Yle<\/p>\n<p class=\"aw-1gybjub aw-1p7kakr kEtdKx cEmitX yle__article__paragraph\">Joka tapauksessa ensimm\u00e4inen kierros uudella systeemill\u00e4 on nyt vedetty. Seuraavaksi vuorossa on talvilajien apurahahaku, joka toteutetaan maalis-huhtikuussa.<\/p>\n<p class=\"aw-1gybjub aw-1p7kakr kEtdKx cEmitX yle__article__paragraph\">SUL:n Pakarinen painottaa, ett\u00e4 h\u00e4nen kritiikkins\u00e4 ei ole muutosvastarintaa. H\u00e4nest\u00e4 muutoksia ehdottomasti tarvitaan, mutta niihin pit\u00e4\u00e4 olla valmis tekem\u00e4\u00e4n my\u00f6s korjauksia.<\/p>\n<p class=\"aw-1gybjub aw-1p7kakr kEtdKx cEmitX yle__article__paragraph\">\u2013 Jos n\u00e4hd\u00e4\u00e4n, ett\u00e4 joku kohta on mennyt v\u00e4h\u00e4n pieleen, niin sitten korjataan ja parannetaan systeemi\u00e4. Toivon, ett\u00e4 n\u00e4iden pointtien kautta v\u00e4hint\u00e4\u00e4nkin tarkastellaan, miten jatkossa tukia jaetaan.<\/p>\n<p class=\"aw-1gybjub aw-1p7kakr kEtdKx cEmitX yle__article__paragraph\">Uimaliiton Pasi Salonen toteaa, ett\u00e4 apurahojen s\u00e4\u00e4t\u00e4minen on lopulta ikuisuuskysymys, josta jonkun mielest\u00e4 aina j\u00e4\u00e4 jotakin puuttumaan.<\/p>\n<p class=\"aw-1gybjub aw-1p7kakr kEtdKx cEmitX yle__article__paragraph\">\u2013 Lajien v\u00e4lill\u00e4 sit\u00e4 vertailua on varmaan aika mahdotonta tehd\u00e4. Ainakin lajien sis\u00e4ll\u00e4 kisoja ja matkoja olisi hyv\u00e4 arvostaa samalla tavalla. Eli meid\u00e4n tapauksessa sit\u00e4, onko kyseess\u00e4 pitk\u00e4 tai p\u00e4tk\u00e4 rata.<\/p>\n","protected":false},"excerpt":{"rendered":"Opetus- ja kulttuuriministeri\u00f6 jakoi viime viikolla ensimm\u00e4ist\u00e4 kertaa urheilija-apurahat uusitulla j\u00e4rjestelm\u00e4ll\u00e4, jonka tarkoituksena on priorisoida Suomen kansainv\u00e4list\u00e4 urheilumenestyst\u00e4.&hellip;\n","protected":false},"author":2,"featured_media":134308,"comment_status":"","ping_status":"","sticky":false,"template":"","format":"standard","meta":{"footnotes":""},"categories":[5],"tags":[22,23,26,27,33,31,30,17,24,25,28,29,15,2776,1366,18,21,17766,32,19,20,1699,160,16,162],"class_list":{"0":"post-134307","1":"post","2":"type-post","3":"status-publish","4":"format-standard","5":"has-post-thumbnail","7":"category-otsikot","8":"tag-breaking-news","9":"tag-breakingnews","10":"tag-featured-news","11":"tag-featurednews","12":"tag-fi","13":"tag-finland","14":"tag-finnish","15":"tag-headlines","16":"tag-latest-news","17":"tag-latestnews","18":"tag-main-news","19":"tag-mainnews","20":"tag-news","21":"tag-olympialaiset","22":"tag-opetus-ja-kulttuuriministerio","23":"tag-otsikot","24":"tag-paauutiset","25":"tag-saatiot-ja-apurahat","26":"tag-suomi","27":"tag-top-stories","28":"tag-topstories","29":"tag-urheilijat","30":"tag-urheilu","31":"tag-uutiset","32":"tag-yleisurheilu"},"share_on_mastodon":{"url":"https:\/\/pubeurope.com\/@fi\/115844080147984134","error":""},"_links":{"self":[{"href":"https:\/\/www.europesays.com\/fi\/wp-json\/wp\/v2\/posts\/134307","targetHints":{"allow":["GET"]}}],"collection":[{"href":"https:\/\/www.europesays.com\/fi\/wp-json\/wp\/v2\/posts"}],"about":[{"href":"https:\/\/www.europesays.com\/fi\/wp-json\/wp\/v2\/types\/post"}],"author":[{"embeddable":true,"href":"https:\/\/www.europesays.com\/fi\/wp-json\/wp\/v2\/users\/2"}],"replies":[{"embeddable":true,"href":"https:\/\/www.europesays.com\/fi\/wp-json\/wp\/v2\/comments?post=134307"}],"version-history":[{"count":0,"href":"https:\/\/www.europesays.com\/fi\/wp-json\/wp\/v2\/posts\/134307\/revisions"}],"wp:featuredmedia":[{"embeddable":true,"href":"https:\/\/www.europesays.com\/fi\/wp-json\/wp\/v2\/media\/134308"}],"wp:attachment":[{"href":"https:\/\/www.europesays.com\/fi\/wp-json\/wp\/v2\/media?parent=134307"}],"wp:term":[{"taxonomy":"category","embeddable":true,"href":"https:\/\/www.europesays.com\/fi\/wp-json\/wp\/v2\/categories?post=134307"},{"taxonomy":"post_tag","embeddable":true,"href":"https:\/\/www.europesays.com\/fi\/wp-json\/wp\/v2\/tags?post=134307"}],"curies":[{"name":"wp","href":"https:\/\/api.w.org\/{rel}","templated":true}]}}