{"id":13431,"date":"2025-08-22T19:34:09","date_gmt":"2025-08-22T19:34:09","guid":{"rendered":"https:\/\/www.europesays.com\/fi\/13431\/"},"modified":"2025-08-22T19:34:09","modified_gmt":"2025-08-22T19:34:09","slug":"kivijarvelta-loytyi-uusi-sieni-suomessa-yha-tuhansia-tunnistamattomia-lajeja-keski-suomi","status":"publish","type":"post","link":"https:\/\/www.europesays.com\/fi\/13431\/","title":{"rendered":"Kivij\u00e4rvelt\u00e4 l\u00f6ytyi uusi sieni \u2013 Suomessa yh\u00e4 tuhansia tunnistamattomia lajeja | Keski-Suomi"},"content":{"rendered":"<p>Suomessa on havaittu 26 uutta sienilajia, ilmenee Luontotietopalvelu Taigan tiedotteesta. Yksi uusista lajeista, Protoacria delicata, l\u00f6ytyi Keski-Suomesta Kivij\u00e4rvelt\u00e4. Samaa lajia havaittiin my\u00f6s Paltamossa ja Puolangalla.<\/p>\n<p>\u2013\u2009Uusia sienilajeja l\u00f6ytyy Suomessa vuosittain. N\u00e4m\u00e4 26 lajia on l\u00f6ydetty useamman vuoden aikana ja on nyt koottu yhteen, maatalous- ja mets\u00e4tieteiden tohtori <strong>Panu Kunttu<\/strong> kertoo Luontotietopalvelu Taigasta.<\/p>\n<p>L\u00f6ydetyt sienilajit eiv\u00e4t ole vieraslajeja Suomessa, vaan aiemmin tunnistamattomia sieni\u00e4. Kuntun mukaan lajien tunnistaminen on eri syist\u00e4 hidasta.<\/p>\n<p>\u2013\u2009Tunnistus on pitk\u00e4j\u00e4nteist\u00e4 ja hidasta ty\u00f6t\u00e4. Meill\u00e4 on jopa tuhansia sienilajeja viel\u00e4 l\u00f6yt\u00e4m\u00e4tt\u00e4 Suomesta, sill\u00e4 sienitutkimus on resursoitu huonosti. Tutkijoita on v\u00e4h\u00e4n, kuten my\u00f6s tutkimuksen resursseja. Lajien identiteetti ei selvi\u00e4 heti, vaan lajeja joudutaan tutkimaan tarkemmin laboratoriossa sek\u00e4 mahdollisesti tilaamaan ulkomailta n\u00e4ytteit\u00e4, joihin verrata uutta l\u00f6yt\u00f6\u00e4, Kunttu selvent\u00e4\u00e4.<\/p>\n<blockquote class=\"voice-no-read rs_skip diks-blockquote\">\n<p class=\"diks-blockquote__text\">Suomessa olevien sienten m\u00e4\u00e4r\u00e4 on luultavasti kaksinkertainen t\u00e4m\u00e4n hetken l\u00f6ydettyihin verrattuna.<\/p>\n<p>Panu Kunttu<\/p><\/blockquote>\n<p>\t\t<a class=\"diks-gallery__link\" href=\"https:\/\/i.media.fi\/incoming\/glqfx3\/11002828.jpg\/alternates\/FREE_1440\/11002828.jpg\" data-thumbnail=\"\" data-sub-html=\"Pippurikruunuhaarakasta on aiemmin l\u00f6ydetty Pohjois-Amerikasta. Jorma Pennanen\" aria-label=\"Katso isompi kuva\" rel=\"nofollow noopener\" target=\"_blank\"><br \/>\n\t\t\t\t<img class=\"diks-figure__image\" src=\"https:\/\/www.europesays.com\/fi\/wp-content\/uploads\/2025\/08\/11002828.jpg\" loading=\"lazy\" decoding=\"sync\" alt=\"\"\/><br \/>\n\t\t\t<\/a><br \/>\n\t\t\t\t\tPippurikruunuhaarakasta on aiemmin l\u00f6ydetty Pohjois-Amerikasta. Jorma Pennanen<\/p>\n<p><strong class=\"diks-storyline__impact\">Kaksi Pohjois-Suomesta<\/strong> havaittua lajia l\u00f6ytyi ensimm\u00e4isen kerran Euroopasta. Aiemmin okanuijakas (Clavariadelphus mucronatus) ja pippurikruunuhaarakas (Artomyces piperatus) on l\u00f6ydetty Pohjois-Amerikasta.<\/p>\n<p>Muut sienilajit ovat Suomen tunnistuksessa t\u00e4ysin uusia, eik\u00e4 lajeilla ole viel\u00e4 suomenkielisi\u00e4 nimi\u00e4. Sit\u00e4 ilment\u00e4v\u00e4t muun muassa Sotkamossa havaittu Luellia furcata, Kajaanin Myxarium grilletii, Paltamon Repetobasidium conicum ja Rovaniemen sek\u00e4 Oulun Ramariopsis hirtipes.<\/p>\n<p>Kuntta uskoo, ett\u00e4 lajien suomenkieliset nimet tulevat pian nimist\u00f6elimen k\u00e4sittelyyn. Sienten lajinimist\u00e4 p\u00e4\u00e4tt\u00e4\u00e4 Suomen Sieniseuran nimist\u00f6toimikunta.<\/p>\n<p>\u2013\u2009Kuvaavan nimen l\u00f6yt\u00e4minen eri sienilajeille ei ole helppoa, sill\u00e4 nimen kautta kuvataan lajin ulkon\u00e4k\u00f6\u00e4, kasvupaikkaa ja ekologiaa, emmek\u00e4 me viel\u00e4 t\u00e4ysin tunne lajien toimintaa elinymp\u00e4rist\u00f6iss\u00e4\u00e4n, Kunttu t\u00e4sment\u00e4\u00e4.<\/p>\n<p>\t\t<a class=\"diks-gallery__link\" href=\"https:\/\/i.media.fi\/incoming\/v39q02\/11003129.jpg\/alternates\/FREE_1440\/11003129.jpg\" data-thumbnail=\"\" data-sub-html=\"Clavulina reae havaittiin Lapissa viime vuosien aikana. Tapio Kekki\" aria-label=\"Katso isompi kuva\" rel=\"nofollow noopener\" target=\"_blank\"><br \/>\n\t\t\t\t<img class=\"diks-figure__image\" src=\"https:\/\/www.europesays.com\/fi\/wp-content\/uploads\/2025\/08\/11003129.jpg\" loading=\"lazy\" decoding=\"sync\" alt=\"\"\/><br \/>\n\t\t\t<\/a><br \/>\n\t\t\t\t\tClavulina reae havaittiin Lapissa viime vuosien aikana. Tapio Kekki<\/p>\n<p><strong class=\"diks-storyline__impact\">Kaikki uusimmat<\/strong> lajistoselvitysten yhteydess\u00e4 tunnistetut sienet kuuluvat sienten luokittelussa k\u00e4\u00e4v\u00e4kk\u00e4isiin. Ne kasvavat tyypillisesti lahopuissa ja karikkeessa. Lajit voivat my\u00f6s muodostaa sienijuuren, joka on luonnon kannalta t\u00e4rke\u00e4.<\/p>\n<p>\u2013\u2009Sienill\u00e4 on korvaamaton merkitys ekosysteemiss\u00e4, vaikka ne ovat usein pieni\u00e4 ja huomaamattomia. Sienet ovat hajottajia eli ne pit\u00e4v\u00e4t ravinteet kierrossa ja monet sienilajit muodostavat sienijuuriyhteyden kasvien ja puiden kanssa, Kunttu muistuttaa.<\/p>\n<p>\t\t<a class=\"diks-gallery__link\" href=\"https:\/\/i.media.fi\/incoming\/tpc0md\/11003127.jpg\/alternates\/FREE_1440\/11003127.jpg\" data-thumbnail=\"\" data-sub-html=\"Sienet ovat ekosysteemille korvaamaton apuri. Kuvassa Okanuijakas. Tapio Kekki\" aria-label=\"Katso isompi kuva\" rel=\"nofollow noopener\" target=\"_blank\"><br \/>\n\t\t\t\t<img class=\"diks-figure__image\" src=\"https:\/\/www.europesays.com\/fi\/wp-content\/uploads\/2025\/08\/11003127.jpg\" loading=\"lazy\" decoding=\"sync\" alt=\"\"\/><br \/>\n\t\t\t<\/a><br \/>\n\t\t\t\t\tSienet ovat ekosysteemille korvaamaton apuri. Kuvassa Okanuijakas. Tapio Kekki<\/p>\n<p>Suomelle uudet sienilajit l\u00f6ysiv\u00e4t kajaanilainen <strong>Teppo Helo<\/strong>, rovaniemel\u00e4inen <strong>Tapio Kekki<\/strong>, oululaiset <strong>Matti Kulju<\/strong> ja <strong>Aki Moilanen<\/strong>, raaseporilainen <strong>Jorma Pennanen<\/strong>, helsinkil\u00e4iset <strong>Pyry Veteli <\/strong>ja <strong>Henry V\u00e4re<\/strong>, kemi\u00f6nsaarelainen <strong>Panu Kunttu<\/strong> ja ulvilalainen <strong>Hannu Lehtonen<\/strong>.<\/p>\n<p>T\u00e4h\u00e4n menness\u00e4 Suomessa on tunnistettu yhteens\u00e4 noin 8000 sienilajia, mutta Kunttu arvioi, ett\u00e4 monet lajit ovat yh\u00e4 tunnistamatta.<\/p>\n<p>\u2013\u2009Suomessa olevien sienten m\u00e4\u00e4r\u00e4 on luultavasti kaksinkertainen t\u00e4m\u00e4n hetken l\u00f6ydettyihin verrattuna.<\/p>\n<p class=\"diks-title diks-article-box__title\">Sienet<\/p>\n<p>Uusimmat sienilajit Suomessa<\/p>\n<p>Okanuijakas \/ Clavariadelphus mucronatus (Kolari, Pello ja Rovaniemi)<\/p>\n<p>Pippurikruunuhaarakas \/ Artomyces piperatus l\u00f6ydettiin (Savukoski)<\/p>\n<p>Amylocorticium laceratum (Lapinlahti) <\/p>\n<p>Basidiodendron glaucum (Hyrynsalmi)<\/p>\n<p>Basidiodendron globisporum (Paltamo)<\/p>\n<p>Clavulina perplexa (Simo)<\/p>\n<p>Clavulina reae (Keminmaa, Rovaniemi)<\/p>\n<p>Dichostereum effuscatum (Lohja)<\/p>\n<p>Elaphocephala iocularis (Sotkamo)<\/p>\n<p>Gloeocystidiellum kenyense (Kemi\u00f6nsaari, Oulu, Puolanka, Kajaani)<\/p>\n<p>Helicogloea pellucida (Puolanka)<\/p>\n<p>Hirticlavula elegans (Kajaani)<\/p>\n<p>Lindtneria leucobryophila (Sipoo)<\/p>\n<p>Luellia furcata (Sotkamo)<\/p>\n<p>Myxarium crystallinum (Kajaani)<\/p>\n<p>Myxarium fugacissimum (Hyrynsalmi, Kuhmo)<\/p>\n<p>Myxarium grilletii (Kajaani)<\/p>\n<p>Myxarium minutissimum (Kajaani)<\/p>\n<p>Paullicorticium globosum (Suomussalmi)<\/p>\n<p>Polyozellus flavovirens (Puolanka, Sotkamo)<\/p>\n<p>Protoacia delicata (Puolanka, Paltamo, Kivij\u00e4rvi)<\/p>\n<p>Ramariopsis hirtipes (Oulu, Rovaniemi)<\/p>\n<p>Repetobasidium conicum (Paltamo)<\/p>\n<p>Serendipita vermifera (Sotkamo)<\/p>\n<p>Thujacorticium zurhausenii (Rovaniemi)<\/p>\n<p>Tretomyces lutescens (Kristiinankaupunki)<\/p>\n","protected":false},"excerpt":{"rendered":"Suomessa on havaittu 26 uutta sienilajia, ilmenee Luontotietopalvelu Taigan tiedotteesta. Yksi uusista lajeista, Protoacria delicata, l\u00f6ytyi Keski-Suomesta Kivij\u00e4rvelt\u00e4.&hellip;\n","protected":false},"author":2,"featured_media":13432,"comment_status":"","ping_status":"","sticky":false,"template":"","format":"standard","meta":{"footnotes":""},"categories":[12],"tags":[22,23,821,26,27,33,31,30,17,3921,949,727,1834,4355,24,25,28,29,15,18,21,5547,32,19,20,16],"class_list":{"0":"post-13431","1":"post","2":"type-post","3":"status-publish","4":"format-standard","5":"has-post-thumbnail","7":"category-suomi","8":"tag-breaking-news","9":"tag-breakingnews","10":"tag-eramaat","11":"tag-featured-news","12":"tag-featurednews","13":"tag-fi","14":"tag-finland","15":"tag-finnish","16":"tag-headlines","17":"tag-ita-suomen-laani-hist","18":"tag-kajaani","19":"tag-kajaanin-seutukunta","20":"tag-kivijarvi","21":"tag-lapin-maakunta","22":"tag-latest-news","23":"tag-latestnews","24":"tag-main-news","25":"tag-mainnews","26":"tag-news","27":"tag-otsikot","28":"tag-paauutiset","29":"tag-sienisato","30":"tag-suomi","31":"tag-top-stories","32":"tag-topstories","33":"tag-uutiset"},"share_on_mastodon":{"url":"","error":""},"_links":{"self":[{"href":"https:\/\/www.europesays.com\/fi\/wp-json\/wp\/v2\/posts\/13431","targetHints":{"allow":["GET"]}}],"collection":[{"href":"https:\/\/www.europesays.com\/fi\/wp-json\/wp\/v2\/posts"}],"about":[{"href":"https:\/\/www.europesays.com\/fi\/wp-json\/wp\/v2\/types\/post"}],"author":[{"embeddable":true,"href":"https:\/\/www.europesays.com\/fi\/wp-json\/wp\/v2\/users\/2"}],"replies":[{"embeddable":true,"href":"https:\/\/www.europesays.com\/fi\/wp-json\/wp\/v2\/comments?post=13431"}],"version-history":[{"count":0,"href":"https:\/\/www.europesays.com\/fi\/wp-json\/wp\/v2\/posts\/13431\/revisions"}],"wp:featuredmedia":[{"embeddable":true,"href":"https:\/\/www.europesays.com\/fi\/wp-json\/wp\/v2\/media\/13432"}],"wp:attachment":[{"href":"https:\/\/www.europesays.com\/fi\/wp-json\/wp\/v2\/media?parent=13431"}],"wp:term":[{"taxonomy":"category","embeddable":true,"href":"https:\/\/www.europesays.com\/fi\/wp-json\/wp\/v2\/categories?post=13431"},{"taxonomy":"post_tag","embeddable":true,"href":"https:\/\/www.europesays.com\/fi\/wp-json\/wp\/v2\/tags?post=13431"}],"curies":[{"name":"wp","href":"https:\/\/api.w.org\/{rel}","templated":true}]}}