{"id":134311,"date":"2026-01-05T19:27:07","date_gmt":"2026-01-05T19:27:07","guid":{"rendered":"https:\/\/www.europesays.com\/fi\/134311\/"},"modified":"2026-01-05T19:27:07","modified_gmt":"2026-01-05T19:27:07","slug":"mukavia-uutisia-extremen-ystaville-nuno-bettencourt-julkaisi-ilahduttavan-somepaivityksen","status":"publish","type":"post","link":"https:\/\/www.europesays.com\/fi\/134311\/","title":{"rendered":"Mukavia uutisia Extremen yst\u00e4ville \u2013 Nuno Bettencourt julkaisi ilahduttavan somep\u00e4ivityksen"},"content":{"rendered":"<p>Mik\u00e4li satut olemaan Extremen musiikin yst\u00e4v\u00e4, nyt kuuluu maailmalta iloisia uutisia. Nuno Bettencourt julkaisi t\u00e4ss\u00e4 hetki sitten sosiaalisessa mediassa kuvan, jossa h\u00e4n istuskelee studiossa jalat miksausp\u00f6yd\u00e4n p\u00e4\u00e4ll\u00e4 pirunsarvimerkki\u00e4 n\u00e4ytt\u00e4m\u00e4ss\u00e4. Saatekeksti on ytimek\u00e4s: \u201dP\u00e4iv\u00e4 1, 2026, Extreme\u201d.<\/p>\n<p>Mit\u00e4 ilmeisimmin t\u00e4m\u00e4 merkitsee sit\u00e4, ett\u00e4 Extreme aikoo tehd\u00e4 jatkoa vuoden 2023 Six-albumille. Kokoonpano n\u00e4ytt\u00e4\u00e4 l\u00f6yt\u00e4neen uuden innon b\u00e4ndihommiin, sill\u00e4 Sixi\u00e4 edelt\u00e4nyt levy Saudades de Rock julkaistiin niinkin kauan sitten kuin vuonna 2008 ja sit\u00e4 edellinen pitk\u00e4soitto Waiting for the Punchline tuli julki vuonna 1995. Noihin lukemiin verrattuna yhtyeen seitsem\u00e4s albumi syntyy siis suorastaan pikavauhtia.<\/p>\n<p>Extremen voi n\u00e4hd\u00e4 ensi kes\u00e4n\u00e4 Suomessa 16. kes\u00e4kuuta Helsingiss\u00e4, kun yhtye l\u00e4mmittelee Veikkaus-areenalla Def Leppardia. Jospa saataisiin jo ennen tuota keikkaa uutta musiikkiakin kuultavaksi! Katso Nunon alkuper\u00e4inen p\u00e4ivitys alempaa:<\/p>\n<p>Lue my\u00f6s: <a href=\"https:\/\/www.soundi.fi\/uutiskirje\/\" title=\"Tilaa Soundin uutiskirje\" class=\"underline-custom !font-montserrat !font-bold !underline-offset-4 !decoration-4 !decoration-red-600 !text-md\" rel=\"nofollow noopener\" target=\"_blank\">Tilaa Soundin uutiskirje ja tied\u00e4t mist\u00e4 kahvitauolla puhutaan! Nappaa ajankohtaiset musiikin uutiset ja puheenaiheet suoraan s\u00e4hk\u00f6postiin t\u00e4st\u00e4.<\/a><\/p>\n","protected":false},"excerpt":{"rendered":"Mik\u00e4li satut olemaan Extremen musiikin yst\u00e4v\u00e4, nyt kuuluu maailmalta iloisia uutisia. Nuno Bettencourt julkaisi t\u00e4ss\u00e4 hetki sitten sosiaalisessa&hellip;\n","protected":false},"author":2,"featured_media":134312,"comment_status":"","ping_status":"","sticky":false,"template":"","format":"standard","meta":{"footnotes":""},"categories":[132],"tags":[137,33,31,30,195,47,32,109],"class_list":{"0":"post-134311","1":"post","2":"type-post","3":"status-publish","4":"format-standard","5":"has-post-thumbnail","7":"category-musiikki","8":"tag-entertainment","9":"tag-fi","10":"tag-finland","11":"tag-finnish","12":"tag-music","13":"tag-musiikki","14":"tag-suomi","15":"tag-viihde"},"share_on_mastodon":{"url":"https:\/\/pubeurope.com\/@fi\/115844143000499136","error":""},"_links":{"self":[{"href":"https:\/\/www.europesays.com\/fi\/wp-json\/wp\/v2\/posts\/134311","targetHints":{"allow":["GET"]}}],"collection":[{"href":"https:\/\/www.europesays.com\/fi\/wp-json\/wp\/v2\/posts"}],"about":[{"href":"https:\/\/www.europesays.com\/fi\/wp-json\/wp\/v2\/types\/post"}],"author":[{"embeddable":true,"href":"https:\/\/www.europesays.com\/fi\/wp-json\/wp\/v2\/users\/2"}],"replies":[{"embeddable":true,"href":"https:\/\/www.europesays.com\/fi\/wp-json\/wp\/v2\/comments?post=134311"}],"version-history":[{"count":0,"href":"https:\/\/www.europesays.com\/fi\/wp-json\/wp\/v2\/posts\/134311\/revisions"}],"wp:featuredmedia":[{"embeddable":true,"href":"https:\/\/www.europesays.com\/fi\/wp-json\/wp\/v2\/media\/134312"}],"wp:attachment":[{"href":"https:\/\/www.europesays.com\/fi\/wp-json\/wp\/v2\/media?parent=134311"}],"wp:term":[{"taxonomy":"category","embeddable":true,"href":"https:\/\/www.europesays.com\/fi\/wp-json\/wp\/v2\/categories?post=134311"},{"taxonomy":"post_tag","embeddable":true,"href":"https:\/\/www.europesays.com\/fi\/wp-json\/wp\/v2\/tags?post=134311"}],"curies":[{"name":"wp","href":"https:\/\/api.w.org\/{rel}","templated":true}]}}