{"id":134315,"date":"2026-01-05T19:31:08","date_gmt":"2026-01-05T19:31:08","guid":{"rendered":"https:\/\/www.europesays.com\/fi\/134315\/"},"modified":"2026-01-05T19:31:08","modified_gmt":"2026-01-05T19:31:08","slug":"yellowstone-luojan-hittitrilleri-paattyy-seuraavaan-kauteen-jeremy-renner-innoissaan-saadessaan-palata-rooliinsa-viela-kerran","status":"publish","type":"post","link":"https:\/\/www.europesays.com\/fi\/134315\/","title":{"rendered":"Yellowstone-luojan hittitrilleri p\u00e4\u00e4ttyy seuraavaan kauteen &#8211; Jeremy Renner innoissaan saadessaan palata rooliinsa viel\u00e4 kerran"},"content":{"rendered":"<p>Hittinikkari <strong>Taylor Sheridanin<\/strong> luoma trillerisarja Mayor of Kingstown tulee pian tiens\u00e4 p\u00e4\u00e4t\u00f6kseen. Sarja onkin nyt uusittu virallisesti viidennelle tuotantokaudelleen, joka tulee j\u00e4\u00e4m\u00e4\u00e4n samalla my\u00f6s sen viimeiseksi osaksi.<\/p>\n<p>Paramount kertoo asiasta omissa viestint\u00e4kanavissaan. Julkaistussa synkk\u00e4s\u00e4vyisess\u00e4 kuvassa poseeraa sarjan p\u00e4\u00e4t\u00e4hti<strong> Jeremy Renner <\/strong>roolihahmonaan Michael McLuskyna, tuttuun tapaan puku p\u00e4\u00e4ll\u00e4, vankilan vierailukoppien luona. Julkaisun kuvateksti kertoo, ettei Mike McLusky ole viel\u00e4 saattanut aikomuksiaan p\u00e4\u00e4t\u00f6kseen.<\/p>\n<p>Renner kommentoi julkaisua hehkuttamalla olevansa innoissaan p\u00e4\u00e4stess\u00e4\u00e4n palaamaan \u201dtoimistolle\u201d viel\u00e4 yhden kerran. H\u00e4n my\u00f6s kiitt\u00e4\u00e4 sarjan faneja jaetuista vuosista.<\/p>\n<p>Lue my\u00f6s: <a href=\"https:\/\/www.episodi.fi\/uutiset\/nyt-skyshowtimessa-taylor-sheridanin-rajahtava-oljylankkari-landman-jatkuu\/\" title=\"Nyt SkyShowtimessa: Taylor Sheridanin r\u00e4j\u00e4ht\u00e4v\u00e4 \u00f6ljyl\u00e4nkk\u00e4ri Landman jatkuu\" class=\"underline-custom !font-montserrat !font-bold !underline-offset-4 !decoration-4 !decoration-episodi-blue !text-md\" rel=\"nofollow noopener\" target=\"_blank\">Nyt SkyShowtimessa: Taylor Sheridanin r\u00e4j\u00e4ht\u00e4v\u00e4 \u00f6ljyl\u00e4nkk\u00e4ri Landman jatkuu<\/a><\/p>\n<p>Lue my\u00f6s: <a href=\"https:\/\/www.episodi.fi\/uutiset\/jeremy-rennerin-ja-kiinalaisohjaaja-yi-zhoun-valinen-kiista-muuttui-asteen-omituisemmaksi\/\" title=\"Jeremy Rennerin ja kiinalaisohjaaja Yi Zhoun v\u00e4linen kiista muuttui asteen omituisemmaksi\" class=\"underline-custom !font-montserrat !font-bold !underline-offset-4 !decoration-4 !decoration-episodi-blue !text-md\" rel=\"nofollow noopener\" target=\"_blank\">Jeremy Rennerin ja kiinalaisohjaaja Yi Zhoun v\u00e4linen kiista muuttui asteen omituisemmaksi<\/a><\/p>\n<p>Sarja kiid\u00e4tt\u00e4\u00e4 katsojat fiktiiviseen Kingstownin kaupunkiin, joka py\u00f6rii paikallisen vankilan tarjoamien business-mahdollisuuksien varassa. McLuskyn perhe yritt\u00e4\u00e4 pit\u00e4\u00e4 kaupungin j\u00e4rjestyst\u00e4 yll\u00e4 korruption ja rikollisuuden keskell\u00e4.<\/p>\n<p>Mayor of Kingstownin nelj\u00e4s tuotantokausi tuli juuri p\u00e4\u00e4t\u00f6kseens\u00e4 SkyShowtime-suoratoistopalvelussa. Uusia kausia on ilmestynyt vuodesta 2021 l\u00e4htien \u2013 viel\u00e4 ei ole kuitenkaan varmuutta siit\u00e4, milloin viides eli viimeinen kausi p\u00e4\u00e4see fanien ruuduilla py\u00f6rim\u00e4\u00e4n. <\/p>\n<p>Sheridanin muihin menestyssarjoihin lukeutuvat muun muassa Yellowstone ja sen spin-off-sarjat 1883 sek\u00e4 1923, Landman, Tulsa King ja Lioness.<\/p>\n<p>Lue my\u00f6s: <a href=\"https:\/\/www.episodi.fi\/uutiset\/yellowstonen-spinoff-sarja-y-marshals-sai-trailerin\/\" title=\"Yellowstonen spinoff-sarja Y: Marshals sai trailerin\" class=\"underline-custom !font-montserrat !font-bold !underline-offset-4 !decoration-4 !decoration-episodi-blue !text-md\" rel=\"nofollow noopener\" target=\"_blank\">Yellowstonen spinoff-sarja Y: Marshals sai trailerin<\/a><\/p>\n<p>Alla Paramountin oma julkaisu Mayor of Kingstownin tulevasta finaalikaudesta.<\/p>\n<p>Lue my\u00f6s: <a href=\"https:\/\/www.episodi.fi\/uutiskirje\/?uutiskirjemainos=tekstilinkkimainos\" title=\"Tilaa Episodin uutiskirje ja voit voittaa leffalippuja! Nappaa tv-vinkit suoraan s\u00e4hk\u00f6postiin t\u00e4st\u00e4.\" class=\"underline-custom !font-montserrat !font-bold !underline-offset-4 !decoration-4 !decoration-episodi-blue !text-md\" rel=\"nofollow noopener\" target=\"_blank\">Tilaa Episodin uutiskirje ja voit voittaa leffalippuja! Nappaa katseluvinkit suoraan s\u00e4hk\u00f6postiin t\u00e4st\u00e4.<\/a><\/p>\n","protected":false},"excerpt":{"rendered":"Hittinikkari Taylor Sheridanin luoma trillerisarja Mayor of Kingstown tulee pian tiens\u00e4 p\u00e4\u00e4t\u00f6kseen. Sarja onkin nyt uusittu virallisesti viidennelle&hellip;\n","protected":false},"author":2,"featured_media":134316,"comment_status":"","ping_status":"","sticky":false,"template":"","format":"standard","meta":{"footnotes":""},"categories":[130],"tags":[137,33,31,30,4998,4999,341,32,570,7636,571,109],"class_list":{"0":"post-134315","1":"post","2":"type-post","3":"status-publish","4":"format-standard","5":"has-post-thumbnail","7":"category-viihde","8":"tag-entertainment","9":"tag-fi","10":"tag-finland","11":"tag-finnish","12":"tag-jeremy-renner","13":"tag-mayor-of-kingstown","14":"tag-skyshowtime","15":"tag-suomi","16":"tag-suoratoisto","17":"tag-taylor-sheridan","18":"tag-tv-sarjat","19":"tag-viihde"},"share_on_mastodon":{"url":"https:\/\/pubeurope.com\/@fi\/115844158718112105","error":""},"_links":{"self":[{"href":"https:\/\/www.europesays.com\/fi\/wp-json\/wp\/v2\/posts\/134315","targetHints":{"allow":["GET"]}}],"collection":[{"href":"https:\/\/www.europesays.com\/fi\/wp-json\/wp\/v2\/posts"}],"about":[{"href":"https:\/\/www.europesays.com\/fi\/wp-json\/wp\/v2\/types\/post"}],"author":[{"embeddable":true,"href":"https:\/\/www.europesays.com\/fi\/wp-json\/wp\/v2\/users\/2"}],"replies":[{"embeddable":true,"href":"https:\/\/www.europesays.com\/fi\/wp-json\/wp\/v2\/comments?post=134315"}],"version-history":[{"count":0,"href":"https:\/\/www.europesays.com\/fi\/wp-json\/wp\/v2\/posts\/134315\/revisions"}],"wp:featuredmedia":[{"embeddable":true,"href":"https:\/\/www.europesays.com\/fi\/wp-json\/wp\/v2\/media\/134316"}],"wp:attachment":[{"href":"https:\/\/www.europesays.com\/fi\/wp-json\/wp\/v2\/media?parent=134315"}],"wp:term":[{"taxonomy":"category","embeddable":true,"href":"https:\/\/www.europesays.com\/fi\/wp-json\/wp\/v2\/categories?post=134315"},{"taxonomy":"post_tag","embeddable":true,"href":"https:\/\/www.europesays.com\/fi\/wp-json\/wp\/v2\/tags?post=134315"}],"curies":[{"name":"wp","href":"https:\/\/api.w.org\/{rel}","templated":true}]}}