{"id":134319,"date":"2026-01-05T19:35:10","date_gmt":"2026-01-05T19:35:10","guid":{"rendered":"https:\/\/www.europesays.com\/fi\/134319\/"},"modified":"2026-01-05T19:35:10","modified_gmt":"2026-01-05T19:35:10","slug":"nain-voisi-kayda-jos-trump-paattaisi-hyokata-gronlantiin","status":"publish","type":"post","link":"https:\/\/www.europesays.com\/fi\/134319\/","title":{"rendered":"N\u00e4in voisi k\u00e4yd\u00e4, jos Trump p\u00e4\u00e4tt\u00e4isi hy\u00f6k\u00e4t\u00e4 Gr\u00f6nlantiin"},"content":{"rendered":"<p>Toteutuessaan hy\u00f6kk\u00e4ys voisi muuttaa koko kansainv\u00e4lisen j\u00e4rjestelm\u00e4n toimintalogiikkaa, varoittaa asiantuntija.<\/p>\n<p class=\"article-body mb-nof-24 px-nof-16\">Viikonlopun tapahtumien j\u00e4lkeen on noussut uudella tavalla esille huoli siit\u00e4, voisiko Yhdysvallat todella hy\u00f6k\u00e4t\u00e4 Gr\u00f6nlantiin, sanoo ulko- ja turvallisuuspolitiikan asiantuntija <a class=\"font-bold underline-offset-[0.12em] [text-decoration:var(--person-link-text-decoration)] ![text-decoration-color:var(--person-link-text-decoration-color)]\" href=\"https:\/\/www.is.fi\/haku\/?query=Henri%20Vanhanen\" rel=\"nofollow noopener\" target=\"_blank\">Henri Vanhanen<\/a>.<\/p>\n<p class=\"article-body mb-nof-24 px-nof-16\">Yhdysvaltain presidentti <a class=\"font-bold underline-offset-[0.12em] [text-decoration:var(--person-link-text-decoration)] ![text-decoration-color:var(--person-link-text-decoration-color)]\" href=\"https:\/\/www.is.fi\/haku\/?query=Donald%20Trump\" rel=\"nofollow noopener\" target=\"_blank\">Donald Trump<\/a> on jo aiemmin toistuvasti ilmaissut halunsa liitt\u00e4\u00e4 Gr\u00f6nlanti osaksi Yhdysvaltoja.<\/p>\n<p class=\"article-body mb-nof-24 px-nof-16\">Yhdysvaltain lauantaina Venezuelaan tekem\u00e4n iskun ja maan presidenttiparin kaappaamisen j\u00e4lkeen Trump toisti uhkauksensa Gr\u00f6nlannille.<\/p>\n<p class=\"article-body mb-nof-24 px-nof-16\">H\u00e4n on perustellut Gr\u00f6nlanti-puheitaan muun muassa kansallisen turvallisuuden tarpeilla.<\/p>\n<p class=\"article-body mb-nof-24 px-nof-16\">\u2013 On otettava tosissaan se, mit\u00e4 Yhdysvallat Trumpin suulla puhuu. Emme voi olla varmoja siit\u00e4, mitk\u00e4 asiat ovat mustaa huumoria \u2013 jos t\u00e4llaista termi\u00e4 voi k\u00e4ytt\u00e4\u00e4 \u2013 ja mitk\u00e4 taas strategisten tavoitteiden \u00e4\u00e4neen lausumista, Vanhanen sanoo.<\/p>\n<p class=\"article-body mb-nof-24 px-nof-16\">Vanhasen mukaan Trumpin puheet on otettava vakavasti \u2013 siit\u00e4kin huolimatta, ett\u00e4 Yhdysvaltojen sotilaallinen hy\u00f6kk\u00e4ys Gr\u00f6nlantiin olisi historiallisesti t\u00e4ysin poikkeuksellinen tilanne.<\/p>\n<p class=\"article-body mb-nof-24 px-nof-16\">\u2013 Se tarkoittaisi hy\u00f6kk\u00e4yst\u00e4 Nato-j\u00e4senmaa Tanskan alueelle ja kohdistuisi samalla my\u00f6s autonomiseen alueeseen, jossa Yhdysvalloilla on jo olemassa sotilaallisia j\u00e4rjestelyj\u00e4. T\u00e4llainen skenaario olisi hyvin ennakoimaton ja uusi.<\/p>\n<p class=\"article-body mb-nof-24 px-nof-16\">T\u00e4ss\u00e4 jutussa Vanhanen analysoi skenaarioita siit\u00e4, mit\u00e4 seurauksia hy\u00f6kk\u00e4yksell\u00e4 voisi olla.<\/p>\n<p><img decoding=\"async\" src=\"https:\/\/www.europesays.com\/fi\/wp-content\/uploads\/2026\/01\/1767641708_274_468.jpg\" alt=\"Gr\u00f6nlannin lippu auringon noustessa p\u00e4\u00e4kaupunki Nuukissa helmikuussa 2025.\" class=\"_Img_1rerz_1\" style=\"aspect-ratio:1.5\" loading=\"eager\"\/><\/p>\n<p class=\"article-picture-caption\">Gr\u00f6nlannin lippu auringon noustessa p\u00e4\u00e4kaupunki Nuukissa helmikuussa 2025. Kuva:\u00a0Reuters<\/p>\n<p><img decoding=\"async\" src=\"https:\/\/images.sanoma-sndp.fi\/4aa0ebd2be0d6b516a18a03da9292613.svg\" alt=\"\" class=\"_Img_1rerz_1\" style=\"aspect-ratio:1.3666666666666667\" loading=\"eager\"\/><img decoding=\"async\" src=\"https:\/\/www.europesays.com\/fi\/wp-content\/uploads\/2026\/01\/1767641709_189_468.jpg\" alt=\"Jos Yhdysvallat todella hy\u00f6kk\u00e4isi Gr\u00f6nlantiin, olisi Henri Vanhasen mukaan seurauksena \u201dNaton ennenn\u00e4kem\u00e4t\u00f6n halvaantuminen\u201d.\" class=\"_Img_1rerz_1\" style=\"aspect-ratio:1.5\" loading=\"eager\"\/><\/p>\n<p class=\"article-picture-caption\">Jos Yhdysvallat todella hy\u00f6kk\u00e4isi Gr\u00f6nlantiin, olisi Henri Vanhasen mukaan seurauksena \u201dNaton ennenn\u00e4kem\u00e4t\u00f6n halvaantuminen\u201d. Kuva:\u00a0Lassi Rinne<\/p>\n<p>1. Nopea, strateginen haltuunotto<img decoding=\"async\" src=\"https:\/\/www.europesays.com\/fi\/wp-content\/uploads\/2026\/01\/1767641709_16_468.jpg\" alt=\"Tanskan joukot sotaharjoituksessa syyskuussa 2025.\" class=\"_Img_1rerz_1\" style=\"aspect-ratio:1.5011727912431587\" loading=\"eager\"\/><\/p>\n<p class=\"article-picture-caption\">Tanskan joukot sotaharjoituksessa syyskuussa 2025. Kuva:\u00a0 REUTERS\/Guglielmo Mangiapane<\/p>\n<p class=\"article-body mb-nof-24 px-nof-16\">Perinteisen maihinnousun sijaan Gr\u00f6nlannin valtaaminen olisi Yhdysvalloille ennemmin nopea, strateginen haltuunotto, arvioi Vanhanen.<\/p>\n<p class=\"article-body mb-nof-24 px-nof-16\">T\u00e4m\u00e4 johtuu siit\u00e4, ettei Gr\u00f6nlannilla tai Tanskalla ole sellaista sotilaallista puolustusta, joka pystyisi vastaamaan Yhdysvaltojen sotilaalliseen ylivoimaan.<\/p>\n<p class=\"article-body mb-nof-24 px-nof-16\">\u2013 Sotilaallinen vastarinta olisi niin minimaalista tai olematonta, ettei konflikti ratkeaisi mill\u00e4\u00e4n taistelukentill\u00e4, vaan poliittisella ja institutionaalisella tasolla, Vanhanen sanoo.<\/p>\n<p class=\"article-body mb-nof-24 px-nof-16\">Vanhanen arvioi, ett\u00e4 Yhdysvallat laajentaisi olemassa olevia tukikohtiaan ja ottaisi haltuun maan keskeist\u00e4 infrastruktuuria, kuten lentokentti\u00e4, satamia ja viestint\u00e4yhteyksi\u00e4.<\/p>\n<p>2. Gr\u00f6nlanti j\u00e4isi yksin<img decoding=\"async\" src=\"https:\/\/www.europesays.com\/fi\/wp-content\/uploads\/2026\/01\/1767641709_395_468.jpg\" alt=\"Tanskan kuninkaallisen laivaston fregatti HDMS Triton ohittaa j\u00e4\u00e4vuoren Gr\u00f6nlannin vesill\u00e4.\" class=\"_Img_1rerz_1\" style=\"aspect-ratio:1.6\" loading=\"eager\"\/><\/p>\n<p class=\"article-picture-caption\">Tanskan kuninkaallisen laivaston fregatti HDMS Triton ohittaa j\u00e4\u00e4vuoren Gr\u00f6nlannin vesill\u00e4. Kuva:\u00a0NATO<\/p>\n<p class=\"article-body mb-nof-24 px-nof-16\">Hy\u00f6kk\u00e4yksen toteuduttua Gr\u00f6nlanti j\u00e4isi asian kanssa lopulta melko yksin, Vanhanen arvelee.<\/p>\n<p class=\"article-body mb-nof-24 px-nof-16\">Vanhasen mukaan Tanska tuskin voisi saada apua Nato-mailta, jolloin sen ainoa vaihtoehto olisi tukeutua muiden liittolaistensa apuun. Sit\u00e4 tuskin heruisi, sill\u00e4 Yhdysvallat on monelle Euroopan maalle ensiarvoisen t\u00e4rke\u00e4 liittolainen sotilaallisesti ja taloudellisesti.<\/p>\n<p class=\"article-body mb-nof-24 px-nof-16\">\u2013 Monet varmaan tuomitsisivat teon. Mutta mit\u00e4 k\u00e4yt\u00e4nn\u00f6ss\u00e4 teht\u00e4isiin, on ihan toinen kysymys. En tied\u00e4, olisiko hirve\u00e4sti keinoja aidosti vastustaa t\u00e4llaista liikett\u00e4.<\/p>\n<p class=\"article-body mb-nof-24 px-nof-16\">Vanhasen mukaan Euroopan unioni todenn\u00e4k\u00f6isesti reagoisi jyrk\u00e4sti ja asettaisi pakotteita ja erist\u00e4isi Yhdysvaltoja diplomaattisesti. N\u00e4iden toimien vaikutukset olisivat kuitenkin hyvin rajallisia, h\u00e4n sanoo.<\/p>\n<p class=\"article-body mb-nof-24 px-nof-16\">Irlantilaisyliopiston tutkija <a class=\"font-bold underline-offset-[0.12em] [text-decoration:var(--person-link-text-decoration)] ![text-decoration-color:var(--person-link-text-decoration-color)]\" href=\"https:\/\/www.is.fi\/haku\/?query=Federica%20Fazio\" rel=\"nofollow noopener\" target=\"_blank\">Federica Fazio<\/a> arvioi aiemmin <a class=\"underline underline-offset-[0.12em] [text-decoration-thickness:var(--generic-link-underline-thickness)] [text-decoration-color:var(--generic-link-underline-color)] [text-decoration-skip-ink:var(--generic-link-underline-skip-ink)] break-words\" href=\"https:\/\/dcubrexitinstitute.eu\/2025\/01\/what-happens-if-trump-invades-greenland\/\" rel=\"nofollow noopener\" target=\"_blank\">analyysissaan<\/a>, etteiv\u00e4t Naton artikla 5 tai EU:n keskin\u00e4isen avunannon lauseke v\u00e4ltt\u00e4m\u00e4tt\u00e4 antaisi Tanskalle oikeutta pyyt\u00e4\u00e4 apua muilta EU-mailta alueensa puolustukseen. Ja vaikka antaisivat, olisi Fazion mukaan kyseess\u00e4 vain symbolinen ele.<\/p>\n<p class=\"article-body mb-nof-24 px-nof-16\">\u2013 Eurooppalaisilla mailla ei ole sotilasvoimaa, jolla seisoa tehokkaasti Yhdysvaltoja vastaan, Fazio kirjoitti.<\/p>\n<p class=\"article-body mb-nof-24 px-nof-16\">Vanhanen uskoo, ett\u00e4 Gr\u00f6nlanti itse osoittaisi voimakasta vastarintaa.<\/p>\n<p class=\"article-body mb-nof-24 px-nof-16\">\u2013 Gr\u00f6nlannista voisi tulla poliittisesti ep\u00e4vakaa alue, jossa Yhdysvaltojen l\u00e4sn\u00e4olo saattaisi vaatia jatkuvaa turvallisuusresurssien sitomista ilman selke\u00e4\u00e4 poliittista loppuratkaisua.<\/p>\n<p>3. Nato ajautuisi kriisiin<img decoding=\"async\" src=\"https:\/\/www.europesays.com\/fi\/wp-content\/uploads\/2026\/01\/1767641709_133_468.jpg\" alt=\"Naton vuosittainen Steadfast Noon -ydinaseharjoitus vuonna 2024.\" class=\"_Img_1rerz_1\" style=\"aspect-ratio:1.761467889908257\" loading=\"eager\"\/><\/p>\n<p class=\"article-picture-caption\">Naton vuosittainen Steadfast Noon -ydinaseharjoitus vuonna 2024. Kuva:\u00a0NATO<\/p>\n<p class=\"article-body mb-nof-24 px-nof-16\">Vanhasen mukaan hy\u00f6kk\u00e4ys olisi Natolle valtava kriisi, jonka seurauksena olisi \u201dNaton ennenn\u00e4kem\u00e4t\u00f6n halvaantuminen\u201d.<\/p>\n<p class=\"article-body mb-nof-24 px-nof-16\">Silloin Nato joutuisi valitsemaan kahden vaihtoehdon v\u00e4lilt\u00e4: joko se sivuuttaisi omat peruss\u00e4\u00e4nt\u00f6ns\u00e4 tai se ajautuisi poliittiseen kriisiin Yhdysvaltojen kanssa.<\/p>\n<p class=\"article-body mb-nof-24 px-nof-16\">\u2013 Kumpikin vaihtoehdoista rapauttaisi Natoa ja sen uskottavuutta syv\u00e4sti.<\/p>\n<p class=\"article-body mb-nof-24 px-nof-16\">Hy\u00f6kk\u00e4ys antaisi Vanhasen mukaan muille maille k\u00e4ytt\u00f6\u00f6n vaarallisen argumentin, joka lis\u00e4isi turvattomuutta maailmalla: jos suurvalta voi ottaa liittolaisensa alueen, miksi muutkin eiv\u00e4t voisi tehd\u00e4 niin?<\/p>\n<p class=\"article-body mb-nof-24 px-nof-16\">\u2013 T\u00e4m\u00e4 tuskin j\u00e4isi pelk\u00e4ksi retoriseksi aseeksi, vaan se voisi muuttaa koko kansainv\u00e4lisen j\u00e4rjestelm\u00e4n toimintalogiikkaa.<\/p>\n<p class=\"article-body mb-nof-24 px-nof-16\">Vanhasen mukaan Yhdysvallat itse maksaisi teosta kovan hinnan, kun se menett\u00e4isi uskottavuutensa liittolaistensa edess\u00e4.<\/p>\n<p class=\"article-body mb-nof-24 px-nof-16\">\u2013 Sotilaallinen onnistuminen olisi Yhdysvalloille l\u00e4hes varmaa, mutta strateginen ep\u00e4onnistuminen l\u00e4hes v\u00e4ist\u00e4m\u00e4t\u00f6nt\u00e4.<\/p>\n<p class=\"article-body mb-nof-24 px-nof-16\">Toisaalta Vanhanen n\u00e4kee, ett\u00e4 monilla j\u00e4senmailla, my\u00f6s Suomella, olisi yh\u00e4 halua pit\u00e4\u00e4 Nato pystyss\u00e4.<\/p>\n<p class=\"article-body mb-nof-24 px-nof-16\">H\u00e4n my\u00f6s muistuttaa, ett\u00e4 Naton sis\u00e4ll\u00e4 on ollut ennenkin j\u00e4nnitteit\u00e4, kun Kreikka ja Turkki ovat kiistelleet Egeanmeren saarten ja merialueiden rajoista.<\/p>\n<p class=\"article-body mb-nof-24 px-nof-16\">\u2013 Mutta olisi tietysti paljon suurempi asia, jos Naton suurin ja vaikutusvaltaisin j\u00e4senmaan ryhtyisi toimimaan mielivaltaisesti toisten j\u00e4senmaiden alueiden osalta.<\/p>\n<p>4. Suomen turvallisuus horjuisi<\/p>\n<p class=\"article-body mb-nof-24 px-nof-16\">Vanhasen mukaan hy\u00f6kk\u00e4ys olisi \u201d\u00e4\u00e4rimm\u00e4isen iso varoitus\u201d my\u00f6s Suomelle.<\/p>\n<p class=\"article-body mb-nof-24 px-nof-16\">\u2013 Varoitus siit\u00e4, ettei riit\u00e4, ett\u00e4 on Yhdysvalloille lojaali liittolainen. Nykyisist\u00e4 liittolaisistakin voi tulla nopeasti kohteita, joihin kohdistaa kovaa painetta.<\/p>\n<p class=\"article-body mb-nof-24 px-nof-16\">Hy\u00f6kk\u00e4yksen toteutuessa Suomi joutuisi Vanhasen mukaan ik\u00e4\u00e4n kuin puun ja kuoren v\u00e4liin. Toisaalta Suomen pit\u00e4isi olla entist\u00e4 varovaisempi Yhdysvaltojen kritisoimisen suhteen, mutta toisaalta puolustaa Tanskaa osana Pohjoismaiden v\u00e4list\u00e4 yhteisty\u00f6t\u00e4.<\/p>\n<p class=\"article-body mb-nof-24 px-nof-16\">\u2013 Se olisi meille \u00e4\u00e4rimm\u00e4isen vaikea paikka.<\/p>\n<p class=\"article-body mb-nof-24 px-nof-16\">Molemmilla puolilla vaara olisi suuri: se, ett\u00e4 Suomen oma turvallisuus horjuisi.<\/p>\n<p>5. Kiina ja Ven\u00e4j\u00e4 vahvistaisivat asemiaan arktisella alueella<img decoding=\"async\" src=\"https:\/\/www.europesays.com\/fi\/wp-content\/uploads\/2026\/01\/1767641710_154_468.jpg\" alt=\"Ven\u00e4j\u00e4n presidentti Vladimir Putin piti uudenvuodenpuheensa.\" class=\"_Img_1rerz_1\" style=\"aspect-ratio:1.6216216216216217\" loading=\"eager\"\/><\/p>\n<p class=\"article-picture-caption\">Ven\u00e4j\u00e4n presidentti Vladimir Putin piti uudenvuodenpuheensa. Kuva:\u00a0Mikhail Metzel\/\/Planet Pix \/ZUMA <\/p>\n<p><img decoding=\"async\" src=\"https:\/\/www.europesays.com\/fi\/wp-content\/uploads\/2026\/01\/1767641710_61_468.jpg\" alt=\"Xi Jinpingin johtama Kiina on pyrkinyt lis\u00e4\u00e4m\u00e4\u00e4n aktiivisuuttaan arktisella alueella jo pitk\u00e4\u00e4n.\" class=\"_Img_1rerz_1\" style=\"aspect-ratio:1.3417190775681342\" loading=\"eager\"\/><\/p>\n<p class=\"article-picture-caption\">Xi Jinpingin johtama Kiina on pyrkinyt lis\u00e4\u00e4m\u00e4\u00e4n aktiivisuuttaan arktisella alueella jo pitk\u00e4\u00e4n. Kuva:\u00a0Xie Huanchi\/Xinhua\/ ZUMA <\/p>\n<p class=\"article-body mb-nof-24 px-nof-16\">Vanhanen n\u00e4kee, ett\u00e4 hy\u00f6kk\u00e4yksen toteutuessa my\u00f6s Ven\u00e4j\u00e4 ja Kiina kiirehtisiv\u00e4t vastustamaan tekoa ja vetoamaan kansainv\u00e4liseen oikeuteen ja s\u00e4\u00e4nt\u00f6ihin, kuten maat tekiv\u00e4t esimerkiksi Venezuelan kohdalla.<\/p>\n<p class=\"article-body mb-nof-24 px-nof-16\">Ukrainassa sotiminen vaikeuttaisi Ven\u00e4j\u00e4n kyky\u00e4 reagoida tilanteeseen sotilaallisesti. Ennen pitk\u00e4\u00e4 niin kuitenkin tapahtuisi: Ven\u00e4j\u00e4 lis\u00e4isi joukkojaan arktiselle alueelle, Vanhanen arvelee.<\/p>\n<p class=\"article-body mb-nof-24 px-nof-16\">Kiina on pyrkinyt lis\u00e4\u00e4m\u00e4\u00e4n aktiivisuuttaan arktisella alueella jo pitk\u00e4\u00e4n, ja Vanhasen mukaan pyrkimykset todenn\u00e4k\u00f6isesti vain lis\u00e4\u00e4ntyisiv\u00e4t, jos Yhdysvallat vahvistaisi asemiaan Gr\u00f6nlannissa.<\/p>\n<p class=\"article-body mb-nof-24 px-nof-16\">H\u00e4n huomauttaa, ett\u00e4 Ukrainan sodan my\u00f6t\u00e4 Ven\u00e4j\u00e4n riippuvuus Kiinasta on lis\u00e4\u00e4ntynyt.<\/p>\n<p class=\"article-body mb-nof-24 px-nof-16\">\u2013 Se saattaa altistaa Ven\u00e4j\u00e4n sille, ett\u00e4 jos Kiina haluaa vahvempaa taloudellista tai sotilaallista k\u00e4denj\u00e4lke\u00e4 arktiselle alueelle, Ven\u00e4j\u00e4 saattaa joutua sallimaan sen, ainakin jossain m\u00e4\u00e4rin.<\/p>\n","protected":false},"excerpt":{"rendered":"Toteutuessaan hy\u00f6kk\u00e4ys voisi muuttaa koko kansainv\u00e4lisen j\u00e4rjestelm\u00e4n toimintalogiikkaa, varoittaa asiantuntija. Viikonlopun tapahtumien j\u00e4lkeen on noussut uudella tavalla esille&hellip;\n","protected":false},"author":2,"featured_media":134320,"comment_status":"","ping_status":"","sticky":false,"template":"","format":"standard","meta":{"footnotes":""},"categories":[14],"tags":[22,23,26,27,33,31,30,17,34,24,25,28,29,15,18,21,32,19,20,56,16,59,60,61],"class_list":{"0":"post-134319","1":"post","2":"type-post","3":"status-publish","4":"format-standard","5":"has-post-thumbnail","7":"category-ulkomaat","8":"tag-breaking-news","9":"tag-breakingnews","10":"tag-featured-news","11":"tag-featurednews","12":"tag-fi","13":"tag-finland","14":"tag-finnish","15":"tag-headlines","16":"tag-ilta-sanomat","17":"tag-latest-news","18":"tag-latestnews","19":"tag-main-news","20":"tag-mainnews","21":"tag-news","22":"tag-otsikot","23":"tag-paauutiset","24":"tag-suomi","25":"tag-top-stories","26":"tag-topstories","27":"tag-ulkomaat","28":"tag-uutiset","29":"tag-world","30":"tag-world-news","31":"tag-worldnews"},"share_on_mastodon":{"url":"https:\/\/pubeurope.com\/@fi\/115844174672642010","error":""},"_links":{"self":[{"href":"https:\/\/www.europesays.com\/fi\/wp-json\/wp\/v2\/posts\/134319","targetHints":{"allow":["GET"]}}],"collection":[{"href":"https:\/\/www.europesays.com\/fi\/wp-json\/wp\/v2\/posts"}],"about":[{"href":"https:\/\/www.europesays.com\/fi\/wp-json\/wp\/v2\/types\/post"}],"author":[{"embeddable":true,"href":"https:\/\/www.europesays.com\/fi\/wp-json\/wp\/v2\/users\/2"}],"replies":[{"embeddable":true,"href":"https:\/\/www.europesays.com\/fi\/wp-json\/wp\/v2\/comments?post=134319"}],"version-history":[{"count":0,"href":"https:\/\/www.europesays.com\/fi\/wp-json\/wp\/v2\/posts\/134319\/revisions"}],"wp:featuredmedia":[{"embeddable":true,"href":"https:\/\/www.europesays.com\/fi\/wp-json\/wp\/v2\/media\/134320"}],"wp:attachment":[{"href":"https:\/\/www.europesays.com\/fi\/wp-json\/wp\/v2\/media?parent=134319"}],"wp:term":[{"taxonomy":"category","embeddable":true,"href":"https:\/\/www.europesays.com\/fi\/wp-json\/wp\/v2\/categories?post=134319"},{"taxonomy":"post_tag","embeddable":true,"href":"https:\/\/www.europesays.com\/fi\/wp-json\/wp\/v2\/tags?post=134319"}],"curies":[{"name":"wp","href":"https:\/\/api.w.org\/{rel}","templated":true}]}}