{"id":134321,"date":"2026-01-05T19:36:08","date_gmt":"2026-01-05T19:36:08","guid":{"rendered":"https:\/\/www.europesays.com\/fi\/134321\/"},"modified":"2026-01-05T19:36:08","modified_gmt":"2026-01-05T19:36:08","slug":"hiihtaja-putosi-jaihin-nain-han-pysyi-hengissa-57-minuuttia","status":"publish","type":"post","link":"https:\/\/www.europesays.com\/fi\/134321\/","title":{"rendered":"Hiiht\u00e4j\u00e4 putosi j\u00e4ihin \u2013 N\u00e4in h\u00e4n pysyi hengiss\u00e4 57 minuuttia"},"content":{"rendered":"<p>H\u00e4t\u00e4keskuslaitos jakaa rajun muiston, jossa hiiht\u00e4j\u00e4 tippui j\u00e4ihin. Hiiht\u00e4j\u00e4 pysyi elossa, kun h\u00e4t\u00e4keskusp\u00e4ivyst\u00e4j\u00e4 kannusti puhelimessa t\u00e4t\u00e4 taistelemaan kylm\u00e4\u00e4 vett\u00e4 vastaan 57 minuutin ajan. <\/p>\n<p><img decoding=\"async\" class=\"image image-show image-preview\" src=\"https:\/\/www.europesays.com\/fi\/wp-content\/uploads\/2026\/01\/ca57fa94011b82a95c8851aa9b4d95c979e5f6c3d21f6afbfbba56e6a608396f.jpg\" alt=\"\"\/><img decoding=\"async\" class=\"image image-show\" src=\"https:\/\/www.europesays.com\/fi\/wp-content\/uploads\/2026\/01\/1767641768_416_ca57fa94011b82a95c8851aa9b4d95c979e5f6c3d21f6afbfbba56e6a608396f.jpg\" alt=\"\"\/><\/p>\n<p>Vaikka kiristyneet pakkaset vahvistavat j\u00e4it\u00e4, j\u00e4\u00e4t pysyv\u00e4t tavallista talvea heikompina viel\u00e4 pitk\u00e4\u00e4n. Kaisa Vehkalahti<\/p>\n<p class=\"paragraph\">H\u00e4t\u00e4keskuslaitos on jakanut Facebook-sivuillensa muiston er\u00e4\u00e4st\u00e4 pelastusoperaatiosta. Se on samalla t\u00e4rke\u00e4 muistutus siit\u00e4, miksi heikoille j\u00e4ille ei saa menn\u00e4.<\/p>\n<p class=\"paragraph\">Tammikuussa 2022 yksin hiiht\u00e4m\u00e4\u00e4n l\u00e4htenyt mies putosi avantoon keskell\u00e4 vaikeakulkuista maastoa.<\/p>\n<p class=\"paragraph\">H\u00e4t\u00e4keskuslaitoksen mukaan olosuhteet olivat huonot, sill\u00e4 pakkasta oli \u20135 astetta ja l\u00e4himp\u00e4\u00e4n taajamaan matkaa 15 kilometri\u00e4.<\/p>\n<p class=\"paragraph\">\u2013 Hiiht\u00e4j\u00e4n oli mahdoton p\u00e4\u00e4st\u00e4 omin avuin pois avannosta. Miehell\u00e4 oli kuitenkin onnea matkassa, sill\u00e4 h\u00e4n onnistui soittamaan h\u00e4t\u00e4numeroon 112 kastuneella puhelimellaan. Siit\u00e4 alkoi kamppailu aikaa vastaan, julkaisussa kerrotaan.<\/p>\n<p>57 minuutin taistelu<\/p>\n<p class=\"paragraph\">H\u00e4t\u00e4keskusp\u00e4ivyst\u00e4j\u00e4 ohjeisti ja kannusti avannossa olevaa hiiht\u00e4j\u00e4\u00e4 taistelemaan kylmyytt\u00e4 vastaan per\u00e4ti 57 minuutin ajan. H\u00e4t\u00e4keskus selvitti samalla tarkkaa uppoamispaikkaa ja ohjeisti auttavia viranomaisia paikan p\u00e4\u00e4lle.<\/p>\n<p class=\"paragraph\">\u2013 Teht\u00e4v\u00e4 oli eritt\u00e4in haastava ep\u00e4selvien paikkatietojen vuoksi. Hiiht\u00e4j\u00e4 oli yksin liikkeell\u00e4 maastossa, joka oli kaukana yleiselt\u00e4 tielt\u00e4 ja vaikean kulkumatkan p\u00e4\u00e4ss\u00e4.<\/p>\n<p class=\"paragraph\">\u2013 H\u00e4n oli peloissaan, kylmiss\u00e4\u00e4n ja tiesi, ett\u00e4 vaarana oli paleltua kuoliaaksi kylm\u00e4ss\u00e4 vedess\u00e4.<\/p>\n<p class=\"paragraph\">Jos julkaisu ei n\u00e4y, katso se <a href=\"https:\/\/www.facebook.com\/hatakeskuslaitos\/posts\/pfbid02Yc2AGfJZ797gPdGtNqRXvNzs1gvjjBEn51vAdQEKo1RbVZLiPPopT95txUxddgVRl\" target=\"_blank\" rel=\"noopener nofollow\">t\u00e4\u00e4lt\u00e4<\/a>.<\/p>\n<p class=\"paragraph\">Monien vaiheiden j\u00e4lkeen auttavat viranomaiset lopulta l\u00f6ysiv\u00e4t miehen. H\u00e4t\u00e4keskuslaitoksen mukaan viranomaiset juoksivat hoitotarvikkeiden kanssa puolen kilometrin matkan uppoamispaikalle lumisessa maastossa.<\/p>\n<p class=\"paragraph\">\u2013 Hiiht\u00e4j\u00e4 pelastui toimivan puhelimen, h\u00e4t\u00e4keskusp\u00e4ivyst\u00e4j\u00e4n m\u00e4\u00e4r\u00e4tietoisuuden ja auttamisen ketjun yhteisty\u00f6n ansiosta.<\/p>\n<p class=\"paragraph\">\u2013 Kun h\u00e4t\u00e4tilanne tapahtuu maastossa tai vesill\u00e4, tilanne voi olla hyvin vaikeaselkoista. T\u00e4rkeint\u00e4 on tiet\u00e4\u00e4, miss\u00e4 olet, ja varoa heikkoja j\u00e4it\u00e4.<\/p>\n<p class=\"paragraph\">Vaikka tammikuu on alkanut kovissa pakkasissa, niin heikkoja j\u00e4it\u00e4 on edelleen varottava suuressa osassa Suomea, kertoo viranomaisten yll\u00e4pit\u00e4m\u00e4 <a href=\"https:\/\/www.vesi.fi\/jaatilanne\/\" target=\"_blank\" rel=\"noopener nofollow\">Vesi.fi -sivusto<\/a>.<\/p>\n<p class=\"paragraph\">Lapissa ja Koillismaalla j\u00e4\u00e4tilanne on vuodenvaihteelle tyypillinen. Muualla maassa j\u00e4\u00e4t\u00e4 on huomattavasti v\u00e4hemm\u00e4n kuin t\u00e4h\u00e4n aikaan talvesta yleens\u00e4 ja j\u00e4\u00e4ll\u00e4 liikkuminen on vaarallista.<\/p>\n<p class=\"paragraph\">Maan etel\u00e4- ja keskiosissa j\u00e4\u00e4npaksuuksia ei monilla j\u00e4rvill\u00e4 ole viel\u00e4 saatu mitattua. Etel\u00e4isimm\u00e4ss\u00e4 Suomessa j\u00e4rvet ovat vasta j\u00e4\u00e4tym\u00e4ss\u00e4. It\u00e4-Suomessa, pohjalaismaakunnissa ja Kainuussa j\u00e4\u00e4t\u00e4 on j\u00e4rvill\u00e4 p\u00e4\u00e4osin 5\u201320 cm.<\/p>\n<p class=\"paragraph\">Vaikka kiristyneet pakkaset vahvistavat j\u00e4it\u00e4, j\u00e4\u00e4t pysyv\u00e4t tavallista talvea heikompina viel\u00e4 pitk\u00e4\u00e4n.<\/p>\n","protected":false},"excerpt":{"rendered":"H\u00e4t\u00e4keskuslaitos jakaa rajun muiston, jossa hiiht\u00e4j\u00e4 tippui j\u00e4ihin. Hiiht\u00e4j\u00e4 pysyi elossa, kun h\u00e4t\u00e4keskusp\u00e4ivyst\u00e4j\u00e4 kannusti puhelimessa t\u00e4t\u00e4 taistelemaan kylm\u00e4\u00e4&hellip;\n","protected":false},"author":2,"featured_media":134322,"comment_status":"","ping_status":"","sticky":false,"template":"","format":"standard","meta":{"footnotes":""},"categories":[12],"tags":[35,22,23,26,27,33,31,30,17,24,25,28,29,15,120,18,21,122,54,710,32,19,20,546,16],"class_list":{"0":"post-134321","1":"post","2":"type-post","3":"status-publish","4":"format-standard","5":"has-post-thumbnail","7":"category-suomi","8":"tag-24h","9":"tag-breaking-news","10":"tag-breakingnews","11":"tag-featured-news","12":"tag-featurednews","13":"tag-fi","14":"tag-finland","15":"tag-finnish","16":"tag-headlines","17":"tag-latest-news","18":"tag-latestnews","19":"tag-main-news","20":"tag-mainnews","21":"tag-news","22":"tag-onnettomuustapaus","23":"tag-otsikot","24":"tag-paauutiset","25":"tag-pelastaminen","26":"tag-pelastuspalvelut","27":"tag-saa","28":"tag-suomi","29":"tag-top-stories","30":"tag-topstories","31":"tag-turvallisuus","32":"tag-uutiset"},"share_on_mastodon":{"url":"https:\/\/pubeurope.com\/@fi\/115844178502635484","error":""},"_links":{"self":[{"href":"https:\/\/www.europesays.com\/fi\/wp-json\/wp\/v2\/posts\/134321","targetHints":{"allow":["GET"]}}],"collection":[{"href":"https:\/\/www.europesays.com\/fi\/wp-json\/wp\/v2\/posts"}],"about":[{"href":"https:\/\/www.europesays.com\/fi\/wp-json\/wp\/v2\/types\/post"}],"author":[{"embeddable":true,"href":"https:\/\/www.europesays.com\/fi\/wp-json\/wp\/v2\/users\/2"}],"replies":[{"embeddable":true,"href":"https:\/\/www.europesays.com\/fi\/wp-json\/wp\/v2\/comments?post=134321"}],"version-history":[{"count":0,"href":"https:\/\/www.europesays.com\/fi\/wp-json\/wp\/v2\/posts\/134321\/revisions"}],"wp:featuredmedia":[{"embeddable":true,"href":"https:\/\/www.europesays.com\/fi\/wp-json\/wp\/v2\/media\/134322"}],"wp:attachment":[{"href":"https:\/\/www.europesays.com\/fi\/wp-json\/wp\/v2\/media?parent=134321"}],"wp:term":[{"taxonomy":"category","embeddable":true,"href":"https:\/\/www.europesays.com\/fi\/wp-json\/wp\/v2\/categories?post=134321"},{"taxonomy":"post_tag","embeddable":true,"href":"https:\/\/www.europesays.com\/fi\/wp-json\/wp\/v2\/tags?post=134321"}],"curies":[{"name":"wp","href":"https:\/\/api.w.org\/{rel}","templated":true}]}}